{"id":8821,"date":"2025-04-07T22:04:40","date_gmt":"2025-04-07T22:04:40","guid":{"rendered":"https:\/\/www.europesays.com\/fr\/8821\/"},"modified":"2025-04-07T22:04:40","modified_gmt":"2025-04-07T22:04:40","slug":"septuagenaire-battue-a-mort-a-rennes-un-homme-arrete","status":"publish","type":"post","link":"https:\/\/www.europesays.com\/fr\/8821\/","title":{"rendered":"Septuag\u00e9naire battue \u00e0 mort \u00e0 Rennes\u00a0: un homme arr\u00eat\u00e9"},"content":{"rendered":"<p class=\"paragraph text_align_left\">Cinq jours apr\u00e8s le drame, une arrestation a eu lieu ce lundi. Un homme de 39 ans a \u00e9t\u00e9 arr\u00eat\u00e9 apr\u00e8s <a href=\"https:\/\/www.leparisien.fr\/faits-divers\/une-septuagenaire-victime-dun-home-jacking-a-rennes-et-battue-a-mort-26-03-2025-OVUVSOLEVZF3HINGKCPXC2EEZQ.php\" target=\"_blank\" rel=\"noopener\">la d\u00e9couverte, mercredi dernier, du corps d\u2019une femme de 73 ans<\/a> dans le centre de Rennes (Ille-et-Vilaine), indique au Parisien une source proche de l\u2019enqu\u00eate. <\/p>\n<p class=\"paragraph text_align_left\">La septuag\u00e9naire est d\u00e9c\u00e9d\u00e9e \u00ab des suites de ses blessures apr\u00e8s avoir \u00e9t\u00e9 violemment frapp\u00e9e par deux individus qui avaient tent\u00e9 de rentrer dans son logement \u00bb, avait d\u00e9clar\u00e9 une source polici\u00e8re.<\/p>\n<p class=\"paragraph text_align_left\">Depuis, aucune interpellation n\u2019avait eu lieu. Selon nos informations, l\u2019ADN pr\u00e9lev\u00e9 sur les lieux du meurtre qui aurait conduit \u00e0 cette arrestation.<\/p>\n<p>Enqu\u00eate ouverte pour \u00ab vol aggrav\u00e9 \u00bb et \u00ab meurtre aggrav\u00e9 \u00bb<\/p>\n<p class=\"paragraph text_align_left\">Le procureur de la R\u00e9publique de Rennes, Fr\u00e9d\u00e9ric Teillet, a annonc\u00e9 la semaine derni\u00e8re qu\u2019une enqu\u00eate avait \u00e9t\u00e9 ouverte \u00ab pour vol aggrav\u00e9 par deux circonstances (en r\u00e9union et dans un lieu d\u2019habitation) et meurtre aggrav\u00e9 \u00bb. Elle a \u00e9t\u00e9 confi\u00e9e \u00e0 la Division de la criminalit\u00e9 organis\u00e9e et sp\u00e9cialis\u00e9e (DCOS, ex-Police judiciaire) de Rennes.<\/p>\n<p class=\"paragraph text_align_left\">Une \u00ab tentative de cambriolage \u00bb qui aurait mal tourn\u00e9 a \u00e9t\u00e9 \u00e9voqu\u00e9e dans un premier temps. Mais <a href=\"https:\/\/www.letelegramme.fr\/ille-et-vilaine\/rennes-35000\/meurtre-de-monique-a-rennes-ces-indices-qui-pourraient-permettre-delucider-ce-cambriolage-qui-a-mal-tourne-6786426.php\" target=\"_blank\" rel=\"noopener\">Le T\u00e9l\u00e9gramme<\/a>, citant une voisine de la victime, a fait \u00e9tat d\u2019une altercation mardi soir entre la septuag\u00e9naire et un homme d\u2019une quarantaine d\u2019ann\u00e9es. \u00ab Je les ai s\u00e9par\u00e9s et j\u2019ai conseill\u00e9 \u00e0 (la victime) de s\u2019enfermer \u00e0 double tour chez elle \u00bb, a-t-elle d\u00e9clar\u00e9.<\/p>\n<p class=\"paragraph text_align_left\">D\u2019autre part, la septuag\u00e9naire avait d\u00e9pos\u00e9 plusieurs plaintes contre un autre habitant, a d\u00e9clar\u00e9 au quotidien une autre voisine.<\/p>\n","protected":false},"excerpt":{"rendered":"Cinq jours apr\u00e8s le drame, une arrestation a eu lieu ce lundi. Un homme de 39 ans a&hellip;\n","protected":false},"author":2,"featured_media":8822,"comment_status":"","ping_status":"","sticky":false,"template":"","format":"standard","meta":{"footnotes":""},"categories":[2821],"tags":[1111,11,829,459,1777,674,118,1011,27,4517,12,584,25],"class_list":{"0":"post-8821","1":"post","2":"type-post","3":"status-publish","4":"format-standard","5":"has-post-thumbnail","7":"category-rennes","8":"tag-actu","9":"tag-actualites","10":"tag-bretagne","11":"tag-departements-horsidfo","12":"tag-eu","13":"tag-europe","14":"tag-faits-divers","15":"tag-fr","16":"tag-france","17":"tag-ille-et-vilaine-35","18":"tag-news","19":"tag-rennes","20":"tag-republique-francaise"},"share_on_mastodon":{"url":"https:\/\/pubeurope.com\/@fr\/114298949676462377","error":""},"_links":{"self":[{"href":"https:\/\/www.europesays.com\/fr\/wp-json\/wp\/v2\/posts\/8821","targetHints":{"allow":["GET"]}}],"collection":[{"href":"https:\/\/www.europesays.com\/fr\/wp-json\/wp\/v2\/posts"}],"about":[{"href":"https:\/\/www.europesays.com\/fr\/wp-json\/wp\/v2\/types\/post"}],"author":[{"embeddable":true,"href":"https:\/\/www.europesays.com\/fr\/wp-json\/wp\/v2\/users\/2"}],"replies":[{"embeddable":true,"href":"https:\/\/www.europesays.com\/fr\/wp-json\/wp\/v2\/comments?post=8821"}],"version-history":[{"count":0,"href":"https:\/\/www.europesays.com\/fr\/wp-json\/wp\/v2\/posts\/8821\/revisions"}],"wp:featuredmedia":[{"embeddable":true,"href":"https:\/\/www.europesays.com\/fr\/wp-json\/wp\/v2\/media\/8822"}],"wp:attachment":[{"href":"https:\/\/www.europesays.com\/fr\/wp-json\/wp\/v2\/media?parent=8821"}],"wp:term":[{"taxonomy":"category","embeddable":true,"href":"https:\/\/www.europesays.com\/fr\/wp-json\/wp\/v2\/categories?post=8821"},{"taxonomy":"post_tag","embeddable":true,"href":"https:\/\/www.europesays.com\/fr\/wp-json\/wp\/v2\/tags?post=8821"}],"curies":[{"name":"wp","href":"https:\/\/api.w.org\/{rel}","templated":true}]}}