{"id":88215,"date":"2025-05-10T01:47:19","date_gmt":"2025-05-10T01:47:19","guid":{"rendered":"https:\/\/www.europesays.com\/fr\/88215\/"},"modified":"2025-05-10T01:47:19","modified_gmt":"2025-05-10T01:47:19","slug":"macron-et-tusk-signent-a-nancy-un-traite-damitie-franco-polonais-a-forte-dimension-securitaire-09-05-2025-a-1850","status":"publish","type":"post","link":"https:\/\/www.europesays.com\/fr\/88215\/","title":{"rendered":"Macron et Tusk signent \u00e0 Nancy un trait\u00e9 d&rsquo;amiti\u00e9 franco-polonais \u00e0 forte dimension s\u00e9curitaire &#8211; 09\/05\/2025 \u00e0 18:50"},"content":{"rendered":"<p>        <img fetchpriority=\"high\" decoding=\"async\" src=\"https:\/\/www.europesays.com\/fr\/wp-content\/uploads\/2025\/05\/e91cf97e62388e25d21768f3521126ee-760x508.jpg\" alt=\"Rencontre avec les dirigeants europ\u00e9ens et le pr\u00e9sident ukrainien Volodymyr Zelenskiy sur la paix et la s\u00e9curit\u00e9 pour l'Ukraine au Palais de l'Elys\u00e9e \u00e0 Paris\" loading=\"eager\" width=\"760\" height=\"508\" style=\"max-width: 100%!important; height: auto;\"\/><\/p>\n<p class=\"c-image-news__legend\">Rencontre avec les dirigeants europ\u00e9ens et le pr\u00e9sident ukrainien Volodymyr Zelenskiy sur la paix et la s\u00e9curit\u00e9 pour l&rsquo;Ukraine au Palais de l&rsquo;Elys\u00e9e \u00e0 Paris<\/p>\n<p>\n par Elizabeth Pineau\n<\/p>\n<p>\n NANCY, Meurthe-et-Moselle (Reuters) -Le pr\u00e9sident fran\u00e7ais Emmanuel Macron et le Premier ministre polonais Donald Tusk ont sign\u00e9 \u00e0 Nancy (Meurthe-et-Moselle) vendredi un trait\u00e9 renfor\u00e7ant dans des domaines comme la s\u00e9curit\u00e9 et l&rsquo;\u00e9nergie la coop\u00e9ration de leurs deux pays sur fond d&rsquo;inqui\u00e9tudes li\u00e9es au conflit en Ukraine.\n<\/p>\n<p>\n \u00ab\u00a0C&rsquo;est un trait\u00e9 qui, sur l&rsquo;\u00e9nergie, l&rsquo;\u00e9conomie, la d\u00e9fense, va nous permettre d&rsquo;avancer ensemble et aussi de tirer toutes les cons\u00e9quences de ce nouvel ordre du monde\u00a0\u00bb, a dit Emmanuel Macron, qui a d\u00e9jeun\u00e9 avec Donald Tusk avant la signature du trait\u00e9 et une conf\u00e9rence de presse o\u00f9 les dirigeants ont insist\u00e9 sur les liens historiques unissant leurs nations.\n<\/p>\n<p>\n A l&rsquo;image des trait\u00e9s d&rsquo;Aix-la-Chapelle, du Quirinal et de Barcelone, sign\u00e9s avec l&rsquo;Allemagne, l&rsquo;Italie et l&rsquo;Espagne respectivement, ce \u00ab\u00a0trait\u00e9 d&rsquo;amiti\u00e9 et de coop\u00e9ration renforc\u00e9e\u00a0\u00bb paraph\u00e9 lors de la journ\u00e9e de l&rsquo;Europe entend consolider la relation entre la France, pays fondateur de l&rsquo;Union europ\u00e9enne, et la Pologne, membre depuis 2004.\n<\/p>\n<p>\n Il intervient \u00e0 un moment riche en symboles, le jour o\u00f9 Moscou organise un grand d\u00e9fil\u00e9 militaire en pr\u00e9sence du pr\u00e9sident chinois Xi Jinping et \u00e0 la veille d&rsquo;un sommet des dirigeants de la \u00ab\u00a0coalition des volontaires\u00a0\u00bb annonc\u00e9 par le pr\u00e9sident ukrainien Volodimir Zelensky.\n<\/p>\n<p>\n La France sera pr\u00e9sente \u00e0 cette r\u00e9union \u00ab\u00a0pour partie virtuelle et pour partie physique\u00a0\u00bb, a dit Emmanuel Macron \u00e0 Nancy sans pr\u00e9ciser s&rsquo;il y participerait en personne.\n<\/p>\n<p>\n \u00ab\u00a0En cas d&rsquo;agression arm\u00e9e sur leurs territoires, les Parties s&rsquo;assistent mutuellement, y compris par des moyens militaires\u00a0\u00bb, peut-on lire dans le trait\u00e9 d&rsquo;amiti\u00e9 qui invoque \u00ab\u00a0la fraternit\u00e9 d&rsquo;armes\u00a0\u00bb entre la France et la Pologne, et leur \u00ab\u00a0lutte commune contre les r\u00e9gimes totalitaires\u00a0\u00bb.\n<\/p>\n<p>\n Donald Tusk a particuli\u00e8rement insist\u00e9 sur l&rsquo;assistance mutuelle en mati\u00e8re de d\u00e9fense, \u00e9voquant l&rsquo;id\u00e9e d&rsquo;une \u00e9ventuelle extension du parapluie nucl\u00e9aire fran\u00e7ais \u00e0 la Pologne.\n<\/p>\n<p>\n DISSUASION NUCL\u00c9AIRE\n<\/p>\n<p>\n \u00ab\u00a0Les dispositions du trait\u00e9 sont r\u00e9volutionnaires du point de vue de notre s\u00e9curit\u00e9\u00a0\u00bb, a-t-il dit \u00e0 la presse avant de quitter Varsovie, ajoutant toutefois qu&rsquo;il ne saurait constituer une \u00ab\u00a0alternative\u00a0\u00bb aux liens traditionnels entre la Pologne et les Etats-Unis.\n<\/p>\n<p>\n \u00ab\u00a0Nous avons besoin \u00e0 la fois de l&rsquo;Am\u00e9rique et d&rsquo;une Union europ\u00e9enne forte\u00a0\u00bb, a-t-il soulign\u00e9.\n<\/p>\n<p>\n Le trait\u00e9 franco-polonais intervient alors qu&rsquo;Emmanuel Macron a propos\u00e9 en mars d&rsquo;\u00e9tendre les capacit\u00e9s nucl\u00e9aires fran\u00e7aises \u00e0 d&rsquo;autres pays europ\u00e9ens.\n<\/p>\n<p>\n \u00ab\u00a0La dissuasion nucl\u00e9aire fran\u00e7aise a une composante  europ\u00e9enne et dans ce trait\u00e9, c&rsquo;est une solidarit\u00e9 encore plus forte que nous scellons, qui permet de rendre op\u00e9rationnelle ce qu&rsquo;il y a d\u00e9j\u00e0 dans l&rsquo;article 5 de l&rsquo;Otan et le trait\u00e9 de l&rsquo;Union europ\u00e9enne\u00a0\u00bb, a dit le pr\u00e9sident fran\u00e7ais place Stanislas \u00e0 Nancy, o\u00f9 il a pris un bain de foule avec le Premier ministre polonais.\n<\/p>\n<p>\n A l&rsquo;heure o\u00f9 l&rsquo;Europe s&rsquo;inqui\u00e8te de la volont\u00e9 exprim\u00e9e par le pr\u00e9sident am\u00e9ricain Donald Trump de se d\u00e9sengager de la s\u00e9curit\u00e9 du Vieux continent, le gouvernement pro-europ\u00e9en de Varsovie souhaite diversifier ses partenariats en la mati\u00e8re pour \u00e9viter de trop d\u00e9pendre de Washington.\n<\/p>\n<p>\n Le trait\u00e9 franco-polonais t\u00e9moigne du r\u00f4le de plus en plus important jou\u00e9 par la Pologne sur la sc\u00e8ne europ\u00e9enne, gr\u00e2ce \u00e0 sa position strat\u00e9gique sur le flanc oriental du continent boulevers\u00e9 par le conflit en Ukraine.\n<\/p>\n<p>\n Membre de l&rsquo;Otan, la Pologne consacre 4,12% de sa production \u00e9conomique \u00e0 la d\u00e9fense, le pourcentage le plus \u00e9lev\u00e9 de l&rsquo;alliance.\n<\/p>\n<p>\n Le trait\u00e9 instaure une journ\u00e9e de l&rsquo;amiti\u00e9 franco-polonaise, chaque 20 avril, et pr\u00e9voit un sommet annuel entre les deux pays.\n<\/p>\n<p>\n L&rsquo;histoire de Nancy est li\u00e9e \u00e0 celle de la Pologne gr\u00e2ce \u00e0 Stanislas Leszczynski, roi de Pologne (1704-1709) devenu duc de Lorraine et de Bar en 1737.\n<\/p>\n<p>\n (Reportage Elizabeth Pineau \u00e0 Nancy, avec Anna Koper et Pawel Florkiewicz \u00e0 Varsovie, \u00e9dit\u00e9 par Kate Entringer et Blandine H\u00e9nault)<\/p>\n","protected":false},"excerpt":{"rendered":"Rencontre avec les dirigeants europ\u00e9ens et le pr\u00e9sident ukrainien Volodymyr Zelenskiy sur la paix et la s\u00e9curit\u00e9 pour&hellip;\n","protected":false},"author":2,"featured_media":88216,"comment_status":"","ping_status":"","sticky":false,"template":"","format":"standard","meta":{"footnotes":""},"categories":[9635],"tags":[400,1111,11,398,408,405,1777,674,1011,27,775,403,402,399,404,1702,12,25,401,406,407],"class_list":{"0":"post-88215","1":"post","2":"type-post","3":"status-publish","4":"format-standard","5":"has-post-thumbnail","7":"category-nancy","8":"tag-action-cac-40","9":"tag-actu","10":"tag-actualites","11":"tag-bourse-de-paris","12":"tag-boursorama","13":"tag-cotations","14":"tag-eu","15":"tag-europe","16":"tag-fr","17":"tag-france","18":"tag-grand-est","19":"tag-indices-devises","20":"tag-investir","21":"tag-investissement","22":"tag-marche-boursier","23":"tag-nancy","24":"tag-news","25":"tag-republique-francaise","26":"tag-sicav","27":"tag-trackers","28":"tag-warrants"},"share_on_mastodon":{"url":"https:\/\/pubeurope.com\/@fr\/114481020498622368","error":""},"_links":{"self":[{"href":"https:\/\/www.europesays.com\/fr\/wp-json\/wp\/v2\/posts\/88215","targetHints":{"allow":["GET"]}}],"collection":[{"href":"https:\/\/www.europesays.com\/fr\/wp-json\/wp\/v2\/posts"}],"about":[{"href":"https:\/\/www.europesays.com\/fr\/wp-json\/wp\/v2\/types\/post"}],"author":[{"embeddable":true,"href":"https:\/\/www.europesays.com\/fr\/wp-json\/wp\/v2\/users\/2"}],"replies":[{"embeddable":true,"href":"https:\/\/www.europesays.com\/fr\/wp-json\/wp\/v2\/comments?post=88215"}],"version-history":[{"count":0,"href":"https:\/\/www.europesays.com\/fr\/wp-json\/wp\/v2\/posts\/88215\/revisions"}],"wp:featuredmedia":[{"embeddable":true,"href":"https:\/\/www.europesays.com\/fr\/wp-json\/wp\/v2\/media\/88216"}],"wp:attachment":[{"href":"https:\/\/www.europesays.com\/fr\/wp-json\/wp\/v2\/media?parent=88215"}],"wp:term":[{"taxonomy":"category","embeddable":true,"href":"https:\/\/www.europesays.com\/fr\/wp-json\/wp\/v2\/categories?post=88215"},{"taxonomy":"post_tag","embeddable":true,"href":"https:\/\/www.europesays.com\/fr\/wp-json\/wp\/v2\/tags?post=88215"}],"curies":[{"name":"wp","href":"https:\/\/api.w.org\/{rel}","templated":true}]}}