{"id":88225,"date":"2025-05-10T01:54:56","date_gmt":"2025-05-10T01:54:56","guid":{"rendered":"https:\/\/www.europesays.com\/fr\/88225\/"},"modified":"2025-05-10T01:54:56","modified_gmt":"2025-05-10T01:54:56","slug":"sncf-le-trafic-des-trains-tres-perturbe-entre-lyon-et-grenoble","status":"publish","type":"post","link":"https:\/\/www.europesays.com\/fr\/88225\/","title":{"rendered":"SNCF : le trafic des trains tr\u00e8s perturb\u00e9 entre Lyon et Grenoble"},"content":{"rendered":"<p>Un d\u00e9faut d&rsquo;alimentation \u00e9lectrique perturbe la circulation des trains ce lundi 5 mai sur la ligne Grenoble &#8211; Lyon. Le retour \u00e0 la normale est pr\u00e9vu en d\u00e9but d&rsquo;apr\u00e8s-midi.<\/p>\n<p>il est d\u00e9cid\u00e9ment compliqu\u00e9 de se d\u00e9placer ce lundi 5 mai. En plus du m\u00e9tro lyonnais, <a class=\"url\" href=\"https:\/\/www.radioscoop.com\/infos\/lyon-le-metro-c-a-l-arret-ce-lundi-matin_327933\" target=\"_blank\" rel=\"noopener\">\u00e0 l&rsquo;arr\u00eat complet pour certaines lignes ce matin<\/a>, le trafic est <b>tr\u00e8s perturb\u00e9<\/b> sur la ligne ferroviaire <b>Grenoble &#8211; Lyon<\/b>.\u00a0<\/p>\n<p>Selon la SNCF, les trains ne circulent plus entre Grenoble et Saint-Andr\u00e9-le-Gaz, en raison d&rsquo;un <b>d\u00e9faut d&rsquo;alimentation \u00e9lectrique<\/b>.\u00a0<\/p>\n<p>Reprise du trafic estim\u00e9e \u00e0 13h<\/p>\n<p>Plusieurs TER entre Lyon et Grenoble ont donc \u00e9t\u00e9 <b>supprim\u00e9s<\/b> dans les deux sens, en attendant la reprise de la circulation estim\u00e9e \u00e0 <b>13h<\/b>.\u00a0<\/p>\n<p>Des \u00e9quipes sp\u00e9cialis\u00e9es sont en cours d&rsquo;intervention.\u00a0<\/p>\n<p><img loading=\"lazy\" decoding=\"async\" src=\"https:\/\/www.europesays.com\/fr\/wp-content\/uploads\/2025\/05\/1746842096_297_img\" width=\"350\" height=\"200\" border=\"0\" title=\"Un TGV\"\/><\/p>\n<p>\u25baSoci\u00e9t\u00e9<\/p>\n<p style=\"font-size: 22px;\"><b>Gr\u00e8ve \u00e0 la SNCF : \u00ab\u00a0une semaine aussi normale que possible\u00a0\u00bb<\/b><\/p>\n<p>Alors qu&rsquo;un pr\u00e9avis de gr\u00e8ve court toute cette&#8230;<\/p>\n<p><\/p>\n","protected":false},"excerpt":{"rendered":"Un d\u00e9faut d&rsquo;alimentation \u00e9lectrique perturbe la circulation des trains ce lundi 5 mai sur la ligne Grenoble &#8211;&hellip;\n","protected":false},"author":2,"featured_media":88226,"comment_status":"","ping_status":"","sticky":false,"template":"","format":"standard","meta":{"footnotes":""},"categories":[9566],"tags":[1111,11,2430,1777,674,1011,27,2731,12657,2428,12,25,19840,6472,926],"class_list":{"0":"post-88225","1":"post","2":"type-post","3":"status-publish","4":"format-standard","5":"has-post-thumbnail","7":"category-grenoble","8":"tag-actu","9":"tag-actualites","10":"tag-auvergne-rhone-alpes","11":"tag-eu","12":"tag-europe","13":"tag-fr","14":"tag-france","15":"tag-grenoble","16":"tag-lectrique","17":"tag-lyon","18":"tag-news","19":"tag-republique-francaise","20":"tag-saint-andr-le-gaz","21":"tag-ter","22":"tag-train"},"share_on_mastodon":{"url":"https:\/\/pubeurope.com\/@fr\/114481052072188084","error":""},"_links":{"self":[{"href":"https:\/\/www.europesays.com\/fr\/wp-json\/wp\/v2\/posts\/88225","targetHints":{"allow":["GET"]}}],"collection":[{"href":"https:\/\/www.europesays.com\/fr\/wp-json\/wp\/v2\/posts"}],"about":[{"href":"https:\/\/www.europesays.com\/fr\/wp-json\/wp\/v2\/types\/post"}],"author":[{"embeddable":true,"href":"https:\/\/www.europesays.com\/fr\/wp-json\/wp\/v2\/users\/2"}],"replies":[{"embeddable":true,"href":"https:\/\/www.europesays.com\/fr\/wp-json\/wp\/v2\/comments?post=88225"}],"version-history":[{"count":0,"href":"https:\/\/www.europesays.com\/fr\/wp-json\/wp\/v2\/posts\/88225\/revisions"}],"wp:featuredmedia":[{"embeddable":true,"href":"https:\/\/www.europesays.com\/fr\/wp-json\/wp\/v2\/media\/88226"}],"wp:attachment":[{"href":"https:\/\/www.europesays.com\/fr\/wp-json\/wp\/v2\/media?parent=88225"}],"wp:term":[{"taxonomy":"category","embeddable":true,"href":"https:\/\/www.europesays.com\/fr\/wp-json\/wp\/v2\/categories?post=88225"},{"taxonomy":"post_tag","embeddable":true,"href":"https:\/\/www.europesays.com\/fr\/wp-json\/wp\/v2\/tags?post=88225"}],"curies":[{"name":"wp","href":"https:\/\/api.w.org\/{rel}","templated":true}]}}