{"id":88229,"date":"2025-05-10T01:57:17","date_gmt":"2025-05-10T01:57:17","guid":{"rendered":"https:\/\/www.europesays.com\/fr\/88229\/"},"modified":"2025-05-10T01:57:17","modified_gmt":"2025-05-10T01:57:17","slug":"35-me-de-chiffre-daffaires-a-elles-deux-pres-de-rennes-cette-entreprise-se-fait-racheter-par-une-pme-provencale","status":"publish","type":"post","link":"https:\/\/www.europesays.com\/fr\/88229\/","title":{"rendered":"35\u00a0M\u20ac de chiffre d\u2019affaires \u00e0 elles deux\u00a0: pr\u00e8s de Rennes, cette entreprise se fait racheter par une PME proven\u00e7ale"},"content":{"rendered":"<p>Ils ont voulu cr\u00e9er \u00ab une major fran\u00e7aise de la signal\u00e9tique \u00bb. Install\u00e9e au Rheu (35), pr\u00e8s de Rennes, la PME Semios vient d\u2019\u00eatre rachet\u00e9e par Oxysign, bas\u00e9e \u00e0 Aubagne (13), pr\u00e8s de Marseille. Le montant de l\u2019op\u00e9ration n\u2019est pas communiqu\u00e9. En se rapprochant, ces deux entreprises donnent naissance \u00e0 un groupe de plus de 250 salari\u00e9s, sept ateliers et g\u00e9n\u00e9rant environ 35 M\u20ac de chiffre d\u2019affaires (dont 15 M\u20ac issus de Semios).<\/p>\n<p>Semios, dont la cr\u00e9ation remonte \u00e0 1973, con\u00e7oit, fabrique et commercialise toutes solutions d\u2019enseigne, de signal\u00e9tique et de d\u00e9coration en France et \u00e0 l\u2019international. Elle dispose d\u2019une usine de 7 000 m\u00b2 au Rheu, d\u2019ateliers \u00e0 Paris, Brest et Nantes, et d\u2019une agence \u00e0 Casablanca, au Maroc. Son \u00e9quipe de 120 salari\u00e9s a travaill\u00e9 pour des grands noms (Action, E.Leclerc, Le Tanneur, Caisse d\u2019\u00e9pargne, Cr\u00e9dit agricole, Carrefour, Sephora, Auchan\u2026).<\/p>\n<p>De son c\u00f4t\u00e9, Oxysign emploie environ 140 salari\u00e9s sur ses trois sites d\u2019Aubagne, Clichy (92) et Marseille. Cr\u00e9\u00e9e en 1978, la PME se pr\u00e9sente comme \u00ab le sp\u00e9cialiste fran\u00e7ais du marquage industriel et de la signal\u00e9tique \u00bb. Elle vient de d\u00e9crocher un march\u00e9 de 36 M\u20ac sur huit ans aupr\u00e8s d\u2019A\u00e9roport de Paris. Par le pass\u00e9, elle a d\u00e9j\u00e0 travaill\u00e9 pour le Louvre, la RATP et la SNCF. C\u2019est \u00e0 elle, par exemple, qu\u2019a \u00e9t\u00e9 confi\u00e9 l\u2019habillage de 18 TER du r\u00e9seau du r\u00e9seau BreizhGo, en 2023.<\/p>\n<p>Deux entreprises \u00ab en pleine sant\u00e9 \u00bb<\/p>\n<p>Pour S\u00e9bastien Trautmann, le pr\u00e9sident d\u2019Oxysign, le rapprochement entre les deux entreprises est \u00ab une \u00e9vidence \u00bb\ufeff, notamment du fait de leurs \u00ab compl\u00e9mentarit\u00e9s \u00bb\ufeff. \u00ab \ufeffNous sommes deux entreprises en pleine sant\u00e9, r\u00e9put\u00e9es sur leur march\u00e9 et distingu\u00e9es par la profession \u00bb, indique-t-il dans un communiqu\u00e9.<\/p>\n<p>C\u00f4t\u00e9 Semios, l\u2019enthousiasme est identique. \u00ab C\u2019est l\u2019aboutissement naturel de collaborations fructueuses entre nos deux soci\u00e9t\u00e9s. Chacune solidement positionn\u00e9e sur son march\u00e9 et, ensemble, elles vont r\u00e9unir leurs expertises et acc\u00e9l\u00e9rer leur d\u00e9veloppement \u00bb\ufeff, estime Patrick Floren, directeur de Semios depuis 1999 et actionnaire majoritaire depuis 2012. \u00ab \ufeffJe transmets sereinement, avec la satisfaction de voir les actuels cadres actionnaires de Semios poursuivre l\u2019aventure \u00bb, ajoute le dirigeant.<\/p>\n","protected":false},"excerpt":{"rendered":"Ils ont voulu cr\u00e9er \u00ab une major fran\u00e7aise de la signal\u00e9tique \u00bb. Install\u00e9e au Rheu (35), pr\u00e8s de&hellip;\n","protected":false},"author":2,"featured_media":88230,"comment_status":"","ping_status":"","sticky":false,"template":"","format":"standard","meta":{"footnotes":""},"categories":[2821],"tags":[1111,11,829,33,257,1777,674,1011,27,848,12,584,25],"class_list":{"0":"post-88229","1":"post","2":"type-post","3":"status-publish","4":"format-standard","5":"has-post-thumbnail","7":"category-rennes","8":"tag-actu","9":"tag-actualites","10":"tag-bretagne","11":"tag-economie","12":"tag-entreprise","13":"tag-eu","14":"tag-europe","15":"tag-fr","16":"tag-france","17":"tag-ille-et-vilaine","18":"tag-news","19":"tag-rennes","20":"tag-republique-francaise"},"share_on_mastodon":{"url":"https:\/\/pubeurope.com\/@fr\/114481059829747202","error":""},"_links":{"self":[{"href":"https:\/\/www.europesays.com\/fr\/wp-json\/wp\/v2\/posts\/88229","targetHints":{"allow":["GET"]}}],"collection":[{"href":"https:\/\/www.europesays.com\/fr\/wp-json\/wp\/v2\/posts"}],"about":[{"href":"https:\/\/www.europesays.com\/fr\/wp-json\/wp\/v2\/types\/post"}],"author":[{"embeddable":true,"href":"https:\/\/www.europesays.com\/fr\/wp-json\/wp\/v2\/users\/2"}],"replies":[{"embeddable":true,"href":"https:\/\/www.europesays.com\/fr\/wp-json\/wp\/v2\/comments?post=88229"}],"version-history":[{"count":0,"href":"https:\/\/www.europesays.com\/fr\/wp-json\/wp\/v2\/posts\/88229\/revisions"}],"wp:featuredmedia":[{"embeddable":true,"href":"https:\/\/www.europesays.com\/fr\/wp-json\/wp\/v2\/media\/88230"}],"wp:attachment":[{"href":"https:\/\/www.europesays.com\/fr\/wp-json\/wp\/v2\/media?parent=88229"}],"wp:term":[{"taxonomy":"category","embeddable":true,"href":"https:\/\/www.europesays.com\/fr\/wp-json\/wp\/v2\/categories?post=88229"},{"taxonomy":"post_tag","embeddable":true,"href":"https:\/\/www.europesays.com\/fr\/wp-json\/wp\/v2\/tags?post=88229"}],"curies":[{"name":"wp","href":"https:\/\/api.w.org\/{rel}","templated":true}]}}