{"id":88235,"date":"2025-05-10T02:00:25","date_gmt":"2025-05-10T02:00:25","guid":{"rendered":"https:\/\/www.europesays.com\/fr\/88235\/"},"modified":"2025-05-10T02:00:25","modified_gmt":"2025-05-10T02:00:25","slug":"depuis-2-jours-les-controles-sont-renforces-a-la-frontiere-entre-strasbourg-et-kehl","status":"publish","type":"post","link":"https:\/\/www.europesays.com\/fr\/88235\/","title":{"rendered":"Depuis 2 jours, les contr\u00f4les sont renforc\u00e9s \u00e0 la fronti\u00e8re entre Strasbourg et Kehl"},"content":{"rendered":"<p>    <img loading=\"lazy\" width=\"1800\" height=\"900\" src=\"https:\/\/www.europesays.com\/fr\/wp-content\/uploads\/2025\/04\/jeanne-callthepolice.jpg\" class=\"attachment-full size-full\" alt=\"\" id=\"imageLove\" decoding=\"async\"  \/><\/p>\n<p id=\"breadcrumbs\"><a href=\"https:\/\/pokaa.fr\/\" target=\"_blank\" rel=\"noopener\">Accueil<\/a> \/ <a href=\"https:\/\/pokaa.fr\/categories\/actu\/\" target=\"_blank\" rel=\"noopener\">Info locale<\/a> \/ Depuis 2 jours, les contr\u00f4les sont renforc\u00e9s \u00e0 la fronti\u00e8re entre Strasbourg et Kehl<\/p>\n<p>                    Info locale<\/p>\n<p class=\"p1\"><b>Depuis le 8 mai, les contr\u00f4les \u00e0 la fronti\u00e8re entre Strasbourg et l\u2019Allemagne se sont renforc\u00e9s. Le r\u00e9sultat des premi\u00e8res mesures du nouveau ministre de l\u2019Int\u00e9rieur allemand, Alexander Dobrindt, qui ont cr\u00e9\u00e9 de gros bouchons \u00e0 la fronti\u00e8re vers Kehl. Jeanne Barseghian et Wolfram Britz, maire de Kehl, ont d\u00e9nonc\u00e9 ces mesures.<\/b><\/p>\n<p class=\"p1\">Ce 8 mai, il fallait s\u2019armer de patience aller \u00e0 Kehl. <b>De nombreux bouchons ont en effet \u00e9t\u00e9 constat\u00e9s par des automobilistes strasbourgeois(es) souhaitant aller en Allemagne en ce jour f\u00e9ri\u00e9 fran\u00e7ais<\/b> [qui ne l\u2019\u00e9tait pas pour notre voisin germanique, ndlr].<\/p>\n<p class=\"p1\">La cause ? <b>Des mesures de renforcement des contr\u00f4les aux fronti\u00e8res prises par le nouveau minist\u00e8re de l\u2019Int\u00e9rieur, le bavarois Alexander Dobrindt (CSU) pour lutter contre l\u2019immigration<\/b>, la pr\u00e9occupation num\u00e9ro 1 des partis politiques allemands lors des derni\u00e8res \u00e9lections. Alexander Dobrindt va ainsi plus loin que sa pr\u00e9d\u00e9cesseure Nancy Faeser, qui avait r\u00e9tabli en septembre dernier les contr\u00f4les aux fronti\u00e8res.<\/p>\n<p>                <a href=\"https:\/\/pokaa.fr\/2024\/09\/14\/des-ajd-les-controles-seront-renforces-a-la-frontiere-entre-kehl-et-strasbourg\/\" target=\"_blank\" rel=\"noopener\"><br \/>\n                    <img width=\"450\" height=\"270\" src=\"https:\/\/www.europesays.com\/fr\/wp-content\/uploads\/2025\/05\/img-5538-450x270.jpg\" class=\"attachment-card-horizontal--same-subject size-card-horizontal--same-subject wp-post-image\" alt=\"pont de l'europe kehl\" decoding=\"async\" loading=\"lazy\"\/>                <\/a><\/p>\n<p>Toute la journ\u00e9e du 8 mai, <b>des policiers ont ainsi proc\u00e9d\u00e9 \u00e0 des contr\u00f4les plus pouss\u00e9s que ce qui \u00e9tait en vigueur jusqu\u2019\u00e0 pr\u00e9sent<\/b>. Et si les fronti\u00e8res ne sont pas compl\u00e8tement ferm\u00e9es, il faut s\u2019armer de patience, m\u00eame dans les bus et les trams strasbourgeois.<\/p>\n<p>    <img width=\"800\" height=\"600\" src=\"https:\/\/www.europesays.com\/fr\/wp-content\/uploads\/2025\/05\/kehl-centre-ville-9.jpg\" class=\"attachment-image-size-L size-image-size-L\" alt=\"kehl centre ville (9)\" decoding=\"async\" loading=\"lazy\"  \/>         \u00a9 Coraline Lafon <\/p>\n<p>\u00ab\u00a0Un manque de conscience historique et de tact\u00a0\u00bb<\/p>\n<p class=\"p1\">Alors que les contr\u00f4les renforc\u00e9s ont continu\u00e9 ce 9 mai et seront la norme pour les prochains temps, Jeanne Barseghian et son homologue kehlois Wolfram Britz n\u2019ont que tr\u00e8s peu go\u00fbt\u00e9 \u00e0 ces annonces.<b> Les deux \u00e9diles ont d\u00e9nonc\u00e9 par un communiqu\u00e9 commun \u00ab\u00a0un manque de conscience historique et de tact\u00a0\u00bb<\/b>, la mesure ayant \u00e9t\u00e9 mise en place le 8 mai, jour du 80e\u00a0anniversaire de la fin de la Seconde Guerre mondiale et \u00e0 la veille de la Journ\u00e9e de l\u2019Europe.<\/p>\n<p class=\"p1\">Les deux \u00e9diles critiquent le fait \u00ab\u00a0<b>que le nouveau gouvernement f\u00e9d\u00e9ral renforce les contr\u00f4les au point de compliquer la vie de milliers de frontaliers<\/b>, de centaines d\u2019\u00e9coliers et d\u2019\u00e9coli\u00e8res, ainsi que de familles r\u00e9parties des deux c\u00f4t\u00e9s du Rhin.\u00a0\u00bb Ils demandent ainsi au \u00ab\u00a0chancelier allemand Friedrich Merz et au ministre f\u00e9d\u00e9ral de l\u2019Int\u00e9rieur Alexander Dobrindt de <b>ramener les contr\u00f4les \u00e0 un niveau qui permette de pr\u00e9server notre cohabitation transrh\u00e9nane<\/b>. \u00bb<\/p>\n<p>    <img width=\"800\" height=\"532\" src=\"https:\/\/www.europesays.com\/fr\/wp-content\/uploads\/2025\/05\/240305-pka-kelh-test-25-800x532.jpg\" class=\"attachment-image-size-L size-image-size-L\" alt=\"Kehl sans les strasbourgois\" decoding=\"async\" loading=\"lazy\"  \/>         \u00a9 Adrien Labit \/ Pokaa <\/p>\n<p>Des retards \u00e0 pr\u00e9voir pour les Strasbourgeois(es) allant \u00e0 Kehl<\/p>\n<p class=\"p1\">Ces changements<b> vont donc compliquer la vie et les d\u00e9placements des Strasbourgeois(es) souhaitant aller \u00e0 Kehl<\/b>, qu\u2019ils\/elles soient travailleurs\/ses frontalier(e)s ou simples touristes.<\/p>\n<p class=\"p1\">Pour celles et ceux qui empruntent la ligne D ou le bus 2, il faudra s\u2019attendre \u00e0 des ralentissements ainsi qu\u2019\u00e0 des retards. <b>Il faudra \u00e9galement penser \u00e0 voyager avec une pi\u00e8ce d\u2019identit\u00e9 en cours de validit\u00e9, que ce soit passeport, carte d\u2019identit\u00e9 ou permis de conduire<\/b>. Un tour de vis suppl\u00e9mentaire qui fait penser \u00e0 la p\u00e9riode Covid, qui avait profond\u00e9ment marqu\u00e9 les Alsacien(ne)s et les Strasbourgeois(es) \u00e0 l\u2019\u00e9poque. Bon courage aux travailleurs\/ses qui traversent la fronti\u00e8re tous les jours.<\/p>\n<p>    <img width=\"800\" height=\"529\" src=\"https:\/\/www.europesays.com\/fr\/wp-content\/uploads\/2025\/05\/tram-kehl-restriction-covid-strasbourg-e1678715494588-800x529.jpg\" class=\"attachment-image-size-L size-image-size-L\" alt=\"tram-kehl-restriction-covid-strasbourg\" decoding=\"async\" loading=\"lazy\"  \/>         \u00a9 Nicolas Kaspar \/ Pokaa <\/p>\n","protected":false},"excerpt":{"rendered":"Accueil \/ Info locale \/ Depuis 2 jours, les contr\u00f4les sont renforc\u00e9s \u00e0 la fronti\u00e8re entre Strasbourg et&hellip;\n","protected":false},"author":2,"featured_media":88236,"comment_status":"","ping_status":"","sticky":false,"template":"","format":"standard","meta":{"footnotes":""},"categories":[2820],"tags":[1111,11,1777,674,1011,27,6430,775,14871,12,25,640],"class_list":{"0":"post-88235","1":"post","2":"type-post","3":"status-publish","4":"format-standard","5":"has-post-thumbnail","7":"category-strasbourg","8":"tag-actu","9":"tag-actualites","10":"tag-eu","11":"tag-europe","12":"tag-fr","13":"tag-france","14":"tag-frontieres","15":"tag-grand-est","16":"tag-kehl","17":"tag-news","18":"tag-republique-francaise","19":"tag-strasbourg"},"share_on_mastodon":{"url":"https:\/\/pubeurope.com\/@fr\/114481072028664703","error":""},"_links":{"self":[{"href":"https:\/\/www.europesays.com\/fr\/wp-json\/wp\/v2\/posts\/88235","targetHints":{"allow":["GET"]}}],"collection":[{"href":"https:\/\/www.europesays.com\/fr\/wp-json\/wp\/v2\/posts"}],"about":[{"href":"https:\/\/www.europesays.com\/fr\/wp-json\/wp\/v2\/types\/post"}],"author":[{"embeddable":true,"href":"https:\/\/www.europesays.com\/fr\/wp-json\/wp\/v2\/users\/2"}],"replies":[{"embeddable":true,"href":"https:\/\/www.europesays.com\/fr\/wp-json\/wp\/v2\/comments?post=88235"}],"version-history":[{"count":0,"href":"https:\/\/www.europesays.com\/fr\/wp-json\/wp\/v2\/posts\/88235\/revisions"}],"wp:featuredmedia":[{"embeddable":true,"href":"https:\/\/www.europesays.com\/fr\/wp-json\/wp\/v2\/media\/88236"}],"wp:attachment":[{"href":"https:\/\/www.europesays.com\/fr\/wp-json\/wp\/v2\/media?parent=88235"}],"wp:term":[{"taxonomy":"category","embeddable":true,"href":"https:\/\/www.europesays.com\/fr\/wp-json\/wp\/v2\/categories?post=88235"},{"taxonomy":"post_tag","embeddable":true,"href":"https:\/\/www.europesays.com\/fr\/wp-json\/wp\/v2\/tags?post=88235"}],"curies":[{"name":"wp","href":"https:\/\/api.w.org\/{rel}","templated":true}]}}