{"id":88241,"date":"2025-05-10T02:03:16","date_gmt":"2025-05-10T02:03:16","guid":{"rendered":"https:\/\/www.europesays.com\/fr\/88241\/"},"modified":"2025-05-10T02:03:16","modified_gmt":"2025-05-10T02:03:16","slug":"municipales-2026-a-orvault-les-deux-candidats-sont-a-la-recherche-de-nouvelles-tetes-et-idees","status":"publish","type":"post","link":"https:\/\/www.europesays.com\/fr\/88241\/","title":{"rendered":"Municipales 2026 \u00e0 Orvault\u00a0: les deux candidats sont \u00e0 la recherche de nouvelles t\u00eates et id\u00e9es"},"content":{"rendered":"<p>\u00c0 Orvault, la campagne pour les municipales de 2026 est lanc\u00e9e. Apr\u00e8s la d\u00e9signation des candidats, place \u00e0 la constitution des listes et des programmes. Comment se distinguer pour attirer du sang neuf et des id\u00e9es\u00a0nouvelles\u00a0? Chacun sa m\u00e9thode.<\/p>\n<p><a href=\"https:\/\/nantes.maville.com\/actu\/actudet_-entretien.-nous-sommes-a-la-hauteur-des-attentes-le-maire-ecologiste-d-orvault-candidat-en-2026-_8-6576370_actu.Htm?utm_source=troove&amp;utm_medium=site\" target=\"_self\" rel=\"noopener\">Jean-S\u00e9bastien Guitton<\/a>, maire sortant \u00e9cologiste, propose\u00a0une balade les dimanches 11\u00a0mai apr\u00e8s-midi et 18\u00a0mai matin. Le parcours, \u00e0 faire pourquoi pas <strong>\u00ab\u00a0\u00e0 v\u00e9lo ou en covoiturage\u00a0\u00bb, <\/strong>encourage l\u2019association de soutien Orvault la transition ensemble, est entrecoup\u00e9 de sept \u00e9tapes qui illustrent des r\u00e9alisations concr\u00e8tes dans la ville. Cette<strong> \u00ab\u00a0fa\u00e7on originale\u00a0\u00bb<\/strong> d\u2019\u00e9changer sur le bilan\u00a0avec le maire et les \u00e9lus de la majorit\u00e9 est surtout l\u2019occasion, pour l\u2019\u00e9quipe sortante, de sonder les habitants invit\u00e9s \u00e0 r\u00e9pondre \u00e0 un questionnaire sur leurs souhaits pour le mandat suivant. Lieux et horaires des rendez-vous sur le site orvault-ensemble.fr<\/p>\n<p>Quant \u00e0 <a href=\"https:\/\/nantes.maville.com\/actu\/actudet_-a-orvault-le-match-des-municipales-de-2026-est-lance-l-opposition-se-prepare-_52716-6655953_actu.Htm?utm_source=troove&amp;utm_medium=site\" target=\"_self\" rel=\"noopener\">S\u00e9bastien Arrou\u00ebt<\/a>, \u00e9lu d\u2019opposition du groupe de droite et du centre Un nouvel \u00e9tat d\u2019esprit pour Orvault, il a d\u00e9j\u00e0 pass\u00e9 l\u2019\u00e9tape de la consultation. Il revendique<strong> \u00ab\u00a0600\u00a0participations\u00a0\u00bb<\/strong> \u00e0 son questionnaire en ligne. Il rentre d\u00e9sormais dans le concret en organisant une <strong>\u00ab\u00a0tourn\u00e9e des id\u00e9es et des propositions\u00a0\u00bb<\/strong> avec six rendez-vous, entre juin et novembre, pour \u00e9voquer la s\u00e9curit\u00e9, le sport, l\u2019avenir de\u00a0la vall\u00e9e du Cens, les finances, la gouvernance m\u00e9tropolitaine. \u00c7a d\u00e9marrera mardi 3\u00a0juin, \u00e0 19\u00a0h, au ch\u00e2teau du Plessis.\u00a0Contact et inscription sur le site sivousetiezmaire.fr. <\/p>\n<p>\u00a0<\/p>\n","protected":false},"excerpt":{"rendered":"\u00c0 Orvault, la campagne pour les municipales de 2026 est lanc\u00e9e. Apr\u00e8s la d\u00e9signation des candidats, place \u00e0&hellip;\n","protected":false},"author":2,"featured_media":88242,"comment_status":"","ping_status":"","sticky":false,"template":"","format":"standard","meta":{"footnotes":""},"categories":[2818],"tags":[5734,1111,11,427,1777,674,1011,27,3246,3554,766,12,1113,4151,2636,959,25,3272,19843],"class_list":{"0":"post-88241","1":"post","2":"type-post","3":"status-publish","4":"format-standard","5":"has-post-thumbnail","7":"category-nantes","8":"tag-5734","9":"tag-actu","10":"tag-actualites","11":"tag-candidats","12":"tag-eu","13":"tag-europe","14":"tag-fr","15":"tag-france","16":"tag-idees","17":"tag-municipales","18":"tag-nantes","19":"tag-news","20":"tag-nouvelles","21":"tag-orvault","22":"tag-pays-de-la-loire","23":"tag-recherche","24":"tag-republique-francaise","25":"tag-saint-nazaire","26":"tag-tetes"},"share_on_mastodon":{"url":"https:\/\/pubeurope.com\/@fr\/114481083399240020","error":""},"_links":{"self":[{"href":"https:\/\/www.europesays.com\/fr\/wp-json\/wp\/v2\/posts\/88241","targetHints":{"allow":["GET"]}}],"collection":[{"href":"https:\/\/www.europesays.com\/fr\/wp-json\/wp\/v2\/posts"}],"about":[{"href":"https:\/\/www.europesays.com\/fr\/wp-json\/wp\/v2\/types\/post"}],"author":[{"embeddable":true,"href":"https:\/\/www.europesays.com\/fr\/wp-json\/wp\/v2\/users\/2"}],"replies":[{"embeddable":true,"href":"https:\/\/www.europesays.com\/fr\/wp-json\/wp\/v2\/comments?post=88241"}],"version-history":[{"count":0,"href":"https:\/\/www.europesays.com\/fr\/wp-json\/wp\/v2\/posts\/88241\/revisions"}],"wp:featuredmedia":[{"embeddable":true,"href":"https:\/\/www.europesays.com\/fr\/wp-json\/wp\/v2\/media\/88242"}],"wp:attachment":[{"href":"https:\/\/www.europesays.com\/fr\/wp-json\/wp\/v2\/media?parent=88241"}],"wp:term":[{"taxonomy":"category","embeddable":true,"href":"https:\/\/www.europesays.com\/fr\/wp-json\/wp\/v2\/categories?post=88241"},{"taxonomy":"post_tag","embeddable":true,"href":"https:\/\/www.europesays.com\/fr\/wp-json\/wp\/v2\/tags?post=88241"}],"curies":[{"name":"wp","href":"https:\/\/api.w.org\/{rel}","templated":true}]}}