{"id":88245,"date":"2025-05-10T02:05:16","date_gmt":"2025-05-10T02:05:16","guid":{"rendered":"https:\/\/www.europesays.com\/fr\/88245\/"},"modified":"2025-05-10T02:05:16","modified_gmt":"2025-05-10T02:05:16","slug":"un-karaoke-symphonique-a-lopera-de-bordeaux","status":"publish","type":"post","link":"https:\/\/www.europesays.com\/fr\/88245\/","title":{"rendered":"Un karaok\u00e9 symphonique \u00e0 l\u2019Op\u00e9ra de Bordeaux !"},"content":{"rendered":"<p><img decoding=\"async\" class=\"\" style=\"width:100%;max-width:100%\" src=\"https:\/\/www.europesays.com\/fr\/wp-content\/uploads\/2025\/05\/27693_jpeg-format16by9.jpeg\" alt=\"Le Grand-Th\u00e9\u00e2tre de Bordeaux\"\/><\/p>\n<p>Le Grand-Th\u00e9\u00e2tre de Bordeaux<\/p>\n<p>Cr\u00e9dit : CC BY  V\u00edctor Perea Ros<\/p>\n<p class=\"\" data-start=\"357\" data-end=\"791\">Il va falloir \u00e9chauffer vos cordes vocales ! L\u2019Op\u00e9ra de Bordeaux organise un \u00e9v\u00e9nement original ce samedi 10 mai, en plein c\u0153ur de la capitale girondine. Dans le cadre de <a href=\"https:\/\/www.opera-bordeaux.com\/tous-lopera-57472#a-propos\" rel=\"noopener\" target=\"_blank\">Tous \u00e0 l\u2019Op\u00e9ra<\/a>, le Grand Th\u00e9\u00e2tre ouvre ses portes au grand public : une belle occasion de d\u00e9couvrir l\u2019Op\u00e9ra National et ses coulisses. Cet \u00e9v\u00e9nement, qui a lieu dans une trentaine d\u2019\u00e9tablissements en France, se tiendra <strong>\u00e0 Bordeaux de 10h \u00e0 17h, sans r\u00e9servation<\/strong>.<\/p>\n<p class=\"\" data-start=\"793\" data-end=\"1238\">De nombreuses animations vous attendent : un concert comment\u00e9, un bal participatif et m\u00eame une r\u00e9p\u00e9tition publique. Et bien s\u00fbr, vous pourrez prendre part \u00e0 un karaok\u00e9 g\u00e9ant ! Pour le th\u00e8me musical \u2014 op\u00e9ra oblige \u2014 il s\u2019agira d\u2019un<strong> karaok\u00e9 symphonique.<\/strong> Il d\u00e9butera \u00e0 14h, dans le salon Boireau, et sera anim\u00e9 par Alexis Duffaure, assistant du directeur du Ch\u0153ur de l\u2019Op\u00e9ra. L\u2019occasion parfaite pour r\u00e9viser vos airs d\u2019op\u00e9ra et donner de la voix !<\/p>\n","protected":false},"excerpt":{"rendered":"Le Grand-Th\u00e9\u00e2tre de Bordeaux Cr\u00e9dit : CC BY V\u00edctor Perea Ros Il va falloir \u00e9chauffer vos cordes vocales&hellip;\n","protected":false},"author":2,"featured_media":88246,"comment_status":"","ping_status":"","sticky":false,"template":"","format":"standard","meta":{"footnotes":""},"categories":[2817],"tags":[1111,11,19848,1997,17348,1777,674,1011,27,2905,19845,19846,19847,12,2219,7165,19844,25,19849,858],"class_list":{"0":"post-88245","1":"post","2":"type-post","3":"status-publish","4":"format-standard","5":"has-post-thumbnail","7":"category-bordeaux","8":"tag-actu","9":"tag-actualites","10":"tag-alexis-duffare","11":"tag-bordeaux","12":"tag-chant","13":"tag-eu","14":"tag-europe","15":"tag-fr","16":"tag-france","17":"tag-gironde","18":"tag-grand-theatre","19":"tag-karaoke","20":"tag-karaoke-symphonique","21":"tag-news","22":"tag-nouvelle-aquitaine","23":"tag-opera","24":"tag-opera-de-bordeaux","25":"tag-republique-francaise","26":"tag-tous-a-lopera","27":"tag-voix"},"share_on_mastodon":{"url":"https:\/\/pubeurope.com\/@fr\/114481091363625572","error":""},"_links":{"self":[{"href":"https:\/\/www.europesays.com\/fr\/wp-json\/wp\/v2\/posts\/88245","targetHints":{"allow":["GET"]}}],"collection":[{"href":"https:\/\/www.europesays.com\/fr\/wp-json\/wp\/v2\/posts"}],"about":[{"href":"https:\/\/www.europesays.com\/fr\/wp-json\/wp\/v2\/types\/post"}],"author":[{"embeddable":true,"href":"https:\/\/www.europesays.com\/fr\/wp-json\/wp\/v2\/users\/2"}],"replies":[{"embeddable":true,"href":"https:\/\/www.europesays.com\/fr\/wp-json\/wp\/v2\/comments?post=88245"}],"version-history":[{"count":0,"href":"https:\/\/www.europesays.com\/fr\/wp-json\/wp\/v2\/posts\/88245\/revisions"}],"wp:featuredmedia":[{"embeddable":true,"href":"https:\/\/www.europesays.com\/fr\/wp-json\/wp\/v2\/media\/88246"}],"wp:attachment":[{"href":"https:\/\/www.europesays.com\/fr\/wp-json\/wp\/v2\/media?parent=88245"}],"wp:term":[{"taxonomy":"category","embeddable":true,"href":"https:\/\/www.europesays.com\/fr\/wp-json\/wp\/v2\/categories?post=88245"},{"taxonomy":"post_tag","embeddable":true,"href":"https:\/\/www.europesays.com\/fr\/wp-json\/wp\/v2\/tags?post=88245"}],"curies":[{"name":"wp","href":"https:\/\/api.w.org\/{rel}","templated":true}]}}