{"id":88247,"date":"2025-05-10T02:06:25","date_gmt":"2025-05-10T02:06:25","guid":{"rendered":"https:\/\/www.europesays.com\/fr\/88247\/"},"modified":"2025-05-10T02:06:25","modified_gmt":"2025-05-10T02:06:25","slug":"orages-averses-de-grele-vents-violents-meteo-france-annonce-un-cocktail-explosif-en-gironde","status":"publish","type":"post","link":"https:\/\/www.europesays.com\/fr\/88247\/","title":{"rendered":"Orages, averses de gr\u00eale, vents violents&#8230; M\u00e9t\u00e9o France annonce un cocktail explosif en Gironde"},"content":{"rendered":"<p>            Par<br \/>\n        <strong><br \/>\n            <a href=\"https:\/\/actu.fr\/auteur\/sports33\" title=\"Consulter tous les articles de Nicolas Gosselin\" target=\"_blank\" rel=\"noopener\">Nicolas Gosselin<\/a><br \/>\n        <\/strong><\/p>\n<p>        Publi\u00e9 le<\/p>\n<p>            9 mai 2025 \u00e0 11h21        <\/p>\n<p>Le temps va se g\u00e2ter \u00e0 Bordeaux\u2026 Samedi 10 mai 2025, <a href=\"https:\/\/actu.fr\/tag\/meteo-france\" target=\"_blank\" rel=\"noopener\">M\u00e9t\u00e9o France<\/a> a plac\u00e9 la <strong>Gironde<\/strong> en <strong>vigilance jaune<\/strong> pour <a href=\"https:\/\/actu.fr\/tag\/orages\" target=\"_blank\" rel=\"noopener\">risques d\u2019orages<\/a> \u00e0 partir de 16 heures et jusqu\u2019\u00e0 la fin de soir\u00e9e.<\/p>\n<p class=\" wall-content\">Selon les pr\u00e9visionnistes, cette <strong>d\u00e9gradation orageuse<\/strong> sur la fa\u00e7ade atlantique devrait \u00eatre accompagn\u00e9e localement de <strong>gr\u00eale<\/strong> et de rafales de vent pouvant atteindre jusqu\u2019\u00e0 100 km\/h.<\/p>\n<p>Des gr\u00ealons attendus dans le Blayais et le Sud-Gironde<\/p>\n<p class=\" wall-content\">Les averses de gr\u00eale sont annonc\u00e9es principalement dans le Sud-Gironde et dans le Blayais, avec <strong>des gr\u00ealons de 4 \u00e0 5 centim\u00e8tres<\/strong> attendus.<\/p>\n<p class=\" wall-content\">Concernant le vent, M\u00e9t\u00e9o France pr\u00e9voit <strong>des pointes \u00e0 85 km\/h \u00e0 Bordeaux ou \u00e0 Libourne<\/strong> et plus proches des 100 km\/h dans le sud du d\u00e9partement et dans le Libournais.<\/p>\n<p>Une hausse des temp\u00e9ratures<\/p>\n<p class=\" wall-content\">\u00ab\u00a0Le vent va basculer ce vendredi 9 mai au secteur sud-est, faisant remonter sur la France de l\u2019air plus chaud venu d\u2019Afrique du Nord. Mais l\u2019instabilit\u00e9 va revenir, en raison de la pr\u00e9sence d\u2019air froid en altitude qui glissera une nouvelle fois par l\u2019ouest\u00a0\u00bb, pr\u00e9cise \u00e0 actu.fr le m\u00e9t\u00e9orologue Yann Amice <a href=\"https:\/\/actu.fr\/meteo\/une-nouvelle-salve-d-orages-violents-a-venir-presque-partout-en-france-ce-week-end-les-regions-touchees_62606124.html\" target=\"_blank\" rel=\"noopener\">dans un pr\u00e9c\u00e9dent article<\/a>.<\/p>\n<p>Vid\u00e9os : en ce moment sur Actu<\/p>\n<p class=\" wall-content\">R\u00e9sultat, les temp\u00e9ratures devraient repartir \u00e0 la hausse apr\u00e8s un d\u00e9but de semaine relativement frais. M\u00e9t\u00e9o France pr\u00e9voit que le mercure <strong>d\u00e9passe les 20 degr\u00e9s \u00e0 Bordeaux<\/strong>, ce samedi 10 mai.<\/p>\n<p class=\" wall-content\">Suivez toute l\u2019actualit\u00e9 de vos villes et m\u00e9dias favoris en vous inscrivant \u00e0 <a href=\"https:\/\/moncompte.actu.fr\" title=\"D\u00e9couvez Mon Actu\" rel=\"nofollow noopener\" data-trk=\"{&quot;cta&quot;:{&quot;action&quot;:&quot;https:\\\/\\\/moncompte.actu.fr&quot;,&quot;category&quot;:&quot;mon compte&quot;,&quot;from&quot;:&quot;article footer&quot;,&quot;name&quot;:&quot;Mon actu&quot;,&quot;type&quot;:&quot;cta&quot;}}\" target=\"_blank\">Mon Actu<\/a>.<\/p>\n","protected":false},"excerpt":{"rendered":"Par Nicolas Gosselin Publi\u00e9 le 9 mai 2025 \u00e0 11h21 Le temps va se g\u00e2ter \u00e0 Bordeaux\u2026 Samedi&hellip;\n","protected":false},"author":2,"featured_media":88248,"comment_status":"","ping_status":"","sticky":false,"template":"","format":"standard","meta":{"footnotes":""},"categories":[2817],"tags":[1111,11,1997,1777,674,1011,27,2487,2357,12,2219,4594,25],"class_list":{"0":"post-88247","1":"post","2":"type-post","3":"status-publish","4":"format-standard","5":"has-post-thumbnail","7":"category-bordeaux","8":"tag-actu","9":"tag-actualites","10":"tag-bordeaux","11":"tag-eu","12":"tag-europe","13":"tag-fr","14":"tag-france","15":"tag-meteo","16":"tag-meteo-france","17":"tag-news","18":"tag-nouvelle-aquitaine","19":"tag-orages","20":"tag-republique-francaise"},"share_on_mastodon":{"url":"https:\/\/pubeurope.com\/@fr\/114481095272338778","error":""},"_links":{"self":[{"href":"https:\/\/www.europesays.com\/fr\/wp-json\/wp\/v2\/posts\/88247","targetHints":{"allow":["GET"]}}],"collection":[{"href":"https:\/\/www.europesays.com\/fr\/wp-json\/wp\/v2\/posts"}],"about":[{"href":"https:\/\/www.europesays.com\/fr\/wp-json\/wp\/v2\/types\/post"}],"author":[{"embeddable":true,"href":"https:\/\/www.europesays.com\/fr\/wp-json\/wp\/v2\/users\/2"}],"replies":[{"embeddable":true,"href":"https:\/\/www.europesays.com\/fr\/wp-json\/wp\/v2\/comments?post=88247"}],"version-history":[{"count":0,"href":"https:\/\/www.europesays.com\/fr\/wp-json\/wp\/v2\/posts\/88247\/revisions"}],"wp:featuredmedia":[{"embeddable":true,"href":"https:\/\/www.europesays.com\/fr\/wp-json\/wp\/v2\/media\/88248"}],"wp:attachment":[{"href":"https:\/\/www.europesays.com\/fr\/wp-json\/wp\/v2\/media?parent=88247"}],"wp:term":[{"taxonomy":"category","embeddable":true,"href":"https:\/\/www.europesays.com\/fr\/wp-json\/wp\/v2\/categories?post=88247"},{"taxonomy":"post_tag","embeddable":true,"href":"https:\/\/www.europesays.com\/fr\/wp-json\/wp\/v2\/tags?post=88247"}],"curies":[{"name":"wp","href":"https:\/\/api.w.org\/{rel}","templated":true}]}}