{"id":8825,"date":"2025-04-07T22:07:43","date_gmt":"2025-04-07T22:07:43","guid":{"rendered":"https:\/\/www.europesays.com\/fr\/8825\/"},"modified":"2025-04-07T22:07:43","modified_gmt":"2025-04-07T22:07:43","slug":"cette-maman-de-trois-enfants-a-tout-perdu-dans-lincendie-de-son-logement","status":"publish","type":"post","link":"https:\/\/www.europesays.com\/fr\/8825\/","title":{"rendered":"cette maman de trois enfants a tout perdu dans l&rsquo;incendie de son logement"},"content":{"rendered":"<p>            Par<br \/>\n        <strong><br \/>\n            <a href=\"https:\/\/actu.fr\/auteur\/margot-fournie\" title=\"Consulter tous les articles de Margot Fournie\" rel=\"nofollow noopener\" target=\"_blank\">Margot Fournie<\/a><br \/>\n        <\/strong><\/p>\n<p>        Publi\u00e9 le<\/p>\n<p>            4 avr. 2025 \u00e0 9h21        <\/p>\n<p>Dans la nuit du 26\u00a0mars, aux alentours de 20h20, un feu s\u2019est d\u00e9clar\u00e9 dans l\u2019appartement o\u00f9 habitaient M\u00e9lissa et ses trois enfants, rue de Kembs dans le quartier du Neudorf, \u00e0 <a href=\"https:\/\/actu.fr\/strasbourg\/\" rel=\"nofollow noopener\" target=\"_blank\">Strasbourg<\/a>.<\/p>\n<p class=\" wall-content\">La jeune femme est actuellement en attente d\u2019un <a href=\"https:\/\/actu.fr\/tag\/logement\" rel=\"nofollow noopener\" target=\"_blank\">logement<\/a>.<\/p>\n<p>\u00ab\u2009J\u2019ai juste eu le temps de prendre le plus jeune avec moi avant de sortir\u2009\u00bb<\/p>\n<p class=\" wall-content\">Le soir de l\u2019<a href=\"https:\/\/actu.fr\/tag\/incendie\" rel=\"nofollow noopener\" target=\"_blank\">incendie<\/a>, M\u00e9lissa \u00e9tait seule avec son plus jeune fils \u00e2g\u00e9 de quatre ans. L\u2019a\u00een\u00e9 de 18\u00a0ans \u00e9tait sorti rejoindre un ami et son cadet \u00e9tait chez ses grands-parents maternels.<\/p>\n<p class=\" wall-content\">Elle \u00e9tait allong\u00e9e quand un texto d\u2019une amie l\u2019a incit\u00e9 \u00e0 se lever. \u00c0 ce moment, elle s\u2019est rendu compte que \u00ab\u2009de la<strong> fum\u00e9e s\u2019\u00e9chappait de la chambre<\/strong> du plus grand. J\u2019ai ouvert la porte et l\u2019alarme s\u2019est d\u00e9clench\u00e9e.\u2009\u00bb<\/p>\n<p class=\" wall-content\">Elle raconte\u2009: \u00ab\u2009Comme ma chambre est \u00e0 l\u2019entr\u00e9e, je ne m\u2019\u00e9tais pas rendu compte que les autres pi\u00e8ces \u00e9taient aussi embras\u00e9es. J\u2019ai appel\u00e9 mon fils a\u00een\u00e9. C\u2019est lui qui m\u2019a sorti de l\u2019appartement. J\u2019ai juste eu le temps de prendre son petit fr\u00e8re avec moi en le <strong>couvrant de couvertures<\/strong>.\u2009\u00bb<\/p>\n<p>Vid\u00e9os : en ce moment sur ActuDepuis l\u2019incendie, la petite famille vit entre plusieurs lieux<\/p>\n<p class=\" wall-content\">Les pompiers sont arriv\u00e9s. Le feu a \u00e9t\u00e9 ma\u00eetris\u00e9, mais l\u2019appartement a \u00e9t\u00e9 <strong>d\u00e9vast\u00e9<\/strong>. Et depuis, la jeune femme et ses trois enfants n\u2019ont plus de logement.<\/p>\n<p class=\" wall-content\">\u00ab\u2009Je suis retourn\u00e9e <strong>chez mon ex-mari<\/strong> avec mon plus jeune. Le moyen a des troubles autistiques. On a cherch\u00e9 \u00e0 le prot\u00e9ger le plus possible, donc il est <strong>rest\u00e9 chez mes parents<\/strong>\u2009\u00bb, confie M\u00e9lissa.<\/p>\n<p class=\" wall-content\">Quant \u00e0 l\u2019a\u00een\u00e9, \u00ab\u2009il vit <strong>chez un ami<\/strong>. Il est en \u00e9tat de choc. Toute sa vie est dehors. Sa chambre a \u00e9t\u00e9 vid\u00e9e et ses affaires mises sur le trottoir.\u2009\u00bb<\/p>\n<p>\u00ab\u2009Mes coll\u00e8gues ont fait une cagnotte\u2009\u00bb<\/p>\n<p class=\" wall-content\">En attendant de retrouver un chez-elle, cette CPE vivote gr\u00e2ce <strong>aux\u00a0dons<\/strong> qu\u2019elle re\u00e7oit.<\/p>\n<p class=\" wall-content\">\u00ab\u2009On nous a donn\u00e9 des v\u00eatements. J\u2019ai <strong>re\u00e7u des chaussettes<\/strong>. Mes coll\u00e8gues ont fait une cagnotte. Heureusement qu\u2019il y a \u00e7a\u2009\u00bb, ajoute-t-elle en glissant qu\u2019elle doit \u00ab<strong>\u2009reprendre le travail<\/strong> ce jeudi [hier, NDLR]\u2009\u00bb.<\/p>\n<p>Le bail a \u00e9t\u00e9 cl\u00f4tur\u00e9 \u00e0 la date du sinistre<\/p>\n<p class=\" wall-content\">De son c\u00f4t\u00e9, l\u2019assureur livre qu\u2019il a propos\u00e9 \u00e0 M\u00e9lissa \u00ab\u2009un <strong>relogement de sept nuits<\/strong> dans un h\u00f4tel. Elle a \u00e9galement dispos\u00e9 d\u00e8s d\u2019une valise de secours de 1\u2009200\u00a0\u20ac. Le montant du sinistre et des biens endommag\u00e9s vont aussi \u00eatre \u00e9valu\u00e9s.\u2009\u00bb<\/p>\n<p class=\" wall-content\">En parall\u00e8le, le 1er\u00a0avril, un de ses experts a d\u00e9clar\u00e9 <strong>le logement<\/strong>\u00a0<strong>inhabitable<\/strong>. Et comme l\u2019expert d\u2019Oph\u00e9a a tir\u00e9 la m\u00eame conclusion de l\u2019\u00e9tat de l\u2019appartement, \u00ab<strong>\u2009le bail est cl\u00f4tur\u00e9<\/strong> \u00e0 la date du sinistre\u2009\u00bb, rapporte le bailleur social.<\/p>\n<p>Le bailleur n\u2019est pas tenu par la loi de reloger son ancienne locataire<\/p>\n<p class=\" wall-content\">Ce dernier rappelle, au passage, qu\u2019il n\u2019est pas tenu par la loi de reloger son ancienne locataire.<\/p>\n<p class=\" wall-content\">Mais que \u00ab\u2009son directeur du P\u00f4le de la Gestion Locative et de la Proximit\u00e9 a contact\u00e9 la dame pour l\u2019accompagner dans la constitution d\u2019une <strong>nouvelle demande de logement<\/strong> pour en obtenir un <strong>appartement rapidement<\/strong>.\u2009\u00bb<\/p>\n<p class=\" wall-content\">Et effectivement, le dossier de M\u00e9lissa devrait \u00ab\u2009passer en commission le 10 pour un nouvel appartement. <strong>Je croise les doigts<\/strong> pour une r\u00e9ponse positive\u2009\u00bb, lance la jeune femme.<\/p>\n<p class=\" wall-content\">Suivez toute l\u2019actualit\u00e9 de vos villes et m\u00e9dias favoris en vous inscrivant \u00e0 <a href=\"https:\/\/moncompte.actu.fr\" title=\"D\u00e9couvez Mon Actu\" rel=\"nofollow noopener\" data-trk=\"{&quot;cta&quot;:{&quot;action&quot;:&quot;https:\\\/\\\/moncompte.actu.fr&quot;,&quot;category&quot;:&quot;mon compte&quot;,&quot;from&quot;:&quot;article footer&quot;,&quot;name&quot;:&quot;Mon actu&quot;,&quot;type&quot;:&quot;cta&quot;}}\" target=\"_blank\">Mon Actu<\/a>.<\/p>\n","protected":false},"excerpt":{"rendered":"Par Margot Fournie Publi\u00e9 le 4 avr. 2025 \u00e0 9h21 Dans la nuit du 26\u00a0mars, aux alentours de&hellip;\n","protected":false},"author":2,"featured_media":8826,"comment_status":"","ping_status":"","sticky":false,"template":"","format":"standard","meta":{"footnotes":""},"categories":[2820],"tags":[1111,11,1719,1777,674,1011,27,775,1310,12,25,104,640],"class_list":{"0":"post-8825","1":"post","2":"type-post","3":"status-publish","4":"format-standard","5":"has-post-thumbnail","7":"category-strasbourg","8":"tag-actu","9":"tag-actualites","10":"tag-enfants","11":"tag-eu","12":"tag-europe","13":"tag-fr","14":"tag-france","15":"tag-grand-est","16":"tag-incendie","17":"tag-news","18":"tag-republique-francaise","19":"tag-societe","20":"tag-strasbourg"},"share_on_mastodon":{"url":"https:\/\/pubeurope.com\/@fr\/114298961493011154","error":""},"_links":{"self":[{"href":"https:\/\/www.europesays.com\/fr\/wp-json\/wp\/v2\/posts\/8825","targetHints":{"allow":["GET"]}}],"collection":[{"href":"https:\/\/www.europesays.com\/fr\/wp-json\/wp\/v2\/posts"}],"about":[{"href":"https:\/\/www.europesays.com\/fr\/wp-json\/wp\/v2\/types\/post"}],"author":[{"embeddable":true,"href":"https:\/\/www.europesays.com\/fr\/wp-json\/wp\/v2\/users\/2"}],"replies":[{"embeddable":true,"href":"https:\/\/www.europesays.com\/fr\/wp-json\/wp\/v2\/comments?post=8825"}],"version-history":[{"count":0,"href":"https:\/\/www.europesays.com\/fr\/wp-json\/wp\/v2\/posts\/8825\/revisions"}],"wp:featuredmedia":[{"embeddable":true,"href":"https:\/\/www.europesays.com\/fr\/wp-json\/wp\/v2\/media\/8826"}],"wp:attachment":[{"href":"https:\/\/www.europesays.com\/fr\/wp-json\/wp\/v2\/media?parent=8825"}],"wp:term":[{"taxonomy":"category","embeddable":true,"href":"https:\/\/www.europesays.com\/fr\/wp-json\/wp\/v2\/categories?post=8825"},{"taxonomy":"post_tag","embeddable":true,"href":"https:\/\/www.europesays.com\/fr\/wp-json\/wp\/v2\/tags?post=8825"}],"curies":[{"name":"wp","href":"https:\/\/api.w.org\/{rel}","templated":true}]}}