{"id":88266,"date":"2025-05-10T02:18:09","date_gmt":"2025-05-10T02:18:09","guid":{"rendered":"https:\/\/www.europesays.com\/fr\/88266\/"},"modified":"2025-05-10T02:18:09","modified_gmt":"2025-05-10T02:18:09","slug":"fc-lorient-ou-paris-fc-une-derniere-journee-haletante-pour-le-titre","status":"publish","type":"post","link":"https:\/\/www.europesays.com\/fr\/88266\/","title":{"rendered":"FC Lorient ou Paris FC ? Une derni\u00e8re journ\u00e9e haletante pour le titre"},"content":{"rendered":"<p>Le FC Lorient et le Paris FC se disputent, ce samedi apr\u00e8s-midi, le titre de Ligue 2. Une derni\u00e8re journ\u00e9e qui s\u2019annonce passionnante.<\/p>\n<p class=\"fig-paragraph\">Un dernier match pour un titre de champion. Le\u00a0<a href=\"http:\/\/www.lefigaro.fr\/sports\/football\/ligue-1\/lorient-revient-en-ligue-1-un-an-apres-sa-relegation-20250426\" data-fig-type=\"NewsFlash\" data-gtm-custom-categorie=\"navigation\" data-gtm-custom-action=\"crossclick\" data-gtm-custom-label=\"Contextuel\" data-gtm-event=\"customEventSPE\" data-fig-domain=\"LEFIGARO\" target=\"_blank\" rel=\"noopener\">FC Lorient<\/a>\u00a0et le\u00a0<a href=\"http:\/\/www.lefigaro.fr\/sports\/football\/ligue-1\/l-idee-n-est-pas-de-faire-revenir-mbappe-a-paris-michel-denisot-sur-le-mercato-du-paris-fc-en-ligue-1-20250505\" data-fig-type=\"NewsFlash\" data-gtm-custom-categorie=\"navigation\" data-gtm-custom-action=\"crossclick\" data-gtm-custom-label=\"Contextuel\" data-gtm-event=\"customEventSPE\" data-fig-domain=\"LEFIGARO\" target=\"_blank\" rel=\"noopener\">Paris FC<\/a>\u00a0ont d\u00e9j\u00e0 assur\u00e9 l\u2019essentiel\u00a0: leur mont\u00e9e en\u00a0<a href=\"http:\/\/www.lefigaro.fr\/sports\/football\/ligue-1-quand-l-evolution-des-sponsors-maillots-reflete-celle-de-l-economie-francaise-20250509\" data-fig-type=\"Article\" data-gtm-custom-categorie=\"navigation\" data-gtm-custom-action=\"crossclick\" data-gtm-custom-label=\"Contextuel\" data-gtm-event=\"customEventSPE\" data-fig-domain=\"LEFIGARO\" target=\"_blank\" rel=\"noopener\">Ligue 1<\/a>. Mais leur saison n\u2019est pas pourtant termin\u00e9e. En effet, les Merlus et les Bleu marine et Blanc doivent encore se disputer, ce samedi apr\u00e8s-midi (17 heures), au cours du multiplex de l\u2019ultime journ\u00e9e, le titre de\u00a0<a href=\"http:\/\/www.lefigaro.fr\/sports\/football\/ligue-2-kolodziejczak-lopez-krasso-les-hommes-forts-de-la-montee-en-ligue-1-du-paris-fc-20250502\" data-fig-type=\"NewsFlash\" data-gtm-custom-categorie=\"navigation\" data-gtm-custom-action=\"crossclick\" data-gtm-custom-label=\"Contextuel\" data-gtm-event=\"customEventSPE\" data-fig-domain=\"LEFIGARO\" target=\"_blank\" rel=\"noopener\">Ligue 2<\/a>. Une fin de championnat haletante.<\/p>\n<p>Le FC Lorient a son destin entre ses mains<\/p>\n<p class=\"fig-paragraph\">Les Bretons (1er, 68 points) poss\u00e8dent un avantage non n\u00e9gligeable\u00a0: ils ont leur destin entre leurs mains. Avec deux points d\u2019avance avant la 34e journ\u00e9e, les joueurs d\u2019Olivier Pantaloni n\u2019ont besoin que d\u2019un seul point \u2013 donc une victoire ou un match nul \u2013 pour finir champions. Une formalit\u00e9 face au\u00a0<a href=\"http:\/\/www.lefigaro.fr\/sports\/football\/ligue-2-l-attaquant-de-martigues-provoque-caen-en-celebrant-comme-kylian-mbappe-20250419\" data-fig-type=\"NewsFlash\" data-gtm-custom-categorie=\"navigation\" data-gtm-custom-action=\"crossclick\" data-gtm-custom-label=\"Contextuel\" data-gtm-event=\"customEventSPE\" data-fig-domain=\"LEFIGARO\" target=\"_blank\" rel=\"noopener\">FC Martigues<\/a>\u00a0avant dernier du classement\u00a0? En principe, oui. Mais les Rouge et Jaune jouent leur maintien en deuxi\u00e8me division. Ils ont besoin de faire un meilleur r\u00e9sultat que le\u00a0<a href=\"http:\/\/www.lefigaro.fr\/sports\/football\/ligue-2-laurent-batlles-remercie-par-le-clermont-foot-20250407\" data-fig-type=\"NewsFlash\" data-gtm-custom-categorie=\"navigation\" data-gtm-custom-action=\"crossclick\" data-gtm-custom-label=\"Contextuel\" data-gtm-event=\"customEventSPE\" data-fig-domain=\"LEFIGARO\" target=\"_blank\" rel=\"noopener\">Clermont Foot 63<\/a>\u00a0pour remonter, sur le fil, \u00e0 la place de barragiste. Autant dire qu\u2019ils donneront tout sur la pelouse du stade du Moustoir. D\u2019ailleurs, la semaine derni\u00e8re, ils avaient cr\u00e9\u00e9 la surprise en arrachant un bon match nul \u00e0 domicile contre le Paris FC (1-1). C\u2019est dire.\u00a0<a href=\"http:\/\/www.lefigaro.fr\/sports\/football\/ligue-1\/ligue-1-eli-junior-kroupi-le-phenomene-qui-porte-le-fc-lorient-20231028\" data-fig-type=\"Article\" data-gtm-custom-categorie=\"navigation\" data-gtm-custom-action=\"crossclick\" data-gtm-custom-label=\"Contextuel\" data-gtm-event=\"customEventSPE\" data-fig-domain=\"LEFIGARO\" target=\"_blank\" rel=\"noopener\">\u00c9li Junior Kroupi<\/a>\u00a0et ses co\u00e9quipiers sont pr\u00e9venus.<\/p>\n<p class=\"fig-body-link\">\n            \u00c0 lire aussi<br \/>\n        <a class=\"fig-body-link__link\" href=\"http:\/\/www.lefigaro.fr\/sports\/football\/ligue-2-kolodziejczak-lopez-krasso-les-hommes-forts-de-la-montee-en-ligue-1-du-paris-fc-20250502\" data-fig-type=\"NewsFlash\" data-gtm-custom-categorie=\"navigation\" data-gtm-custom-action=\"crossclick\" data-gtm-custom-label=\"Contextuel\" data-gtm-event=\"customEventSPE\" data-fig-domain=\"LEFIGARO\" target=\"_blank\" rel=\"noopener\">Ligue 2\u00a0: Kolodziejczak, Lopez, Krasso&#8230; Les hommes forts de la mont\u00e9e en Ligue 1 du Paris FC<br \/>\n    <\/a>\n<\/p>\n<p class=\"fig-paragraph\">Le Paris FC, pour sa part, re\u00e7oit l\u2019AC Ajaccio (11e, 42 points). Une formation sans aucune ambition en cette fin de saison. Le maintien en Ligue 2 est d\u2019ores et d\u00e9j\u00e0 garanti et la mont\u00e9e en Ligue 1 n\u2019est plus possible depuis bien longtemps. Au mieux, les Corses peuvent terminer dans la premi\u00e8re partie de tableau en passant devant l\u2019Amiens SC (10e, 43 points). Pas certain que cette possibilit\u00e9 suffise \u00e0 les transcender ce samedi apr\u00e8s-midi. C\u2019est ce qu\u2019esp\u00e8rent les Parisiens.<\/p>\n<p>Le Paris FC veut encore y croire<\/p>\n<p class=\"fig-paragraph\">Parce qu\u2019en d\u00e9pit de leur situation d\u00e9favorable,\u00a0<a href=\"http:\/\/www.lefigaro.fr\/sports\/football\/pourquoi-on-ne-met-pas-la-var-en-ligue-2-faut-arreter-de-nous-prendre-des-cons-fustige-maxime-lopez-20241123\" data-fig-type=\"NewsFlash\" data-gtm-custom-categorie=\"navigation\" data-gtm-custom-action=\"crossclick\" data-gtm-custom-label=\"Contextuel\" data-gtm-event=\"customEventSPE\" data-fig-domain=\"LEFIGARO\" target=\"_blank\" rel=\"noopener\">Maxime Lopez<\/a>\u00a0et ses partenaires veulent encore croire au sacre. \u00abLorient a l\u2019avantage, il faudra compter sur une contre-performance de leur part, mais cela reste possible. \u00c0 nous de gagner ce dernier match et d\u2019esp\u00e9rer un sc\u00e9nario favorable au Moustoir. On est sur une tr\u00e8s bonne dynamique ces derni\u00e8res semaines. Le titre, on y croit encore\u00a0!\u00bb, a annonc\u00e9 l\u2019avant-centre Pierre-Yves Hamel, dans un entretien accord\u00e9 au\u00a0<a href=\"https:\/\/www.letelegramme.fr\/sports\/football\/le-titre-on-y-croit-encore-pierre-yves-hamel-et-le-paris-fc-misent-sur-un-faux-pas-du-fc-lorient-pour-finir-champions-de-ligue-2-6813486.php\" target=\"_blank\" rel=\"nofollow noopener\" data-gtm-custom-categorie=\"navigation\" data-gtm-custom-action=\"crossclick\" data-gtm-custom-label=\"Contextuel\" data-gtm-event=\"customEventSPE\">T\u00e9l\u00e9gramme<\/a> .<\/p>\n<p class=\"fig-body-link\">\n            \u00c0 lire aussi<br \/>\n        <a class=\"fig-body-link__link fig-premium-mark\" href=\"http:\/\/www.lefigaro.fr\/sports\/football\/ligue-1\/mercato-budget-staff-quelles-ambitions-pour-le-paris-fc-version-famille-arnault-en-ligue-1-20250504\" data-fig-type=\"Article\" data-gtm-custom-categorie=\"navigation\" data-gtm-custom-action=\"crossclick\" data-gtm-custom-label=\"Contextuel\" data-gtm-event=\"customEventSPE\" data-fig-domain=\"LEFIGARO\" target=\"_blank\" rel=\"noopener\">Mercato, budget, staff\u2026 Quelles ambitions pour le Paris FC version famille Arnault en Ligue\u00a01\u00a0?<br \/>\n    <\/a>\n<\/p>\n<p class=\"fig-paragraph\">Son entra\u00eeneur St\u00e9phane Gilli est dans le m\u00eame \u00e9tat d\u2019esprit, m\u00eame s\u2019il veut profiter, dans tous les cas, de ce dernier match pour c\u00e9l\u00e9brer avec les supporters. \u00abLe championnat n\u2019est pas fini. On a toujours une chance d\u2019\u00eatre champion math\u00e9matiquement, a d\u00e9clar\u00e9 le technicien parisien. C\u2019est vrai, on a bien profit\u00e9 de cette mont\u00e9e. La reprise mardi \u00e9tait assez d\u00e9contract\u00e9e, mais, ensuite, on a fait une semaine normale, il y a la vid\u00e9o de l\u2019adversaire, des coups de pied arr\u00eat\u00e9s, du gardien. C\u2019est le dernier match \u00e0 Charl\u00e9ty et finir par une victoire, \u00e7a me semble la moindre des choses par rapport au public et m\u00eame pour nous.\u00bb Est-ce que ce sera suffisant pour d\u00e9crocher le titre\u00a0? R\u00e9ponse samedi en d\u00e9but de soir\u00e9e.<\/p>\n","protected":false},"excerpt":{"rendered":"Le FC Lorient et le Paris FC se disputent, ce samedi apr\u00e8s-midi, le titre de Ligue 2. Une&hellip;\n","protected":false},"author":2,"featured_media":88267,"comment_status":"","ping_status":"","sticky":false,"template":"","format":"standard","meta":{"footnotes":""},"categories":[1888],"tags":[1111,1928,11,1927,454,69,448,83,451,64,1777,450,449,674,3317,1011,27,452,453,66,446,447,12,1926,626,445,1925,70,25,455],"class_list":{"0":"post-88266","1":"post","2":"type-post","3":"status-publish","4":"format-standard","5":"has-post-thumbnail","7":"category-paris","8":"tag-actu","9":"tag-actu-paris","10":"tag-actualites","11":"tag-actualites-paris","12":"tag-ballon-dor","13":"tag-bundesliga","14":"tag-champions-league","15":"tag-coupe-de-france","16":"tag-coupe-du-monde","17":"tag-equipe-de-france","18":"tag-eu","19":"tag-euro","20":"tag-europa-league","21":"tag-europe","22":"tag-fc-lorient","23":"tag-fr","24":"tag-france","25":"tag-italie","26":"tag-liga","27":"tag-ligue-1","28":"tag-ligue-2","29":"tag-ligue-des-champions","30":"tag-news","31":"tag-news-paris","32":"tag-paris","33":"tag-paris-fc","34":"tag-paris-news","35":"tag-premier-league","36":"tag-republique-francaise","37":"tag-uefa"},"share_on_mastodon":{"url":"https:\/\/pubeurope.com\/@fr\/114481142451908592","error":""},"_links":{"self":[{"href":"https:\/\/www.europesays.com\/fr\/wp-json\/wp\/v2\/posts\/88266","targetHints":{"allow":["GET"]}}],"collection":[{"href":"https:\/\/www.europesays.com\/fr\/wp-json\/wp\/v2\/posts"}],"about":[{"href":"https:\/\/www.europesays.com\/fr\/wp-json\/wp\/v2\/types\/post"}],"author":[{"embeddable":true,"href":"https:\/\/www.europesays.com\/fr\/wp-json\/wp\/v2\/users\/2"}],"replies":[{"embeddable":true,"href":"https:\/\/www.europesays.com\/fr\/wp-json\/wp\/v2\/comments?post=88266"}],"version-history":[{"count":0,"href":"https:\/\/www.europesays.com\/fr\/wp-json\/wp\/v2\/posts\/88266\/revisions"}],"wp:featuredmedia":[{"embeddable":true,"href":"https:\/\/www.europesays.com\/fr\/wp-json\/wp\/v2\/media\/88267"}],"wp:attachment":[{"href":"https:\/\/www.europesays.com\/fr\/wp-json\/wp\/v2\/media?parent=88266"}],"wp:term":[{"taxonomy":"category","embeddable":true,"href":"https:\/\/www.europesays.com\/fr\/wp-json\/wp\/v2\/categories?post=88266"},{"taxonomy":"post_tag","embeddable":true,"href":"https:\/\/www.europesays.com\/fr\/wp-json\/wp\/v2\/tags?post=88266"}],"curies":[{"name":"wp","href":"https:\/\/api.w.org\/{rel}","templated":true}]}}