{"id":88295,"date":"2025-05-10T02:34:09","date_gmt":"2025-05-10T02:34:09","guid":{"rendered":"https:\/\/www.europesays.com\/fr\/88295\/"},"modified":"2025-05-10T02:34:09","modified_gmt":"2025-05-10T02:34:09","slug":"pronostic-ben-shelton-jaume-munar-atp-rome","status":"publish","type":"post","link":"https:\/\/www.europesays.com\/fr\/88295\/","title":{"rendered":"Pronostic Ben Shelton Jaume Munar &#8211; ATP Rome"},"content":{"rendered":"<p class=\"text-xs leading-5 text-gray-400 mb-2\">\n                        Publi\u00e9 le 09\/05\/2025 16:31<br \/>\n                        \u00a0par<br \/>\n                                                            <a href=\"https:\/\/www.sportytrader.com\/auteur\/jeremy-ernou-10\/\" target=\"_blank\" rel=\"noopener\">J\u00e9r\u00e9my Ernou<\/a><\/p>\n<p>                                                    |<br \/>\n                            Modifi\u00e9 le<br \/>\n                                09\/05\/2025<br \/>\n                                \u00e0 16:32<\/p>\n<p>                                                                                                            dans<br \/>\n                                <a data-trans=\"tips.published.competition %competition%\" href=\"https:\/\/www.sportytrader.com\/pronostics\/tennis\/atp\/rome-347\/\" target=\"_blank\" rel=\"noopener\"><br \/>\n                                    Pronostic ATP Rome<br \/>\n                                <\/a><\/p>\n<p>Outsider dans ce Masters 1000, l\u2019Am\u00e9ricain Ben Shelton sera en piste ce samedi apr\u00e8s-midi \u00e0 Rome avec des d\u00e9buts face au sp\u00e9cialiste de la terre, l\u2019Espagnol Jaume Munar.<\/p>\n<p>Ben Shelton et la terre battue, c\u2019est un peu je t\u2019aime moi non plus ! Joueur bien plus \u00e0 l\u2019aise sur surface rapide, l\u2019Am\u00e9ricain est n\u00e9anmoins capable de sortir des grosses performances sur terre battue \u00e0 l\u2019image du tournoi de Munich au cours du mois d\u2019avril o\u00f9 le 13\u00e8me joueur mondial avait atteint la finale en Bavi\u00e8re. Cette performance contraste avec les autres tournois auxquels le natif d\u2019Atlanta a \u00e9volu\u00e9 avec un second tour \u00e0 Monte-Carlo ainsi qu\u2019un 3\u00e8me tour \u00e0 Madrid tout r\u00e9cemment. Mais cette \u00e9limination pr\u00e9coce en Espagne aura donn\u00e9 du temps de repos \u00e0 Ben Shelton qui arrivera dans de bonnes conditions physiques au Foro Italico ce samedi.<\/p>\n<p>Pur terrien, Jaume Munar s\u2019avance pourtant avec des doutes lors de ce second tour \u00e0 Rome. Les raisons ? Des r\u00e9sultats d\u00e9cevants sur sa surface pr\u00e9f\u00e9r\u00e9e depuis le d\u00e9but de la saison. Des sorties au premier tour \u00e0 Marrakech, Monte-Carlo, Madrid et Aix-en-Provence qui ont mis a mal les ambitions de l\u2019Espagnol sur terre battue. Victorieux p\u00e9niblement au premier tour du Chilien Tomas Barrios Vera, le 66\u00e8me joueur mondial ne s\u2019est pas rassur\u00e9 dans le contenu. Mais cette fois dans un r\u00f4le d\u2019outsider, Jaume Munar pourrait sortir son \u00e9pingle du jeu.<\/p>\n","protected":false},"excerpt":{"rendered":"Publi\u00e9 le 09\/05\/2025 16:31 \u00a0par J\u00e9r\u00e9my Ernou | Modifi\u00e9 le 09\/05\/2025 \u00e0 16:32 dans Pronostic ATP Rome Outsider&hellip;\n","protected":false},"author":2,"featured_media":88296,"comment_status":"","ping_status":"","sticky":false,"template":"","format":"standard","meta":{"footnotes":""},"categories":[1415],"tags":[19595,19856,1011,27,19857,1817,1821,60,1467],"class_list":{"0":"post-88295","1":"post","2":"type-post","3":"status-publish","4":"format-standard","5":"has-post-thumbnail","7":"category-tennis","8":"tag-atp-rome","9":"tag-ben-shelton","10":"tag-fr","11":"tag-france","12":"tag-jaume-munar","13":"tag-pronostic","14":"tag-pronostics","15":"tag-sports","16":"tag-tennis"},"share_on_mastodon":{"url":"https:\/\/pubeurope.com\/@fr\/114481205504944295","error":""},"_links":{"self":[{"href":"https:\/\/www.europesays.com\/fr\/wp-json\/wp\/v2\/posts\/88295","targetHints":{"allow":["GET"]}}],"collection":[{"href":"https:\/\/www.europesays.com\/fr\/wp-json\/wp\/v2\/posts"}],"about":[{"href":"https:\/\/www.europesays.com\/fr\/wp-json\/wp\/v2\/types\/post"}],"author":[{"embeddable":true,"href":"https:\/\/www.europesays.com\/fr\/wp-json\/wp\/v2\/users\/2"}],"replies":[{"embeddable":true,"href":"https:\/\/www.europesays.com\/fr\/wp-json\/wp\/v2\/comments?post=88295"}],"version-history":[{"count":0,"href":"https:\/\/www.europesays.com\/fr\/wp-json\/wp\/v2\/posts\/88295\/revisions"}],"wp:featuredmedia":[{"embeddable":true,"href":"https:\/\/www.europesays.com\/fr\/wp-json\/wp\/v2\/media\/88296"}],"wp:attachment":[{"href":"https:\/\/www.europesays.com\/fr\/wp-json\/wp\/v2\/media?parent=88295"}],"wp:term":[{"taxonomy":"category","embeddable":true,"href":"https:\/\/www.europesays.com\/fr\/wp-json\/wp\/v2\/categories?post=88295"},{"taxonomy":"post_tag","embeddable":true,"href":"https:\/\/www.europesays.com\/fr\/wp-json\/wp\/v2\/tags?post=88295"}],"curies":[{"name":"wp","href":"https:\/\/api.w.org\/{rel}","templated":true}]}}