{"id":88309,"date":"2025-05-10T02:43:21","date_gmt":"2025-05-10T02:43:21","guid":{"rendered":"https:\/\/www.europesays.com\/fr\/88309\/"},"modified":"2025-05-10T02:43:21","modified_gmt":"2025-05-10T02:43:21","slug":"cest-tres-difficile-michel-ferracci-le-mari-de-la-regrettee-emilie-dequenne-ne-sait-pas-sil-va-regarder-lepisode-diffuse-ce-vendredi-9-mai-2025-sur-france-2","status":"publish","type":"post","link":"https:\/\/www.europesays.com\/fr\/88309\/","title":{"rendered":"\u00ab\u00a0C&rsquo;est tr\u00e8s difficile\u00a0\u00bb, Michel Ferracci, le mari de la regrett\u00e9e Emilie Dequenne, ne sait pas s&rsquo;il va regarder l&rsquo;\u00e9pisode diffus\u00e9 ce vendredi 9 mai 2025 sur France 2"},"content":{"rendered":"<p>Michel Ferracci, le mari d&rsquo;\u00c9milie Dequenne, raconte son dilemme \u00e9motionnel par rapport \u00e0 l&rsquo;\u00e9pisode in\u00e9dit de Capitaine Marleau, diffus\u00e9 ce vendredi 9 mai 2025 sur France 2.<\/p>\n<p>Ce <a href=\"https:\/\/www.programme-tv.net\/news\/series-tv\/377085-deprogrammation-l-episode-de-capitaine-marleau-avec-emilie-dequenne-sera-finalement-diffuse-le-vendredi-9-mai-2025\/\" data-api-deeplink=\"teleloisirs:\/\/news\/377085\" target=\"_blank\" rel=\"noopener\">vendredi 9 mai 2025,<\/a> les t\u00e9l\u00e9spectateurs de France 2 vont vivre un grand moment d&rsquo;\u00e9motion avec la diffusion, \u00e0 partir de 21h05, de <a href=\"https:\/\/www.programme-tv.net\/news\/series-tv\/378222-capitaine-marleau-faut-il-regarder-l-episode-inedit-avec-la-regrettee-emilie-dequenne-diffuse-ce-vendredi-9-mai-2025-sur-france-2-notre-avis\/\" data-api-deeplink=\"teleloisirs:\/\/news\/378222\" target=\"_blank\" rel=\"noopener\">l&rsquo;\u00e9pisode in\u00e9dit de Capitaine Marleau<\/a>, marquant la derni\u00e8re apparition \u00e0 l&rsquo;\u00e9cran de la lumineuse et courageuse <a href=\"https:\/\/www.programme-tv.net\/news\/people\/373688-l-actrice-belge-emilie-dequenne-est-morte-a-lage-de-43-ans\/\" data-api-deeplink=\"teleloisirs:\/\/news\/373688\" target=\"_blank\" rel=\"noopener\">\u00c9milie Dequenne, d\u00e9c\u00e9d\u00e9e le 16 mars dernier d&rsquo;un cancer,<\/a> \u00e0 l&rsquo;\u00e2ge de 43 ans \u00e0 peine. Des adieux r\u00e9ussis pour celle qui remporta le Prix d&rsquo;interpr\u00e9tation \u00e0 Cannes en 1999, au tout d\u00e9but de sa carri\u00e8re, avec le film Rosetta. Un dernier salut auquel assistera <a href=\"https:\/\/www.programme-tv.net\/news\/people\/373689-mort-d-emilie-dequenne-qui-est-michel-ferracci-le-mari-de-la-comedienne-decedee-a-l-age-de-43-ans\/\" data-api-deeplink=\"teleloisirs:\/\/news\/373689\" target=\"_blank\" rel=\"noopener\">son mari, le com\u00e9dien Michel Ferracci<\/a> ? Il a r\u00e9pondu \u00e0 cette question&#8230;<\/p>\n<p>Capitaine Marleau : Michel Ferracci, le mari d&rsquo; Emilie Dequenne, ne sait pas s&rsquo;il va regarder l&rsquo;\u00e9pisode diffus\u00e9 ce vendredi 9 mai 2025 sur France 2<\/p>\n<p>Dans une interview accord\u00e9e \u00e0 nos confr\u00e8res de <a href=\"https:\/\/www.gala.fr\/l_actu\/news_de_stars\/exclu-emilie-dequenne-les-bouleversantes-confidences-de-son-mari-michel-ferracci-apres-sa-disparition-je-m-accroche-20250507\" target=\"_blank\" rel=\"noopener\">Gala<\/a>, le com\u00e9dien et producteur s&rsquo;est confi\u00e9 sur cet \u00e9pisode forc\u00e9ment tr\u00e8s sp\u00e9cial pour lui. Sera-t-il devant son \u00e9cran ce vendredi 9 mai 2025 ? La r\u00e9ponse est encore en suspens : \u00ab\u00a0Pour tout vous dire, je suis tr\u00e8s partag\u00e9 entre mon envie de regarder cet \u00e9pisode et mon appr\u00e9hension de revoir ces images de bonheur perdu (&#8230;) Je ne sais pas encore. Depuis qu&rsquo;elle est partie, j&rsquo;ai revu certains de ses films quand elle avait les cheveux longs. Et sur ce Marleau, ses cheveux n&rsquo;avaient pas encore repouss\u00e9 apr\u00e8s la chimio. Ce n&rsquo;\u00e9tait pas un choix, vous comprenez&#8230; Bien s\u00fbr qu&rsquo;elle \u00e9tait tr\u00e8s belle, mais \u00e0 la fin de sa vie, elle \u00e9tait \u00e9galement comme \u00e7a et pour moi, c&rsquo;est tr\u00e8s difficile.\u00a0\u00bb Un dilemme bouleversant pour <a href=\"https:\/\/www.programme-tv.net\/news\/people\/354516-emilie-dequenne-qui-est-son-mari-michel-ferracci\/\" data-api-deeplink=\"teleloisirs:\/\/news\/354516\" target=\"_blank\" rel=\"noopener\">celui qui \u00e9tait l&rsquo;\u00e9poux d&rsquo;\u00c9milie Dequenne depuis octobre 2014<\/a>&#8230;<\/p>\n<p>                        \u00ab\u00a0Cinq jours avant de partir&#8230;\u00a0\u00bb : Michel Ferracci se confie sur l&rsquo;incroyable soif de vie d&rsquo;\u00c9milie Dequenne<\/p>\n<p>Toujours dans les colonnes de Gala, <b>Michel Ferracci,<\/b> qui joue \u00e9galement dans cet \u00e9pisode in\u00e9dit de Capitaine Marleau, s&rsquo;est \u00e9galement confi\u00e9 sur la difficile vie \u00ab\u00a0apr\u00e8s\u00a0\u00bb la mort de son \u00e9pouse : \u00ab\u00a0Quand vous fr\u00e9quentez les h\u00f4pitaux durant plus de deux ans et que vous voyez ce que j\u2019ai vu, vous vous dites qu\u2019il faut continuer \u00e0 profiter de la vie.\u00a0\u00bb Cette r\u00e9silience dont fait preuve Michel Ferracci, il la doit justement \u00e0 \u00c9milie Dequenne, qui n&rsquo;\u00e9tait pas \u00ab\u00a0que\u00a0\u00bb lumineuse et inspirante \u00e0 l&rsquo;\u00e9cran : \u00ab\u00a0Oui, je souffre mais Emilie n\u2019aurait pas aim\u00e9 que je me laisse aller avec mon chagrin. Cinq jours avant de partir, le 11 mars dernier, jour de mon anniversaire, elle me chantait encore &lsquo;J\u2019aime, j\u2019aime la vie !'\u00a0\u00bb Rendez-vous donc \u00e0 partir de 21h05 sur France 2 pour c\u00e9l\u00e9brer le talent et l&rsquo;\u00e9clat d&rsquo;une remarquable actrice, partie bien trop t\u00f4t&#8230;<\/p>\n","protected":false},"excerpt":{"rendered":"Michel Ferracci, le mari d&rsquo;\u00c9milie Dequenne, raconte son dilemme \u00e9motionnel par rapport \u00e0 l&rsquo;\u00e9pisode in\u00e9dit de Capitaine Marleau,&hellip;\n","protected":false},"author":2,"featured_media":88310,"comment_status":"","ping_status":"","sticky":false,"template":"","format":"standard","meta":{"footnotes":""},"categories":[1356],"tags":[2083,19510,19509,19511,244,9260,58,294,59,1011,27,594,252,1364],"class_list":{"0":"post-88309","1":"post","2":"type-post","3":"status-publish","4":"format-standard","5":"has-post-thumbnail","7":"category-television","8":"tag-bandes-annonces","9":"tag-capitaine-marleau-e14-la-septiu00e8me-danse-1098782228","10":"tag-capitaine-marleau-116720938","11":"tag-capitaine-marleau-117013057","12":"tag-commentaire","13":"tag-confidences","14":"tag-divertissement","15":"tag-emilie-dequenne","16":"tag-entertainment","17":"tag-fr","18":"tag-france","19":"tag-france-2","20":"tag-television","21":"tag-tv"},"share_on_mastodon":{"url":"https:\/\/pubeurope.com\/@fr\/114481240747075083","error":""},"_links":{"self":[{"href":"https:\/\/www.europesays.com\/fr\/wp-json\/wp\/v2\/posts\/88309","targetHints":{"allow":["GET"]}}],"collection":[{"href":"https:\/\/www.europesays.com\/fr\/wp-json\/wp\/v2\/posts"}],"about":[{"href":"https:\/\/www.europesays.com\/fr\/wp-json\/wp\/v2\/types\/post"}],"author":[{"embeddable":true,"href":"https:\/\/www.europesays.com\/fr\/wp-json\/wp\/v2\/users\/2"}],"replies":[{"embeddable":true,"href":"https:\/\/www.europesays.com\/fr\/wp-json\/wp\/v2\/comments?post=88309"}],"version-history":[{"count":0,"href":"https:\/\/www.europesays.com\/fr\/wp-json\/wp\/v2\/posts\/88309\/revisions"}],"wp:featuredmedia":[{"embeddable":true,"href":"https:\/\/www.europesays.com\/fr\/wp-json\/wp\/v2\/media\/88310"}],"wp:attachment":[{"href":"https:\/\/www.europesays.com\/fr\/wp-json\/wp\/v2\/media?parent=88309"}],"wp:term":[{"taxonomy":"category","embeddable":true,"href":"https:\/\/www.europesays.com\/fr\/wp-json\/wp\/v2\/categories?post=88309"},{"taxonomy":"post_tag","embeddable":true,"href":"https:\/\/www.europesays.com\/fr\/wp-json\/wp\/v2\/tags?post=88309"}],"curies":[{"name":"wp","href":"https:\/\/api.w.org\/{rel}","templated":true}]}}