{"id":88319,"date":"2025-05-10T02:48:09","date_gmt":"2025-05-10T02:48:09","guid":{"rendered":"https:\/\/www.europesays.com\/fr\/88319\/"},"modified":"2025-05-10T02:48:09","modified_gmt":"2025-05-10T02:48:09","slug":"je-lai-supplie-lex-de-gerard-depardieu-a-bout-de-nerfs-elle-se-retrouve-a-la-rue-avec-leur-fils","status":"publish","type":"post","link":"https:\/\/www.europesays.com\/fr\/88319\/","title":{"rendered":"\u201cJe l\u2019ai suppli\u00e9\u201d : l\u2019ex de G\u00e9rard Depardieu \u00e0 bout de nerfs, elle se retrouve \u00e0 la rue avec leur fils"},"content":{"rendered":"<p>Depuis quelques mois, G\u00e9rard Depardieu est au centre d\u2019une<br \/>\ntemp\u00eate m\u00e9diatique, suite \u00e0 plusieurs <a href=\"https:\/\/www.closermag.fr\/people\/gerard-depardieu-fourrer-ses-mains-grasses-vahina-giocante-fulminante-au-surlendemain-de-son-proces-3531960\" target=\"_blank\" rel=\"noopener\"><br \/>\nplainte de viols et de harc\u00e8lement sexuel<\/a> \u00e0 son \u00e9gard.<br \/>\nCependant, l\u2019acteur fait aujourd\u2019hui face \u00e0 une nouvelle affaire.<br \/>\nCette fois-ci le tribunal n\u2019est pas concern\u00e9. Il s\u2019agit plut\u00f4t d\u2019un<br \/>\ncri du c\u0153ur et d\u2019un appel \u00e0 l\u2019aide de <a href=\"https:\/\/www.closermag.fr\/people\/gerard-depardieu-qui-est-helene-bizot-la-mere-de-son-fils-jean-1605052#item=1\" target=\"_blank\" rel=\"noopener\"><br \/>\nson ex-conjointe, Helen Bizot.<\/a><\/p>\n<p>\u00c0 bout de nerfs apr\u00e8s des ann\u00e9es de silence, l\u2019actrice prend<br \/>\nenfin la parole. Contrairement \u00e0 d\u2019autres femmes, elle n\u2019accuse pas<br \/>\nG\u00e9rard Depardieu de violences sexuelles, mais plut\u00f4t de l\u00a0\u00bbavoir<br \/>\nabandonn\u00e9 son fils. Apr\u00e8s avoir alert\u00e9 son ex-conjoint, en vain,<br \/>\nelle a d\u00e9cid\u00e9 de parler dans les m\u00e9dias.<\/p>\n<p>Helen Bizot lance un appel au secours<\/p>\n<p>\u201c<strong>C\u2019est le cri d\u2019une m\u00e8re<\/strong>. Mon fils<br \/>\ns\u2019appelle <a href=\"https:\/\/www.closermag.fr\/people\/gerard-depardieu-qui-sont-ses-deux-derniers-enfants-roxane-et-jean-1108482#item=1\" target=\"_blank\" rel=\"noopener\"><br \/>\nJean Depardieu<\/a> (ndlr : il a \u00e9t\u00e9 nomm\u00e9 ainsi en hommage \u00e0 Jean<br \/>\nCarmet), il va avoir 19 ans, il est le fils de G\u00e9rard Depardieu<br \/>\nqui, aujourd\u2019hui, nous laisse tomber\u201d, voici les premiers mots<br \/>\nqu\u2019Helen Bizot a prononc\u00e9 dans une interview donn\u00e9e \u00e0 Voici, publi\u00e9<br \/>\nle 9 mai. Pour rappel, <strong>ils se sont s\u00e9par\u00e9s en<br \/>\n2006.<\/strong> De leur union est n\u00e9 Jean, un gar\u00e7on qui a<br \/>\naujourd\u2019hui 19 ans. Et visiblement, il est plus ou moins laiss\u00e9 de<br \/>\nc\u00f4t\u00e9 par son papa.<\/p>\n<p>Comme l\u2019explique Helen Bizot, elle sera en ce moment en litige<br \/>\navec le p\u00e8re de son fils, \u00e0 cause de la mise en vente de<br \/>\nl\u2019appartement dans lequel elle habite avec Jean : \u201cNous avions<br \/>\nla jouissance d\u2019un appartement, \u00e0 Paris, depuis 2012, et<br \/>\naujourd\u2019hui, G\u00e9rard nous met dehors\u201d, explique-t-elle, avant<br \/>\nde pr\u00e9ciser son propos : \u201cIl m\u2019a fait annoncer en septembre<br \/>\ndernier par son entourage qu\u2019<strong>il supprimait la pension<br \/>\nalimentaire et souhaitait mettre l\u2019appartement en<br \/>\nvente<\/strong>\u201d, d\u00e9clare-t-elle \u00e0 nos confr\u00e8res.<\/p>\n<p>L\u2019ex-compagne de G\u00e9rard Depardieu se<br \/>\nretrouve \u00e0 la rue<\/p>\n<p>Face \u00e0 cette annonce, Helen Bizot \u00e9tait totalement d\u00e9sempar\u00e9e.<br \/>\nC\u2019est la raison pour laquelle l\u2019ex-compagne de G\u00e9rard Depardieu a<br \/>\nchoisi d&rsquo;alerter les m\u00e9dias. C\u2019est sa derni\u00e8re solution :<br \/>\n<strong>\u201c<\/strong><strong>Je l\u2019ai suppli\u00e9e de ne pas me jeter \u00e0<br \/>\nla rue sous les yeux de notre fils<\/strong> et de me laisser le<br \/>\ntemps de trouver une solution\u201d, d\u00e9plore-t-elle.<\/p>\n<p>Il semblerait que ses supplications n\u2019aient pas suffit, puisque<br \/>\nquelques mois plus tard l&rsquo;acteur lui a envoy\u00e9 la factures des<br \/>\ncharges li\u00e9es \u00e0 l\u2019appartement, d\u2019un montant de 7 400 euros.<br \/>\nPourtant, cela faisait plusieurs mois que la maman de Jean n\u2019avait<br \/>\npas de revenu, et il le savait tr\u00e8s bien. Elle esp\u00e8re donc que cet<br \/>\n<strong>ultime appel au secours sera entendu.<\/strong><\/p>\n","protected":false},"excerpt":{"rendered":"Depuis quelques mois, G\u00e9rard Depardieu est au centre d\u2019une temp\u00eate m\u00e9diatique, suite \u00e0 plusieurs plainte de viols et&hellip;\n","protected":false},"author":2,"featured_media":88320,"comment_status":"","ping_status":"","sticky":false,"template":"","format":"standard","meta":{"footnotes":""},"categories":[8],"tags":[548,58,59,1011,27,302],"class_list":{"0":"post-88319","1":"post","2":"type-post","3":"status-publish","4":"format-standard","5":"has-post-thumbnail","7":"category-divertissement","8":"tag-article-simple","9":"tag-divertissement","10":"tag-entertainment","11":"tag-fr","12":"tag-france","13":"tag-gerard-depardieu"},"share_on_mastodon":{"url":"https:\/\/pubeurope.com\/@fr\/114481260397008325","error":""},"_links":{"self":[{"href":"https:\/\/www.europesays.com\/fr\/wp-json\/wp\/v2\/posts\/88319","targetHints":{"allow":["GET"]}}],"collection":[{"href":"https:\/\/www.europesays.com\/fr\/wp-json\/wp\/v2\/posts"}],"about":[{"href":"https:\/\/www.europesays.com\/fr\/wp-json\/wp\/v2\/types\/post"}],"author":[{"embeddable":true,"href":"https:\/\/www.europesays.com\/fr\/wp-json\/wp\/v2\/users\/2"}],"replies":[{"embeddable":true,"href":"https:\/\/www.europesays.com\/fr\/wp-json\/wp\/v2\/comments?post=88319"}],"version-history":[{"count":0,"href":"https:\/\/www.europesays.com\/fr\/wp-json\/wp\/v2\/posts\/88319\/revisions"}],"wp:featuredmedia":[{"embeddable":true,"href":"https:\/\/www.europesays.com\/fr\/wp-json\/wp\/v2\/media\/88320"}],"wp:attachment":[{"href":"https:\/\/www.europesays.com\/fr\/wp-json\/wp\/v2\/media?parent=88319"}],"wp:term":[{"taxonomy":"category","embeddable":true,"href":"https:\/\/www.europesays.com\/fr\/wp-json\/wp\/v2\/categories?post=88319"},{"taxonomy":"post_tag","embeddable":true,"href":"https:\/\/www.europesays.com\/fr\/wp-json\/wp\/v2\/tags?post=88319"}],"curies":[{"name":"wp","href":"https:\/\/api.w.org\/{rel}","templated":true}]}}