{"id":88325,"date":"2025-05-10T02:51:09","date_gmt":"2025-05-10T02:51:09","guid":{"rendered":"https:\/\/www.europesays.com\/fr\/88325\/"},"modified":"2025-05-10T02:51:09","modified_gmt":"2025-05-10T02:51:09","slug":"interpellation-dun-maire-qui-protestait-contre-un-megacentre-de-detention-pour-migrants-pres-de-new-york","status":"publish","type":"post","link":"https:\/\/www.europesays.com\/fr\/88325\/","title":{"rendered":"Interpellation d&rsquo;un maire qui protestait contre un m\u00e9gacentre de d\u00e9tention pour migrants pr\u00e8s de New York"},"content":{"rendered":"<p class=\"fig-paragraph\">Le maire d\u00e9mocrate d&rsquo;une banlieue pr\u00e8s de\u00a0<a href=\"http:\/\/www.lefigaro.fr\/international\/pas-de-roi-en-amerique-plus-d-un-millier-de-personnes-mobilisees-a-new-york-contre-donald-trump-20250502\" data-fig-type=\"Article\" data-gtm-custom-categorie=\"navigation\" data-gtm-custom-action=\"crossclick\" data-gtm-custom-label=\"Contextuel\" data-gtm-event=\"customEventSPE\" data-fig-domain=\"LEFIGARO\" target=\"_blank\" rel=\"noopener\">New York<\/a>, qui m\u00e8ne une fronde contre un m\u00e9gacentre de d\u00e9tention de migrants voulu par\u00a0<a href=\"http:\/\/www.lefigaro.fr\/societes\/donald-trump-donne-carte-blanche-a-spacex-pour-multiplier-les-lancements-de-starship-20250507\" data-fig-type=\"Article\" data-gtm-custom-categorie=\"navigation\" data-gtm-custom-action=\"crossclick\" data-gtm-custom-label=\"Contextuel\" data-gtm-event=\"customEventSPE\" data-fig-domain=\"LEFIGARO\" target=\"_blank\" rel=\"noopener\">Donald Trump<\/a>, a \u00e9t\u00e9 arr\u00eat\u00e9 vendredi pour intrusion sur les lieux, a annonc\u00e9 la procureure f\u00e9d\u00e9rale du New Jersey, une proche du pr\u00e9sident r\u00e9publicain.<\/p>\n<p class=\"fig-paragraph\">Le maire de Newark, Ras Baraka, \u00abs&rsquo;est rendu coupable d&rsquo;intrusion et a ignor\u00e9 les multiples avertissements des services (du minist\u00e8re) de la S\u00e9curit\u00e9 int\u00e9rieure lui demandant de quitter le centre de d\u00e9tention de l&rsquo;ICE (les services f\u00e9d\u00e9raux de l&rsquo;immigration) \u00e0 Newark, dans le New Jersey, cet apr\u00e8s-midi (vendredi)\u00bb, a d\u00e9clar\u00e9 sur X la procureure Alina Habba, qui a \u00e9t\u00e9 l&rsquo;avocate personnelle de Donald Trump. \u00abIl a volontairement choisi de ne pas respecter la loi (&#8230;) Il a \u00e9t\u00e9 plac\u00e9 en d\u00e9tention\u00bb, a-t-elle ajout\u00e9.<\/p>\n<p>Menottes dans le dos<\/p>\n<p class=\"fig-paragraph\">Des images des m\u00e9dias am\u00e9ricains ont montr\u00e9 le maire marchant calmement, menottes dans le dos, entour\u00e9 d&rsquo;agents des forces de l&rsquo;ordre. Ras Baraka est vent debout contre la politique migratoire du pr\u00e9sident am\u00e9ricain Donald Trump et s&rsquo;oppose \u00e0 l&rsquo;implantation de ce centre dans le New Jersey, Etat ouvrier aux portes de New York, qui compte d&rsquo;importantes communaut\u00e9s hispaniques et afro-am\u00e9ricaines.<\/p>\n<p class=\"fig-paragraph\">Cette semaine, il s&rsquo;est rendu plusieurs fois sur le site, un immense espace s\u00e9curis\u00e9 et grillag\u00e9, mais s&rsquo;\u00e9tait d\u00e9j\u00e0 heurt\u00e9 \u00e0 la pr\u00e9sence d&rsquo;agents arm\u00e9s de la police f\u00e9d\u00e9rale. Fin f\u00e9vrier, les services de l&rsquo;ICE ont octroy\u00e9 un contrat d&rsquo;un milliard de dollars sur 15 ans \u00e0 une soci\u00e9t\u00e9 pour transformer ce site en centre de d\u00e9tention de 1000 lits. Le site a \u00e9t\u00e9 choisi pr\u00e8s de l&rsquo;a\u00e9roport de Newark pour faciliter les expulsions.<\/p>\n","protected":false},"excerpt":{"rendered":"Le maire d\u00e9mocrate d&rsquo;une banlieue pr\u00e8s de\u00a0New York, qui m\u00e8ne une fronde contre un m\u00e9gacentre de d\u00e9tention de&hellip;\n","protected":false},"author":2,"featured_media":88326,"comment_status":"","ping_status":"","sticky":false,"template":"","format":"standard","meta":{"footnotes":""},"categories":[5],"tags":[1111,47,11,1109,1112,118,1108,107,1106,1107,1011,27,1110,1114,14,1251,415,12,1113,316,28],"class_list":{"0":"post-88325","1":"post","2":"type-post","3":"status-publish","4":"format-standard","5":"has-post-thumbnail","7":"category-international","8":"tag-actu","9":"tag-actualite","10":"tag-actualites","11":"tag-breves","12":"tag-depeches","13":"tag-faits-divers","14":"tag-fil","15":"tag-fil-info","16":"tag-flash","17":"tag-flash-actu","18":"tag-fr","19":"tag-france","20":"tag-informations","21":"tag-infos","22":"tag-international","23":"tag-migrants","24":"tag-new-york","25":"tag-news","26":"tag-nouvelles","27":"tag-politique","28":"tag-world"},"share_on_mastodon":{"url":"https:\/\/pubeurope.com\/@fr\/114481272266923343","error":""},"_links":{"self":[{"href":"https:\/\/www.europesays.com\/fr\/wp-json\/wp\/v2\/posts\/88325","targetHints":{"allow":["GET"]}}],"collection":[{"href":"https:\/\/www.europesays.com\/fr\/wp-json\/wp\/v2\/posts"}],"about":[{"href":"https:\/\/www.europesays.com\/fr\/wp-json\/wp\/v2\/types\/post"}],"author":[{"embeddable":true,"href":"https:\/\/www.europesays.com\/fr\/wp-json\/wp\/v2\/users\/2"}],"replies":[{"embeddable":true,"href":"https:\/\/www.europesays.com\/fr\/wp-json\/wp\/v2\/comments?post=88325"}],"version-history":[{"count":0,"href":"https:\/\/www.europesays.com\/fr\/wp-json\/wp\/v2\/posts\/88325\/revisions"}],"wp:featuredmedia":[{"embeddable":true,"href":"https:\/\/www.europesays.com\/fr\/wp-json\/wp\/v2\/media\/88326"}],"wp:attachment":[{"href":"https:\/\/www.europesays.com\/fr\/wp-json\/wp\/v2\/media?parent=88325"}],"wp:term":[{"taxonomy":"category","embeddable":true,"href":"https:\/\/www.europesays.com\/fr\/wp-json\/wp\/v2\/categories?post=88325"},{"taxonomy":"post_tag","embeddable":true,"href":"https:\/\/www.europesays.com\/fr\/wp-json\/wp\/v2\/tags?post=88325"}],"curies":[{"name":"wp","href":"https:\/\/api.w.org\/{rel}","templated":true}]}}