{"id":88327,"date":"2025-05-10T02:52:08","date_gmt":"2025-05-10T02:52:08","guid":{"rendered":"https:\/\/www.europesays.com\/fr\/88327\/"},"modified":"2025-05-10T02:52:08","modified_gmt":"2025-05-10T02:52:08","slug":"manifestation-neofasciste-a-paris-derriere-le-folklore-une-violence-et-une-influence-politique-grandissantes","status":"publish","type":"post","link":"https:\/\/www.europesays.com\/fr\/88327\/","title":{"rendered":"Manifestation n\u00e9ofasciste \u00e0 Paris\u00a0: derri\u00e8re le folklore, une violence et une influence politique grandissantes"},"content":{"rendered":"<p>Cr\u00e2nes ras\u00e9s, croix celtiques et chants identitaires. Chaque ann\u00e9e, nationalistes et n\u00e9onazis investissent les rues de Paris pour d\u00e9filer de la station Port-Royal \u00e0 la rue des Chartreux via le boulevard Montparnasse, la rue de Rennes et la rue d\u2019Assas. Tout de noir v\u00eatus, au rythme du slogan \u00ab\u00a0Europe, Jeunesse, R\u00e9volution\u00a0\u00bb, ils sont plusieurs centaines \u00e0 marcher au pas dans les rues de la capitale \u00e0 l\u2019appel du \u00ab\u00a0C9M\u00a0\u00bb, pour Comit\u00e9 du 9-Mai.<\/p>\n<p>Cr\u00e9\u00e9e apr\u00e8s la mort du militant nationaliste S\u00e9bastien Deyzieu, le 7\u00a0mai 1994, d\u00e9c\u00e9d\u00e9 en tombant d\u2019un toit alors qu\u2019il \u00e9tait poursuivi par la police, cette comm\u00e9moration annuelle est devenue le rendez-vous incontournable de <a href=\"https:\/\/www.humanite.fr\/politique\/extreme-droite\/jean-yves-camus-lextreme-droite-est-intrinsequement-raciste-crepol-ou-pas\" target=\"_blank\" rel=\"noopener\">l\u2019ultradroite hexagonale.<\/a><\/p>\n<p><a href=\"https:\/\/www.humanite.fr\/societe\/campements\/expulses-les-mineurs-de-la-gaite-lyrique-subissent-toujours-le-harcelement-de-la-police\" target=\"_blank\" rel=\"noopener\">Laurent Nu\u00f1ez, le pr\u00e9fet de police de Paris<\/a>, a pris mercredi 7\u00a0mai une s\u00e9rie d\u2019arr\u00eat\u00e9s d\u2019\u00ab\u00a0interdiction de manifester\u00a0\u00bb, visant \u00e0 la fois le d\u00e9fil\u00e9 nationaliste pr\u00e9vu ce samedi 10\u00a0mai, mais \u00e9galement l\u2019installation d\u2019un \u00ab\u00a0village antifasciste\u00a0\u00bb place du Panth\u00e9on et une contre-manifestation \u00ab\u00a0antifasciste et antiraciste\u00a0\u00bb empruntant le m\u00eame parcours que celui du C9M. L\u2019ann\u00e9e derni\u00e8re, le pr\u00e9fet avait vu ses arr\u00eat\u00e9s retoqu\u00e9s par le tribunal administratif, les juges estimant qu\u2019ils portaient \u00ab\u00a0une atteinte grave et manifestement ill\u00e9gale \u00e0 la libert\u00e9 de manifester\u00a0\u00bb, permettant \u00e0 quelque 500 nationalistes de battre le pav\u00e9 parisien.<\/p>\n<p>Une porosit\u00e9 entre le RN et l\u2019ultradroite<\/p>\n<p>Selon la Pr\u00e9fecture, cette ann\u00e9e, la manifestation \u00ab\u00a0est organis\u00e9e en sous-main par des membres de l\u2019ex-GUD ayant des accointances avec les mouvements n\u00e9onazis et n\u00e9ofascistes europ\u00e9ens\u00a0\u00bb. Une information confirm\u00e9e par une source au sein du milieu antifasciste parisien\u00a0: \u00ab\u00a0On retrouve essentiellement des ex-gudards qui ont cr\u00e9\u00e9 un nouveau groupe, les Hussards Paris, apr\u00e8s leur dissolution en 2024. Ils sont appuy\u00e9s aussi par des hooligans de Jeunesse Boulogne et le groupuscule n\u00e9ofasciste Luminis.\u00a0\u00bb<\/p>\n<p>La demande d\u2019autorisation pour la manifestation a \u00e9t\u00e9 d\u00e9pos\u00e9e par Maylis de Cibon, membre du groupe Luminis et ancienne responsable de la Cocarde Assas, un syndicat \u00e9tudiant d\u2019extr\u00eame droite adepte du coup de poing. Un CV qui ne l\u2019a pas emp\u00each\u00e9e d\u2019\u00eatre embauch\u00e9e comme assistante parlementaire  de <\/p>\n","protected":false},"excerpt":{"rendered":"Cr\u00e2nes ras\u00e9s, croix celtiques et chants identitaires. Chaque ann\u00e9e, nationalistes et n\u00e9onazis investissent les rues de Paris pour&hellip;\n","protected":false},"author":2,"featured_media":88328,"comment_status":"","ping_status":"","sticky":false,"template":"","format":"standard","meta":{"footnotes":""},"categories":[4],"tags":[11,6429,16959,1011,27,19858,12,19859,25],"class_list":{"0":"post-88327","1":"post","2":"type-post","3":"status-publish","4":"format-standard","5":"has-post-thumbnail","7":"category-france","8":"tag-actualites","9":"tag-extru00eame-droite","10":"tag-fascisme","11":"tag-fr","12":"tag-france","13":"tag-manfestations","14":"tag-news","15":"tag-nu00e9onazis","16":"tag-republique-francaise"},"share_on_mastodon":{"url":"https:\/\/pubeurope.com\/@fr\/114481276118034418","error":""},"_links":{"self":[{"href":"https:\/\/www.europesays.com\/fr\/wp-json\/wp\/v2\/posts\/88327","targetHints":{"allow":["GET"]}}],"collection":[{"href":"https:\/\/www.europesays.com\/fr\/wp-json\/wp\/v2\/posts"}],"about":[{"href":"https:\/\/www.europesays.com\/fr\/wp-json\/wp\/v2\/types\/post"}],"author":[{"embeddable":true,"href":"https:\/\/www.europesays.com\/fr\/wp-json\/wp\/v2\/users\/2"}],"replies":[{"embeddable":true,"href":"https:\/\/www.europesays.com\/fr\/wp-json\/wp\/v2\/comments?post=88327"}],"version-history":[{"count":0,"href":"https:\/\/www.europesays.com\/fr\/wp-json\/wp\/v2\/posts\/88327\/revisions"}],"wp:featuredmedia":[{"embeddable":true,"href":"https:\/\/www.europesays.com\/fr\/wp-json\/wp\/v2\/media\/88328"}],"wp:attachment":[{"href":"https:\/\/www.europesays.com\/fr\/wp-json\/wp\/v2\/media?parent=88327"}],"wp:term":[{"taxonomy":"category","embeddable":true,"href":"https:\/\/www.europesays.com\/fr\/wp-json\/wp\/v2\/categories?post=88327"},{"taxonomy":"post_tag","embeddable":true,"href":"https:\/\/www.europesays.com\/fr\/wp-json\/wp\/v2\/tags?post=88327"}],"curies":[{"name":"wp","href":"https:\/\/api.w.org\/{rel}","templated":true}]}}