{"id":88343,"date":"2025-05-10T03:06:16","date_gmt":"2025-05-10T03:06:16","guid":{"rendered":"https:\/\/www.europesays.com\/fr\/88343\/"},"modified":"2025-05-10T03:06:16","modified_gmt":"2025-05-10T03:06:16","slug":"grenoble-nesta-zahui-promu-parmi-les-pros","status":"publish","type":"post","link":"https:\/\/www.europesays.com\/fr\/88343\/","title":{"rendered":"Grenoble &#8211; Nesta Zahui promu parmi les pros"},"content":{"rendered":"<p style=\"text-align: justify;\">Entr\u00e9 en jeu lors des six derni\u00e8res journ\u00e9es de <strong>Ligue 2<\/strong> avec <strong>Grenoble<\/strong>, <strong>Nesta<\/strong> <strong>Zahui<\/strong> se fait une place dans l\u2019effectif is\u00e9rois. Si ses apparitions ont rarement exc\u00e9d\u00e9 un quart d\u2019heure, le jeune ailier (qui \u00e9volue aussi comme lat\u00e9ral) devrait faire partie des plans d\u2019avenir du coach Franck Rizzetto. Deux jours apr\u00e8s la prolongation du coach, le joueur de 22 ans a sign\u00e9 son premier contrat professionnel ce vendredi<\/p>\n<p style=\"text-align: justify;\">\u00c0 lire aussi &gt;&gt; <a href=\"https:\/\/maligue2.fr\/2025\/05\/09\/ligue-2-annecy-prolonge-laurent-guyot\/\" target=\"_blank\" rel=\"noopener\">Ligue 2 \u2013 Annecy prolonge Laurent Guyot !<\/a><\/p>\n<p style=\"text-align: justify;\">\u00ab Apr\u00e8s Malek Chergui, Florian Michel, Jules Sylvestre-Brac et Jekob Jeno, Mathys Tourraine, tous arriv\u00e9s pour le groupe r\u00e9serve dans un premier temps, <strong>Nesta Zahui est un nouveau symbole du tremplin qu\u2019est le groupe Elite Post-Formation<\/strong> en attendant le futur centre de formation du GF38 \u00bb, affirme le GF38 dans son communiqu\u00e9.<\/p>\n<p style=\"text-align: justify;\">Photo \u00a9Loic Baratoux\/FEP\/Icon Sport<\/p>\n","protected":false},"excerpt":{"rendered":"Entr\u00e9 en jeu lors des six derni\u00e8res journ\u00e9es de Ligue 2 avec Grenoble, Nesta Zahui se fait une&hellip;\n","protected":false},"author":2,"featured_media":88344,"comment_status":"","ping_status":"","sticky":false,"template":"","format":"standard","meta":{"footnotes":""},"categories":[9566],"tags":[8378,1111,11,2430,1777,674,1011,27,2731,19860,12,25],"class_list":{"0":"post-88343","1":"post","2":"type-post","3":"status-publish","4":"format-standard","5":"has-post-thumbnail","7":"category-grenoble","8":"tag-alaune8","9":"tag-actu","10":"tag-actualites","11":"tag-auvergne-rhone-alpes","12":"tag-eu","13":"tag-europe","14":"tag-fr","15":"tag-france","16":"tag-grenoble","17":"tag-nesta-zahui","18":"tag-news","19":"tag-republique-francaise"},"share_on_mastodon":{"url":"https:\/\/pubeurope.com\/@fr\/114481331092834855","error":""},"_links":{"self":[{"href":"https:\/\/www.europesays.com\/fr\/wp-json\/wp\/v2\/posts\/88343","targetHints":{"allow":["GET"]}}],"collection":[{"href":"https:\/\/www.europesays.com\/fr\/wp-json\/wp\/v2\/posts"}],"about":[{"href":"https:\/\/www.europesays.com\/fr\/wp-json\/wp\/v2\/types\/post"}],"author":[{"embeddable":true,"href":"https:\/\/www.europesays.com\/fr\/wp-json\/wp\/v2\/users\/2"}],"replies":[{"embeddable":true,"href":"https:\/\/www.europesays.com\/fr\/wp-json\/wp\/v2\/comments?post=88343"}],"version-history":[{"count":0,"href":"https:\/\/www.europesays.com\/fr\/wp-json\/wp\/v2\/posts\/88343\/revisions"}],"wp:featuredmedia":[{"embeddable":true,"href":"https:\/\/www.europesays.com\/fr\/wp-json\/wp\/v2\/media\/88344"}],"wp:attachment":[{"href":"https:\/\/www.europesays.com\/fr\/wp-json\/wp\/v2\/media?parent=88343"}],"wp:term":[{"taxonomy":"category","embeddable":true,"href":"https:\/\/www.europesays.com\/fr\/wp-json\/wp\/v2\/categories?post=88343"},{"taxonomy":"post_tag","embeddable":true,"href":"https:\/\/www.europesays.com\/fr\/wp-json\/wp\/v2\/tags?post=88343"}],"curies":[{"name":"wp","href":"https:\/\/api.w.org\/{rel}","templated":true}]}}