{"id":88347,"date":"2025-05-10T03:08:08","date_gmt":"2025-05-10T03:08:08","guid":{"rendered":"https:\/\/www.europesays.com\/fr\/88347\/"},"modified":"2025-05-10T03:08:08","modified_gmt":"2025-05-10T03:08:08","slug":"rennes-nice-a-quelle-heure-et-sur-quelle-chaine-tv-voir-le-match-de-la-33e-journee-de-ligue-1","status":"publish","type":"post","link":"https:\/\/www.europesays.com\/fr\/88347\/","title":{"rendered":"Rennes &#8211; Nice\u00a0: \u00e0 quelle heure et sur quelle cha\u00eene TV voir le match de la 33e journ\u00e9e de Ligue\u00a01"},"content":{"rendered":"<p>Ligue 1 (33e journ\u00e9e). Rennes &#8211; Nice, samedi 10 mai (21\u00a0h)<\/p>\n<p>Match de la 33e et avant-derni\u00e8re journ\u00e9e de Ligue 1, Rennes &#8211; Nice, sera diffus\u00e9 sur DAZN samedi 10 mai, \u00e0 21\u00a0h, comme toutes les autres affiches de la journ\u00e9e. Il sera possible de voir la rencontre sur un canal d\u00e9di\u00e9 ou lors du multiplexe du diffuseur.<\/p>\n<p>Se relancer avant la saison prochaine<\/p>\n<p>Apr\u00e8s deux d\u00e9faites, contre Lyon (<a href=\"https:\/\/www.letelegramme.fr\/sports\/football\/stade-rennais\/lyon-rennes-le-resume-de-la-grosse-deroute-rennaise-au-parc-ol-6806029.php\" title=\"www.letelegramme.fr\" rel=\"nofollow noopener\" target=\"_blank\">4-1<\/a>) et Toulouse (<a href=\"https:\/\/www.letelegramme.fr\/sports\/football\/toulouse-rennes-le-resume-dune-nouvelle-defaite-pour-le-stade-rennais-6810584.php\" title=\"www.letelegramme.fr\" rel=\"nofollow noopener\" target=\"_blank\">2-1<\/a>), le Stade Rennais retrouve le Roazhon Park et doit l\u2019emporter pour offrir \u00e0 ses supporters une derni\u00e8re joie avant le dernier match de la saison \u00e0 l\u2019ext\u00e9rieur. Ce sera aussi l\u2019occasion de se montrer pour les joueurs d\u2019Habib Beye, <a href=\"https:\/\/www.letelegramme.fr\/sports\/football\/stade-rennais\/habib-beye-prolonge-place-aux-chantiers-au-stade-rennais-6810207.php\" title=\"www.letelegramme.fr\" rel=\"nofollow noopener\" target=\"_blank\">r\u00e9cemment prolong\u00e9<\/a>, en vue de l\u2019intersaison qui devrait continuer \u00e0 rebattre certaines cartes.<\/p>\n<p>La rencontre sera aussi comment\u00e9e en direct sur le site du T\u00e9l\u00e9gramme (<a href=\"https:\/\/www.letelegramme.fr\/\" title=\"www.letelegramme.fr\" rel=\"nofollow noopener\" target=\"_blank\">www.letelegramme.fr<\/a>).<\/p>\n","protected":false},"excerpt":{"rendered":"Ligue 1 (33e journ\u00e9e). Rennes &#8211; Nice, samedi 10 mai (21\u00a0h) Match de la 33e et avant-derni\u00e8re journ\u00e9e&hellip;\n","protected":false},"author":2,"featured_media":88348,"comment_status":"","ping_status":"","sticky":false,"template":"","format":"standard","meta":{"footnotes":""},"categories":[2821],"tags":[1111,11,829,1777,674,63,1011,27,66,12,584,25,60,3087],"class_list":{"0":"post-88347","1":"post","2":"type-post","3":"status-publish","4":"format-standard","5":"has-post-thumbnail","7":"category-rennes","8":"tag-actu","9":"tag-actualites","10":"tag-bretagne","11":"tag-eu","12":"tag-europe","13":"tag-football","14":"tag-fr","15":"tag-france","16":"tag-ligue-1","17":"tag-news","18":"tag-rennes","19":"tag-republique-francaise","20":"tag-sports","21":"tag-stade-rennais"},"share_on_mastodon":{"url":"https:\/\/pubeurope.com\/@fr\/114481339026128440","error":""},"_links":{"self":[{"href":"https:\/\/www.europesays.com\/fr\/wp-json\/wp\/v2\/posts\/88347","targetHints":{"allow":["GET"]}}],"collection":[{"href":"https:\/\/www.europesays.com\/fr\/wp-json\/wp\/v2\/posts"}],"about":[{"href":"https:\/\/www.europesays.com\/fr\/wp-json\/wp\/v2\/types\/post"}],"author":[{"embeddable":true,"href":"https:\/\/www.europesays.com\/fr\/wp-json\/wp\/v2\/users\/2"}],"replies":[{"embeddable":true,"href":"https:\/\/www.europesays.com\/fr\/wp-json\/wp\/v2\/comments?post=88347"}],"version-history":[{"count":0,"href":"https:\/\/www.europesays.com\/fr\/wp-json\/wp\/v2\/posts\/88347\/revisions"}],"wp:featuredmedia":[{"embeddable":true,"href":"https:\/\/www.europesays.com\/fr\/wp-json\/wp\/v2\/media\/88348"}],"wp:attachment":[{"href":"https:\/\/www.europesays.com\/fr\/wp-json\/wp\/v2\/media?parent=88347"}],"wp:term":[{"taxonomy":"category","embeddable":true,"href":"https:\/\/www.europesays.com\/fr\/wp-json\/wp\/v2\/categories?post=88347"},{"taxonomy":"post_tag","embeddable":true,"href":"https:\/\/www.europesays.com\/fr\/wp-json\/wp\/v2\/tags?post=88347"}],"curies":[{"name":"wp","href":"https:\/\/api.w.org\/{rel}","templated":true}]}}