{"id":88374,"date":"2025-05-10T03:24:12","date_gmt":"2025-05-10T03:24:12","guid":{"rendered":"https:\/\/www.europesays.com\/fr\/88374\/"},"modified":"2025-05-10T03:24:12","modified_gmt":"2025-05-10T03:24:12","slug":"lyon-politiques-bilan-de-gregory-doucet-universite-lyon-2-et-baignade-dans-la-saone","status":"publish","type":"post","link":"https:\/\/www.europesays.com\/fr\/88374\/","title":{"rendered":"Lyon Politiques : bilan de Gr\u00e9gory Doucet, Universit\u00e9 Lyon 2 et baignade dans la Sa\u00f4ne"},"content":{"rendered":"<p>Lyon Politiques : bilan de Gr\u00e9gory Doucet, Universit\u00e9 Lyon 2 et baignade dans la Sa\u00f4ne &#8211; 09\/05\/25<\/p>\n<p>Le directeur de la publication de LyonMag Alexis Andr\u00e9, la fondatrice du Lab des Id\u00e9es publiques et de l&rsquo;Equipe des Lyonnes Alexandra Carraz-Ceselli, le conseiller municipal de La Mulati\u00e8re Maxime Bost et l&rsquo;ancien journaliste Slim Mazni interviennent sur les sujets suivants :<\/p>\n<p>&#8211; Neuf soir\u00e9es d&rsquo;\u00e9changes sur le bilan de Gr\u00e9gory Doucet : exercice d\u00e9mocratique utile ?<\/p>\n<p>&#8211; La R\u00e9gion suspend ses aides \u00e0 l&rsquo;Universit\u00e9 Lyon 2 : Laurent Wauquiez va-t-il trop loin ?<\/p>\n<p>&#8211; Piscine dans la darse, oeuvre d&rsquo;art place Bellecour : Gr\u00e9gory Doucet de plus en plus otage de ses propres promesses ?<\/p>\n<\/p>\n<p><strong><a href=\"https:\/\/www.lyonmag.com\/category\/61\/lyon-politiques\" target=\"_blank\" rel=\"noopener\">Lyon Politiques<\/a> est \u00e0 retrouver tous les vendredis \u00e0 16h30 sur LyonMag.com et sur <a href=\"https:\/\/www.youtube.com\/channel\/UCepdRYTQt5vKtrz-CuaFzpg\" target=\"_blank\" rel=\"noopener\">la cha\u00eene Youtube de LyonMag<\/a>. Partagez, r\u00e9agissez sur les diff\u00e9rents r\u00e9seaux sociaux de LyonMag.<\/strong><\/p>\n<p>00:00 Introduction\/Sommaire<br \/>&#13;<br \/>\n00:40 Bilan de Gr\u00e9gory Doucet<br \/>&#13;<br \/>\n15:54 Universit\u00e9 Lyon 2 vs. Laurent Wauquiez<br \/>&#13;<br \/>\n25:48 Baignade dans les fleuves<\/p>\n<p>            <a href=\"#\" class=\"back-page\" rel=\"back\">X<\/a><\/p>\n","protected":false},"excerpt":{"rendered":"Lyon Politiques : bilan de Gr\u00e9gory Doucet, Universit\u00e9 Lyon 2 et baignade dans la Sa\u00f4ne &#8211; 09\/05\/25 Le&hellip;\n","protected":false},"author":2,"featured_media":88375,"comment_status":"","ping_status":"","sticky":false,"template":"","format":"standard","meta":{"footnotes":""},"categories":[1889],"tags":[1111,11,2813,2190,2430,1109,251,1112,2811,1777,674,118,1011,27,1922,1110,1114,2428,2810,12,241,316,25,2812,517,800],"class_list":{"0":"post-88374","1":"post","2":"type-post","3":"status-publish","4":"format-standard","5":"has-post-thumbnail","7":"category-lyon","8":"tag-actu","9":"tag-actualites","10":"tag-article","11":"tag-asvel","12":"tag-auvergne-rhone-alpes","13":"tag-breves","14":"tag-culture","15":"tag-depeches","16":"tag-economique","17":"tag-eu","18":"tag-europe","19":"tag-faits-divers","20":"tag-fr","21":"tag-france","22":"tag-info","23":"tag-informations","24":"tag-infos","25":"tag-lyon","26":"tag-lyonmag","27":"tag-news","28":"tag-ol","29":"tag-politique","30":"tag-republique-francaise","31":"tag-sociale","32":"tag-sport","33":"tag-transports"},"share_on_mastodon":{"url":"https:\/\/pubeurope.com\/@fr\/114481401891895005","error":""},"_links":{"self":[{"href":"https:\/\/www.europesays.com\/fr\/wp-json\/wp\/v2\/posts\/88374","targetHints":{"allow":["GET"]}}],"collection":[{"href":"https:\/\/www.europesays.com\/fr\/wp-json\/wp\/v2\/posts"}],"about":[{"href":"https:\/\/www.europesays.com\/fr\/wp-json\/wp\/v2\/types\/post"}],"author":[{"embeddable":true,"href":"https:\/\/www.europesays.com\/fr\/wp-json\/wp\/v2\/users\/2"}],"replies":[{"embeddable":true,"href":"https:\/\/www.europesays.com\/fr\/wp-json\/wp\/v2\/comments?post=88374"}],"version-history":[{"count":0,"href":"https:\/\/www.europesays.com\/fr\/wp-json\/wp\/v2\/posts\/88374\/revisions"}],"wp:featuredmedia":[{"embeddable":true,"href":"https:\/\/www.europesays.com\/fr\/wp-json\/wp\/v2\/media\/88375"}],"wp:attachment":[{"href":"https:\/\/www.europesays.com\/fr\/wp-json\/wp\/v2\/media?parent=88374"}],"wp:term":[{"taxonomy":"category","embeddable":true,"href":"https:\/\/www.europesays.com\/fr\/wp-json\/wp\/v2\/categories?post=88374"},{"taxonomy":"post_tag","embeddable":true,"href":"https:\/\/www.europesays.com\/fr\/wp-json\/wp\/v2\/tags?post=88374"}],"curies":[{"name":"wp","href":"https:\/\/api.w.org\/{rel}","templated":true}]}}