{"id":88378,"date":"2025-05-10T03:28:08","date_gmt":"2025-05-10T03:28:08","guid":{"rendered":"https:\/\/www.europesays.com\/fr\/88378\/"},"modified":"2025-05-10T03:28:08","modified_gmt":"2025-05-10T03:28:08","slug":"carcassonne-un-jeune-homme-tue-dans-une-rixe-sur-un-lieu-de-trafic-de-stupefiants","status":"publish","type":"post","link":"https:\/\/www.europesays.com\/fr\/88378\/","title":{"rendered":"Carcassonne\u00a0: un jeune homme tu\u00e9 dans une rixe sur un lieu de trafic de stup\u00e9fiants"},"content":{"rendered":"<p class=\"paragraph text_align_left\">Le quartier de La Conte endeuill\u00e9. Un jeune homme a \u00e9t\u00e9 tu\u00e9 jeudi \u00e0 la suite d\u2019une rixe dans une rue de Carcassonne (<a href=\"https:\/\/www.leparisien.fr\/aude-11\/\" target=\"_blank\" rel=\"nofollow noopener\">Aude<\/a>) connue comme \u00e9tant un point de <a href=\"https:\/\/www.leparisien.fr\/faits-divers\/une-premiere-en-france-un-trafic-de-cannabis-demantele-entre-la-region-parisienne-et-le-canada-07-05-2025-XZMBETFJ3JH6VEFF645VKAWKHQ.php\" target=\"_blank\" rel=\"nofollow noopener\">trafic de stup\u00e9fiants<\/a>, a-t-on appris vendredi de source polici\u00e8re.<\/p>\n<p class=\"paragraph text_align_left\">La victime, non identifi\u00e9e et dont l\u2019\u00e2ge pourrait \u00eatre compris entre 16 et 25 ans, a \u00e9t\u00e9 retrouv\u00e9e morte par les services de secours dans une rue connue pour \u00eatre un point deal au sein du quartier en difficult\u00e9 de La Conte, class\u00e9 prioritaire par les politiques locales de la ville.<\/p>\n<p>Multiples traumatismes<\/p>\n<p class=\"paragraph text_align_left\">Le m\u00e9decin l\u00e9giste a relev\u00e9 sur la victime plusieurs traumatismes au visage et \u00e0 la t\u00eate qui pourraient avoir \u00e9t\u00e9 caus\u00e9s par une arme par destination contondante ayant entra\u00een\u00e9 la mort au cours d\u2019une rixe impliquant plusieurs personnes, selon la m\u00eame source.<\/p>\n<p class=\"paragraph text_align_left\">Une enqu\u00eate pour homicide a \u00e9t\u00e9 ouverte par le parquet de Carcassonne et confi\u00e9e aux policiers du service de police judiciaire de Perpignan.<\/p>\n","protected":false},"excerpt":{"rendered":"Le quartier de La Conte endeuill\u00e9. Un jeune homme a \u00e9t\u00e9 tu\u00e9 jeudi \u00e0 la suite d\u2019une rixe&hellip;\n","protected":false},"author":2,"featured_media":1014,"comment_status":"","ping_status":"","sticky":false,"template":"","format":"standard","meta":{"footnotes":""},"categories":[1888],"tags":[1111,1928,11,1927,459,1777,674,118,1011,27,12,1926,626,1925,25],"class_list":{"0":"post-88378","1":"post","2":"type-post","3":"status-publish","4":"format-standard","5":"has-post-thumbnail","7":"category-paris","8":"tag-actu","9":"tag-actu-paris","10":"tag-actualites","11":"tag-actualites-paris","12":"tag-departements-horsidfo","13":"tag-eu","14":"tag-europe","15":"tag-faits-divers","16":"tag-fr","17":"tag-france","18":"tag-news","19":"tag-news-paris","20":"tag-paris","21":"tag-paris-news","22":"tag-republique-francaise"},"share_on_mastodon":{"url":"https:\/\/pubeurope.com\/@fr\/114481417700082217","error":""},"_links":{"self":[{"href":"https:\/\/www.europesays.com\/fr\/wp-json\/wp\/v2\/posts\/88378","targetHints":{"allow":["GET"]}}],"collection":[{"href":"https:\/\/www.europesays.com\/fr\/wp-json\/wp\/v2\/posts"}],"about":[{"href":"https:\/\/www.europesays.com\/fr\/wp-json\/wp\/v2\/types\/post"}],"author":[{"embeddable":true,"href":"https:\/\/www.europesays.com\/fr\/wp-json\/wp\/v2\/users\/2"}],"replies":[{"embeddable":true,"href":"https:\/\/www.europesays.com\/fr\/wp-json\/wp\/v2\/comments?post=88378"}],"version-history":[{"count":0,"href":"https:\/\/www.europesays.com\/fr\/wp-json\/wp\/v2\/posts\/88378\/revisions"}],"wp:featuredmedia":[{"embeddable":true,"href":"https:\/\/www.europesays.com\/fr\/wp-json\/wp\/v2\/media\/1014"}],"wp:attachment":[{"href":"https:\/\/www.europesays.com\/fr\/wp-json\/wp\/v2\/media?parent=88378"}],"wp:term":[{"taxonomy":"category","embeddable":true,"href":"https:\/\/www.europesays.com\/fr\/wp-json\/wp\/v2\/categories?post=88378"},{"taxonomy":"post_tag","embeddable":true,"href":"https:\/\/www.europesays.com\/fr\/wp-json\/wp\/v2\/tags?post=88378"}],"curies":[{"name":"wp","href":"https:\/\/api.w.org\/{rel}","templated":true}]}}