{"id":88379,"date":"2025-05-10T03:29:12","date_gmt":"2025-05-10T03:29:12","guid":{"rendered":"https:\/\/www.europesays.com\/fr\/88379\/"},"modified":"2025-05-10T03:29:12","modified_gmt":"2025-05-10T03:29:12","slug":"un-homme-frappe-au-ventre-une-agente-de-la-ratp-et-en-agresse-violemment-une-seconde","status":"publish","type":"post","link":"https:\/\/www.europesays.com\/fr\/88379\/","title":{"rendered":"un homme frappe au ventre une agente de la RATP, et en agresse violemment une seconde"},"content":{"rendered":"<p>\u00a0\u00bb<br \/>\n        data-script=\u00a0\u00bbhttps:\/\/static.lefigaro.fr\/widget-video\/short-ttl\/video\/index.js\u00a0\u00bb<br \/>\n    &gt;<\/p>\n<p>L\u2019individu, interpell\u00e9 par une brigade de la S\u00fbret\u00e9 RATP, n\u2019a fourni aucun motif quant \u00e0 son agression surprise.<\/p>\n<p class=\"fig-paragraph\">Une\u00a0<a href=\"http:\/\/www.lefigaro.fr\/bordeaux\/ils-voulaient-le-tuer-apres-l-agression-d-un-elu-lors-d-un-rodeo-urbain-en-gironde-le-maire-du-village-est-furieux-20250506\" data-fig-type=\"NewsFlash\" data-gtm-custom-categorie=\"navigation\" data-gtm-custom-action=\"crossclick\" data-gtm-custom-label=\"Contextuel\" data-gtm-event=\"customEventSPE\" data-fig-domain=\"LEFIGARO\" target=\"_blank\" rel=\"noopener\">agression<\/a>\u00a0aussi brutale qu\u2019inattendue. Dans la nuit du jeudi 8 au vendredi 9 mai, un individu a sauvagement agress\u00e9 deux agentes de la\u00a0<a href=\"http:\/\/www.lefigaro.fr\/societes\/en-concurrence-avec-la-ratp-le-groupe-milanais-atm-va-exploiter-des-bus-dans-les-hauts-de-seine-20250415\" data-fig-type=\"Article\" data-gtm-custom-categorie=\"navigation\" data-gtm-custom-action=\"crossclick\" data-gtm-custom-label=\"Contextuel\" data-gtm-event=\"customEventSPE\" data-fig-domain=\"LEFIGARO\" target=\"_blank\" rel=\"noopener\">RATP<\/a>\u00a0\u00e0 la station Ch\u00e2telet, dans le 1er arrondissement de\u00a0<a href=\"http:\/\/www.lefigaro.fr\/politique\/municipales-2026-a-paris-un-premier-debat-sans-eclat-entre-les-trois-candidats-a-l-investiture-socialiste-20250507\" data-fig-type=\"Article\" data-gtm-custom-categorie=\"navigation\" data-gtm-custom-action=\"crossclick\" data-gtm-custom-label=\"Contextuel\" data-gtm-event=\"customEventSPE\" data-fig-domain=\"LEFIGARO\" target=\"_blank\" rel=\"noopener\">Paris<\/a>, a appris Le Figaro de sources concordantes ce vendredi.<\/p>\n<p class=\"fig-paragraph\">D\u2019apr\u00e8s nos informations, les faits se sont produits \u00e0 1h04 du matin, lorsqu\u2019un homme s\u2019approche des deux agentes, qui \u00e9taient en train de fermer la station. L\u2019homme se jette alors sur elles, \u00absans raison apparente\u00bb, nous indique-t-on.<\/p>\n<p class=\"fig-paragraph\">Un d\u00e9cha\u00eenement de violences s\u2019ensuit: il frappe la nuque d\u2019une des agentes, puis donne deux coups de pied \u00e0 l\u2019autre, enceinte de trois mois. Ses coups atteignent la t\u00eate de sa victime et son ventre.<\/p>\n<p>L\u2019auteur interpell\u00e9<\/p>\n<p class=\"fig-paragraph\">L\u2019auteur de l\u2019agression a \u00e9t\u00e9 interpell\u00e9 quelques instants plus tard par des agents de la S\u00fbret\u00e9 RATP. Les deux agentes bless\u00e9es ont \u00e9t\u00e9 transport\u00e9es \u00e0 l\u2019h\u00f4pital par les sapeurs-pompiers, sans que leurs pronostics vitaux ne soient engag\u00e9s. Elles ont d\u00e9pos\u00e9 plainte.<\/p>\n<p class=\"fig-paragraph\">Sur son site Internet, la RATP indique qu\u2019une agression verbale ou physique envers un agent est passible d\u2019une peine pouvant aller jusqu\u2019\u00e0 10 ans d\u2019emprisonnement et 150.000\u00a0euros d\u2019amende.<\/p>\n","protected":false},"excerpt":{"rendered":"\u00a0\u00bb data-script=\u00a0\u00bbhttps:\/\/static.lefigaro.fr\/widget-video\/short-ttl\/video\/index.js\u00a0\u00bb &gt; L\u2019individu, interpell\u00e9 par une brigade de la S\u00fbret\u00e9 RATP, n\u2019a fourni aucun motif quant \u00e0&hellip;\n","protected":false},"author":2,"featured_media":88380,"comment_status":"","ping_status":"","sticky":false,"template":"","format":"standard","meta":{"footnotes":""},"categories":[1888],"tags":[119,1111,1928,11,1927,3694,271,2951,3695,1777,674,3696,118,1011,27,2825,1253,303,12,1926,626,1925,1072,2694,625,25,2949],"class_list":{"0":"post-88379","1":"post","2":"type-post","3":"status-publish","4":"format-standard","5":"has-post-thumbnail","7":"category-paris","8":"tag-accident","9":"tag-actu","10":"tag-actu-paris","11":"tag-actualites","12":"tag-actualites-paris","13":"tag-affaires","14":"tag-crime","15":"tag-criminalite","16":"tag-enquetes","17":"tag-eu","18":"tag-europe","19":"tag-evenements","20":"tag-faits-divers","21":"tag-fr","22":"tag-france","23":"tag-insecurite","24":"tag-islamisme","25":"tag-justice","26":"tag-news","27":"tag-news-paris","28":"tag-paris","29":"tag-paris-news","30":"tag-police","31":"tag-proces","32":"tag-ratp","33":"tag-republique-francaise","34":"tag-violences"},"share_on_mastodon":{"url":"https:\/\/pubeurope.com\/@fr\/114481421640863213","error":""},"_links":{"self":[{"href":"https:\/\/www.europesays.com\/fr\/wp-json\/wp\/v2\/posts\/88379","targetHints":{"allow":["GET"]}}],"collection":[{"href":"https:\/\/www.europesays.com\/fr\/wp-json\/wp\/v2\/posts"}],"about":[{"href":"https:\/\/www.europesays.com\/fr\/wp-json\/wp\/v2\/types\/post"}],"author":[{"embeddable":true,"href":"https:\/\/www.europesays.com\/fr\/wp-json\/wp\/v2\/users\/2"}],"replies":[{"embeddable":true,"href":"https:\/\/www.europesays.com\/fr\/wp-json\/wp\/v2\/comments?post=88379"}],"version-history":[{"count":0,"href":"https:\/\/www.europesays.com\/fr\/wp-json\/wp\/v2\/posts\/88379\/revisions"}],"wp:featuredmedia":[{"embeddable":true,"href":"https:\/\/www.europesays.com\/fr\/wp-json\/wp\/v2\/media\/88380"}],"wp:attachment":[{"href":"https:\/\/www.europesays.com\/fr\/wp-json\/wp\/v2\/media?parent=88379"}],"wp:term":[{"taxonomy":"category","embeddable":true,"href":"https:\/\/www.europesays.com\/fr\/wp-json\/wp\/v2\/categories?post=88379"},{"taxonomy":"post_tag","embeddable":true,"href":"https:\/\/www.europesays.com\/fr\/wp-json\/wp\/v2\/tags?post=88379"}],"curies":[{"name":"wp","href":"https:\/\/api.w.org\/{rel}","templated":true}]}}