{"id":88382,"date":"2025-05-10T03:31:11","date_gmt":"2025-05-10T03:31:11","guid":{"rendered":"https:\/\/www.europesays.com\/fr\/88382\/"},"modified":"2025-05-10T03:31:11","modified_gmt":"2025-05-10T03:31:11","slug":"un-ancien-soldat-ecroue-pour-avoir-voulu-rejoindre-des-djihadistes-en-syrie-2","status":"publish","type":"post","link":"https:\/\/www.europesays.com\/fr\/88382\/","title":{"rendered":"Un ancien soldat \u00e9crou\u00e9 pour avoir voulu rejoindre des djihadistes en Syrie"},"content":{"rendered":"<p><strong>JUSTICE &#8211; Il est soup\u00e7onn\u00e9 d\u2019avoir tent\u00e9, avec son \u00e9pouse, de rejoindre en Syrie un groupe djihadiste. Il a \u00e9t\u00e9 interpell\u00e9 \u00e0 son retour du Liban<\/strong><\/p>\n<p>Un ancien <a href=\"https:\/\/www.20minutes.fr\/monde\/soldat\/?at_medium=RSS+feed&amp;at_campaign=ynews&amp;utm_source=yahoo&amp;utm_medium=rss&amp;utm_campaign=news_feed&amp;utm_content=in_article_link\" rel=\"nofollow noopener\" target=\"_blank\" data-ylk=\"slk:soldat;elm:context_link;itc:0;sec:content-canvas\" class=\"link \">soldat<\/a> du G\u00e9nie, soup\u00e7onn\u00e9 d\u2019avoir voulu rejoindre les rangs d\u2019un groupe <a href=\"https:\/\/www.20minutes.fr\/dossier\/jihadistes?at_medium=RSS+feed&amp;at_campaign=ynews&amp;utm_source=yahoo&amp;utm_medium=rss&amp;utm_campaign=news_feed&amp;utm_content=in_article_link\" rel=\"nofollow noopener\" target=\"_blank\" data-ylk=\"slk:djihadiste;elm:context_link;itc:0;sec:content-canvas\" class=\"link \">djihadiste<\/a> en <a href=\"https:\/\/www.20minutes.fr\/monde\/syrie\/?at_medium=RSS+feed&amp;at_campaign=ynews&amp;utm_source=yahoo&amp;utm_medium=rss&amp;utm_campaign=news_feed&amp;utm_content=in_article_link\" rel=\"nofollow noopener\" target=\"_blank\" data-ylk=\"slk:Syrie;elm:context_link;itc:0;sec:content-canvas\" class=\"link \">Syrie<\/a>, a \u00e9t\u00e9 mis en examen pour association de malfaiteurs terroriste et \u00e9crou\u00e9 le 29\u00a0avril, a confirm\u00e9 vendredi le <a href=\"https:\/\/www.20minutes.fr\/dossier\/antiterrorisme?at_medium=RSS+feed&amp;at_campaign=ynews&amp;utm_source=yahoo&amp;utm_medium=rss&amp;utm_campaign=news_feed&amp;utm_content=in_article_link\" rel=\"nofollow noopener\" target=\"_blank\" data-ylk=\"slk:Parquet national antiterroriste (Pnat);elm:context_link;itc:0;sec:content-canvas\" class=\"link \">Parquet national antiterroriste (Pnat)<\/a> \u00e0 l\u2019AFP, validant une information du Figaro. \u00ab\u00a0Il est soup\u00e7onn\u00e9 d\u2019avoir cherch\u00e9 \u00e0 rejoindre un groupe djihadiste en Syrie\u00a0\u00bb, a pr\u00e9cis\u00e9 le Pnat, sans d\u00e9tailler davantage les faits reproch\u00e9s.<\/p>\n<p>D\u2019apr\u00e8s le quotidien, l\u2019homme serait Manuel B., n\u00e9 en\u00a01984, converti \u00e0 l\u2019islam depuis plus de quinze ans. Accompagn\u00e9 de son \u00e9pouse, il aurait tent\u00e9 de rallier les combattants dirig\u00e9s par Omar Diaby \u2013 alias Omar Omsen \u2013 une figure bien connue du djihadisme fran\u00e7ais, accus\u00e9e d\u2019avoir enr\u00f4l\u00e9 plusieurs dizaines de recrues francophones depuis la Syrie.<\/p>\n<p>Interpell\u00e9 \u00e0 la descente de l\u2019avion<\/p>\n<p>L\u2019ancien <a href=\"https:\/\/www.20minutes.fr\/dossier\/militaire?at_medium=RSS+feed&amp;at_campaign=ynews&amp;utm_source=yahoo&amp;utm_medium=rss&amp;utm_campaign=news_feed&amp;utm_content=in_article_link\" rel=\"nofollow noopener\" target=\"_blank\" data-ylk=\"slk:militaire;elm:context_link;itc:0;sec:content-canvas\" class=\"link \">militaire<\/a> a \u00e9t\u00e9 interpell\u00e9 \u00e0 sa descente d\u2019avion en provenance du Liban. Avant cela, il aurait quitt\u00e9 la France mi-avril, transitant par la Jordanie, qui l\u2019aurait expuls\u00e9 vers le Liban. Manuel B. n\u2019\u00e9tait pas un inconnu des autorit\u00e9s\u00a0: apr\u00e8s les attentats du 13\u00a0novembre 2015, il avait \u00e9t\u00e9 plac\u00e9 sous assignation \u00e0 r\u00e9sidence. Il s\u2019\u00e9tait ensuite install\u00e9 au Maroc, o\u00f9 il aurait \u00e9t\u00e9 condamn\u00e9 puis expuls\u00e9 vers la France.<\/p>\n<p><a href=\"https:\/\/www.20minutes.fr\/dossier\/djihadisme\" rel=\"nofollow noopener\" target=\"_blank\" data-ylk=\"slk:Notre dossier sur le djihadisme;elm:context_link;itc:0;sec:content-canvas\" class=\"link \">Notre dossier sur le djihadisme<\/a><\/p>\n<p>Son cas rappelle celui de deux jeunes hommes de 19 et 24 ans, \u00e9galement mis en examen en mars \u00e0 Paris pour avoir voulu rejoindre le m\u00eame groupe djihadiste. L\u2019un d\u2019eux avait \u00e9t\u00e9 plac\u00e9 en d\u00e9tention provisoire.<\/p>\n<p><a href=\"https:\/\/www.20minutes.fr\/justice\/4152672-20250510-paris-ancien-soldat-ecroue-avoir-voulu-rejoindre-djihadistes-syrie?at_medium=RSS+feed&amp;at_campaign=ynews&amp;utm_source=yahoo&amp;utm_medium=rss&amp;utm_campaign=news_feed&amp;utm_content=read_more_link&quot;\" rel=\"nofollow noopener\" target=\"_blank\" data-ylk=\"slk:Lire la suite sur 20minutes;elm:context_link;itc:0;sec:content-canvas\" class=\"link \">Lire la suite sur 20minutes<\/a><\/p>\n<p>\u00c0 lire aussi :<br \/><a href=\"https:\/\/www.20minutes.fr\/justice\/4147253-20250406-deux-hommes-soupconnes-preparer-attentat-inculpes-ecroues?at_medium=RSS+feed&amp;at_campaign=ynews&amp;utm_source=yahoo&amp;utm_medium=rss&amp;utm_campaign=news_feed&amp;utm_content=related_content_link\" rel=\"nofollow noopener\" target=\"_blank\" data-ylk=\"slk:Deux hommes soup\u00e7onn\u00e9s de pr\u00e9parer un attentat inculp\u00e9s et \u00e9crou\u00e9s;elm:context_link;itc:0;sec:content-canvas\" class=\"link \">Deux hommes soup\u00e7onn\u00e9s de pr\u00e9parer un attentat inculp\u00e9s et \u00e9crou\u00e9s<\/a><br \/><a href=\"https:\/\/www.20minutes.fr\/justice\/4145712-20250331-voulait-declencher-guerre-civile-retour-attentat-oublie-2019-plein-centre-lyon?at_medium=RSS+feed&amp;at_campaign=ynews&amp;utm_source=yahoo&amp;utm_medium=rss&amp;utm_campaign=news_feed&amp;utm_content=related_content_link\" rel=\"nofollow noopener\" target=\"_blank\" data-ylk=\"slk:Il voulait \u00ab\u00a0d\u00e9clencher une guerre civile\u00a0\u00bb\u2026 Retour sur l\u2019attentat \u00ab\u00a0oubli\u00e9\u00a0\u00bb de\u00a02019 en plein centre de Lyon;elm:context_link;itc:0;sec:content-canvas\" class=\"link \">Il voulait \u00ab\u00a0d\u00e9clencher une guerre civile\u00a0\u00bb\u2026 Retour sur l\u2019attentat \u00ab\u00a0oubli\u00e9\u00a0\u00bb de\u00a02019 en plein centre de Lyon<\/a><\/p>\n","protected":false},"excerpt":{"rendered":"JUSTICE &#8211; Il est soup\u00e7onn\u00e9 d\u2019avoir tent\u00e9, avec son \u00e9pouse, de rejoindre en Syrie un groupe djihadiste. Il&hellip;\n","protected":false},"author":2,"featured_media":88383,"comment_status":"","ping_status":"","sticky":false,"template":"","format":"standard","meta":{"footnotes":""},"categories":[1888],"tags":[11,5815,1777,674,1011,27,12404,12,19864,626,25,32],"class_list":{"0":"post-88382","1":"post","2":"type-post","3":"status-publish","4":"format-standard","5":"has-post-thumbnail","7":"category-paris","8":"tag-actualites","9":"tag-association-de-malfaiteurs","10":"tag-eu","11":"tag-europe","12":"tag-fr","13":"tag-france","14":"tag-liban","15":"tag-news","16":"tag-omar-diaby","17":"tag-paris","18":"tag-republique-francaise","19":"tag-syrie"},"share_on_mastodon":{"url":"https:\/\/pubeurope.com\/@fr\/114481429539313315","error":""},"_links":{"self":[{"href":"https:\/\/www.europesays.com\/fr\/wp-json\/wp\/v2\/posts\/88382","targetHints":{"allow":["GET"]}}],"collection":[{"href":"https:\/\/www.europesays.com\/fr\/wp-json\/wp\/v2\/posts"}],"about":[{"href":"https:\/\/www.europesays.com\/fr\/wp-json\/wp\/v2\/types\/post"}],"author":[{"embeddable":true,"href":"https:\/\/www.europesays.com\/fr\/wp-json\/wp\/v2\/users\/2"}],"replies":[{"embeddable":true,"href":"https:\/\/www.europesays.com\/fr\/wp-json\/wp\/v2\/comments?post=88382"}],"version-history":[{"count":0,"href":"https:\/\/www.europesays.com\/fr\/wp-json\/wp\/v2\/posts\/88382\/revisions"}],"wp:featuredmedia":[{"embeddable":true,"href":"https:\/\/www.europesays.com\/fr\/wp-json\/wp\/v2\/media\/88383"}],"wp:attachment":[{"href":"https:\/\/www.europesays.com\/fr\/wp-json\/wp\/v2\/media?parent=88382"}],"wp:term":[{"taxonomy":"category","embeddable":true,"href":"https:\/\/www.europesays.com\/fr\/wp-json\/wp\/v2\/categories?post=88382"},{"taxonomy":"post_tag","embeddable":true,"href":"https:\/\/www.europesays.com\/fr\/wp-json\/wp\/v2\/tags?post=88382"}],"curies":[{"name":"wp","href":"https:\/\/api.w.org\/{rel}","templated":true}]}}