{"id":88386,"date":"2025-05-10T03:33:14","date_gmt":"2025-05-10T03:33:14","guid":{"rendered":"https:\/\/www.europesays.com\/fr\/88386\/"},"modified":"2025-05-10T03:33:14","modified_gmt":"2025-05-10T03:33:14","slug":"visite-historique-samedi-a-kyiv-de-macron-merz-starmer-et-tusk-liberation","status":"publish","type":"post","link":"https:\/\/www.europesays.com\/fr\/88386\/","title":{"rendered":"visite historique samedi \u00e0 Kyiv de Macron, Merz, Starmer et Tusk \u2013 Lib\u00e9ration"},"content":{"rendered":"<p class=\"sc-ksZaOG ehjQrN text-element\">Le pr\u00e9sident fran\u00e7ais Emmanuel Macron, le chancelier allemand Friedrich Merz et les Premiers ministres britannique Keir Starmer et polonais Donald Tusk seront ce samedi \u00e0 Kyiv pour r\u00e9affirmer, aux c\u00f4t\u00e9s du pr\u00e9sident ukrainien Volodymyr Zelensky leur \u00absolidarit\u00e9 avec l\u2019Ukraine contre l\u2019invasion barbare et ill\u00e9gale de la Russie\u00bb, ont annonc\u00e9 vendredi soir les quatre chefs d\u2019Etat et de gouvernement dans un communiqu\u00e9 commun.<\/p>\n<p class=\"sc-ksZaOG ehjQrN text-element\">La visite d\u2019une journ\u00e9e permettra aux quatre nations de rappeler leur soutien \u00absans faille\u00bb \u00e0 l\u2019Ukraine et de r\u00e9clamer, dans le sillage des Etats-Unis, un \u00abcessez-le-feu complet et inconditionnel de 30 jours\u00bb \u00e0 la Russie. C\u2019est la premi\u00e8re fois que les dirigeants de France, de l\u2019Allemagne, du Royaume-Uni et de la Pologne se rendent ensemble en Ukraine. Et ce au lendemain d\u2019une d\u00e9monstration de force du pr\u00e9sident russe Vladimir Poutine qui a re\u00e7u une vingtaine de dirigeants \u00e9trangers, dont le chinois Xi Jinping, sur la place Rouge \u00e0 Moscou.<\/p>\n<p class=\"sc-ksZaOG ehjQrN text-element\">\u00abNous continuerons d\u2019accro\u00eetre notre soutien \u00e0 l\u2019Ukraine. Nous intensifierons notre pression sur la machine de guerre russe jusqu\u2019\u00e0 ce que la Russie accepte un cessez-le-feu durable\u00bb, ont-ils pr\u00e9venu dans leur d\u00e9claration conjointe.<\/p>\n<p class=\"sc-ksZaOG ehjQrN text-element\">A Kyiv, le quatuor doit tenir, au c\u00f4t\u00e9 du pr\u00e9sident ukrainien Volodymyr Zelensky, une r\u00e9union virtuelle avec les autres dirigeants de la \u00abcoalition des volontaires\u00bb, ces pays occidentaux, essentiellement europ\u00e9ens, pr\u00eats \u00e0 apporter des \u00abgaranties de s\u00e9curit\u00e9\u00bb \u00e0 l\u2019Ukraine.<\/p>\n<p class=\"sc-ksZaOG ehjQrN text-element\">Ils informeront ainsi les autres pays des \u00abprogr\u00e8s r\u00e9alis\u00e9s en vue d\u2019une future coalition rassemblant des forces a\u00e9riennes, terrestres et maritimes pour aider \u00e0 r\u00e9g\u00e9n\u00e9rer les forces arm\u00e9es ukrainiennes apr\u00e8s un \u00e9ventuel accord de paix et pour renforcer la confiance en la paix future\u00bb, selon leur d\u00e9claration.<\/p>\n<p class=\"sc-ksZaOG ehjQrN text-element\">Le pr\u00e9sident fran\u00e7ais et le Premier ministre britannique assurent le pilotage de cette coalition aux contours encore flous qui s\u2019est d\u00e9j\u00e0 r\u00e9unie \u00e0 Paris et Londres ces derniers mois.<\/p>\n<p class=\"sc-ksZaOG ehjQrN text-element\">Emmanuel Macron, Keir Starmer et Friedrich Merz ont embarqu\u00e9 dans le m\u00eame train en Pologne pr\u00e8s de la fronti\u00e8re avec l\u2019Ukraine et se sont retrouv\u00e9s en tenue d\u00e9contract\u00e9e dans un wagon pour un \u00e9change \u00e0 trois, ont constat\u00e9 vendredi dans la soir\u00e9e des journalistes de l\u2019AFP.<\/p>\n<p class=\"sc-ksZaOG ehjQrN text-element\">Apr\u00e8s avoir affirm\u00e9 \u00eatre pr\u00eate \u00e0 respecter un cessez-le-feu de 30 jours, l\u2019Ukraine se projette et cherche la formule d\u2019une paix durable. Son pr\u00e9sident Volodymyr Zelensky avait annonc\u00e9 vendredi dans la journ\u00e9e la tenue samedi 10 mai \u00e0 Kyiv d\u2019une r\u00e9union des dirigeants de la <a href=\"https:\/\/www.liberation.fr\/international\/europe\/garanties-de-securite-a-lukraine-pourquoi-la-reunion-de-la-coalition-des-volontaires-a-bruxelles-est-importante-20250410_TIM7L52TPBC4HGL3YXX6JHNFXY\/\" target=\"_blank\" rel=\"noreferrer nofollow noopener\" title=\"https:\/\/www.liberation.fr\/international\/europe\/garanties-de-securite-a-lukraine-pourquoi-la-reunion-de-la-coalition-des-volontaires-a-bruxelles-est-importante-20250410_TIM7L52TPBC4HGL3YXX6JHNFXY\/\">\u00abcoalition des volontaires\u00bb<\/a>, sans pr\u00e9ciser qui serait pr\u00e9sent dans la capitale ukrainienne. Cr\u00e9\u00e9e au d\u00e9but du mois de mars, cette derni\u00e8re regroupe une trentaine de pays &#8211;<a href=\"https:\/\/www.liberation.fr\/international\/europe\/guerre-en-europe-un-continent-au-bord-des-armes-20250508_FDBALCB34RGQNI74HIQYSBVB44\/\" target=\"_blank\" rel=\"noreferrer nofollow noopener\" title=\"https:\/\/www.liberation.fr\/international\/europe\/guerre-en-europe-un-continent-au-bord-des-armes-20250508_FDBALCB34RGQNI74HIQYSBVB44\/\"> essentiellement europ\u00e9ens<\/a> &#8211; autour de deux missions : apporter un soutien militaire \u00e0 l\u2019Ukraine et lui \u00e9viter, une fois un \u00e9ventuel accord de paix conclu, une nouvelle invasion russe.<\/p>\n<p class=\"sc-ksZaOG ehjQrN text-element\">\u00abEn Ukraine, nous nous pr\u00e9parons \u00e9galement \u00e0 rencontrer les dirigeants de la coalition des volontaires\u00bb, a ainsi annonc\u00e9 le pr\u00e9sident ukrainien lors d\u2019un discours par visioconf\u00e9rence \u00e0 l\u2019occasion de la r\u00e9union des dix pays de la JEF (Joint expeditionary force) \u00e0 Oslo. Pour le chef d\u2019Etat en guerre depuis plus de trois ans contre Moscou, aucun doute : son pays a \u00abbesoin de cette coalition\u00bb qui \u00abdevrait \u00eatre suffisamment forte pour garantir la s\u00e9curit\u00e9 conform\u00e9ment \u00e0 notre vision commune\u00bb.<\/p>\n<p class=\"sc-ksZaOG ehjQrN text-element\">Sous la houlette de la France et du Royaume-Uni, l\u2019instance a \u00e9merg\u00e9 \u00e0 l\u2019heure o\u00f9 Donald Trump se rapprochait de la Russie, <a href=\"https:\/\/www.liberation.fr\/international\/europe\/retour-de-lidee-de-guerre-en-europe-les-europeens-sont-en-train-de-redecouvrir-que-leur-securite-a-un-prix-20250508_NQXJ2MMWLVDGDI6NZ6WDR6VQ2Q\/\" target=\"_blank\" rel=\"noreferrer nofollow noopener\" title=\"https:\/\/www.liberation.fr\/international\/europe\/retour-de-lidee-de-guerre-en-europe-les-europeens-sont-en-train-de-redecouvrir-que-leur-securite-a-un-prix-20250508_NQXJ2MMWLVDGDI6NZ6WDR6VQ2Q\/\">les Europ\u00e9ens souhaitant renforcer leur soutien \u00e0 l\u2019Ukraine<\/a> de crainte de voir les Etats-Unis leur faire faux bond. Toutefois, plusieurs pays de la coalition conditionnent toujours leur participation \u00e0 la mise en place d\u2019un filet de s\u00e9curit\u00e9 am\u00e9ricain. L\u2019Ukraine attend donc de ses alli\u00e9s qu\u2019ils d\u00e9finissent des garanties de s\u00e9curit\u00e9 claires pour se pr\u00e9munir contre toute future action militaire russe.<\/p>\n<p class=\"sc-ksZaOG ehjQrN text-element\">Telle que pr\u00e9sent\u00e9e en mars lors du sommet de Londres pour l\u2019Ukraine, l\u2019initiative pourrait d\u00e9cliner sa strat\u00e9gie en plusieurs points. Pour commencer, ses pays membres s\u2019engageraient \u00e0 maintenir leur aide militaire \u00e0 Kyiv tout en pr\u00e9servant les sanctions \u00e9conomiques exerc\u00e9es sur Moscou. Ensuite, ils pourraient insister pour qu\u2019un \u00e9ventuel accord de paix garantisse la souverainet\u00e9 et la s\u00e9curit\u00e9 du pays. Et soit ainsi durable. Aussi, et surtout, les nations de la coalition seraient pr\u00eates \u00e0 renforcer les capacit\u00e9s militaires d\u00e9fensives de l\u2019Ukraine, m\u00eame une fois les combats termin\u00e9s.<\/p>\n<p class=\"sc-ksZaOG ehjQrN text-element\">Qui participera aux discussions, samedi ? Alors qu\u2019il venait de signer <a href=\"https:\/\/www.liberation.fr\/international\/europe\/traite-de-nancy-face-a-moscou-et-a-limprevisibilite-americaine-paris-et-varsovie-resserrent-les-rangs-20250509_DVTNSD5UU5GPFHBD4CF5VREVS4\/\" target=\"_blank\" rel=\"noreferrer nofollow noopener\" title=\"https:\/\/www.liberation.fr\/international\/europe\/traite-de-nancy-face-a-moscou-et-a-limprevisibilite-americaine-paris-et-varsovie-resserrent-les-rangs-20250509_DVTNSD5UU5GPFHBD4CF5VREVS4\/\">un trait\u00e9 avec la Pologne<\/a> visant \u00e0 accro\u00eetre la coop\u00e9ration en mati\u00e8re de d\u00e9fense et d\u2019\u00e9nergie, Emmanuel Macron a rapidement confirm\u00e9 que la France serait de la partie. Le pr\u00e9sident fran\u00e7ais a par ailleurs pr\u00e9cis\u00e9 que les \u00e9changes se feraient en partie en visio et en partie en pr\u00e9sentiel.<\/p>\n<p class=\"sc-ksZaOG ehjQrN text-element\">Pour le reste, Volodymyr Zelensky n\u2019a pas donn\u00e9 la liste des invit\u00e9s. La Finlande a \u00e9voqu\u00e9 de son c\u00f4t\u00e9 une \u00abune r\u00e9union virtuelle\u00bb des soutiens de Kyiv \u00e0 laquelle assistera son pr\u00e9sident, Alexander Stubb. Pour sa part, le Premier ministre norv\u00e9gien Jonas Gahr St\u00f8re a annonc\u00e9 sa participation \u00e0 une \u00abrencontre entre le pr\u00e9sident Zelensky et les dirigeants fran\u00e7ais et britanniques\u00bb, sans pr\u00e9ciser si elle sera en ligne ou en pr\u00e9sentiel. Plus t\u00f4t cette semaine, le nouveau chancelier allemand Friedrich Merz avait d\u00e9clar\u00e9 vouloir rendre visite \u00e0 son homologue dans un avenir proche.<\/p>\n<p class=\"sc-ksZaOG ehjQrN text-element\">L\u2019annonce de ce sommet intervient alors que Donald Trump a renouvel\u00e9 jeudi son appel d\u00e9j\u00e0 formul\u00e9 en mars \u00e0 un \u00abcessez-le-feu inconditionnel de 30 jours\u00bb en Ukraine. Une initiative salu\u00e9e ce vendredi par les pays du nord de l\u2019Europe. Lors d\u2019un appel t\u00e9l\u00e9phonique avec le pr\u00e9sident am\u00e9ricain, jeudi 8 mai, Volodymyr Zelensky a de son c\u00f4t\u00e9 estim\u00e9 que la proposition constituait un \u00abv\u00e9ritable indicateur\u00bb de progr\u00e8s vers la paix avec la Russie, et que Kyiv \u00e9tait pr\u00eat \u00e0 le mettre en \u0153uvre imm\u00e9diatement.<\/p>\n<p class=\"sc-ksZaOG ehjQrN text-element\">Ne reste donc plus qu\u2019\u00e0 conna\u00eetre <a href=\"https:\/\/www.liberation.fr\/international\/europe\/celebration-du-9-mai-vladimir-poutine-et-une-vingtaine-de-dirigeants-etrangers-pour-feter-la-victoire-sur-la-place-rouge-20250509_DK4JG6M75ZDKNGLG3SVJFUK3DA\/\" target=\"_blank\" rel=\"noreferrer nofollow noopener\" title=\"https:\/\/www.liberation.fr\/international\/europe\/celebration-du-9-mai-vladimir-poutine-et-une-vingtaine-de-dirigeants-etrangers-pour-feter-la-victoire-sur-la-place-rouge-20250509_DK4JG6M75ZDKNGLG3SVJFUK3DA\/\">la r\u00e9ponse de Vladimir Poutine<\/a>. Si le pr\u00e9sident russe n\u2019a pas encore donn\u00e9 officiellement la r\u00e9plique \u00e0 son homologue am\u00e9ricain, il a r\u00e9cemment d\u00e9cr\u00e9t\u00e9 l\u2019interruption des combats pendant trois jours. Bombardements, drones et fusils devaient donc se taire les 8, 9 et 10 mai, \u00e0 l\u2019occasion des comm\u00e9morations du 80e anniversaire de la fin de la Seconde Guerre mondiale. Un silence de courte dur\u00e9e. Dans les douze premi\u00e8res heures, l\u2019Ukraine a accus\u00e9 la Russie d\u2019avoir men\u00e9 734 attaques \u00e0 son encontre. Et Moscou de r\u00e9torquer que son voisin l\u2019aurait cherch\u00e9 en frappant le premier.<\/p>\n","protected":false},"excerpt":{"rendered":"Le pr\u00e9sident fran\u00e7ais Emmanuel Macron, le chancelier allemand Friedrich Merz et les Premiers ministres britannique Keir Starmer et&hellip;\n","protected":false},"author":2,"featured_media":88387,"comment_status":"","ping_status":"","sticky":false,"template":"","format":"standard","meta":{"footnotes":""},"categories":[1590],"tags":[11,1777,674,12,220,297,134],"class_list":{"0":"post-88386","1":"post","2":"type-post","3":"status-publish","4":"format-standard","5":"has-post-thumbnail","7":"category-ukraine","8":"tag-actualites","9":"tag-eu","10":"tag-europe","11":"tag-news","12":"tag-ukraine","13":"tag-ukraine-la-crise","14":"tag-volodymyr-zelensky"},"share_on_mastodon":{"url":"https:\/\/pubeurope.com\/@fr\/114481437279016180","error":""},"_links":{"self":[{"href":"https:\/\/www.europesays.com\/fr\/wp-json\/wp\/v2\/posts\/88386","targetHints":{"allow":["GET"]}}],"collection":[{"href":"https:\/\/www.europesays.com\/fr\/wp-json\/wp\/v2\/posts"}],"about":[{"href":"https:\/\/www.europesays.com\/fr\/wp-json\/wp\/v2\/types\/post"}],"author":[{"embeddable":true,"href":"https:\/\/www.europesays.com\/fr\/wp-json\/wp\/v2\/users\/2"}],"replies":[{"embeddable":true,"href":"https:\/\/www.europesays.com\/fr\/wp-json\/wp\/v2\/comments?post=88386"}],"version-history":[{"count":0,"href":"https:\/\/www.europesays.com\/fr\/wp-json\/wp\/v2\/posts\/88386\/revisions"}],"wp:featuredmedia":[{"embeddable":true,"href":"https:\/\/www.europesays.com\/fr\/wp-json\/wp\/v2\/media\/88387"}],"wp:attachment":[{"href":"https:\/\/www.europesays.com\/fr\/wp-json\/wp\/v2\/media?parent=88386"}],"wp:term":[{"taxonomy":"category","embeddable":true,"href":"https:\/\/www.europesays.com\/fr\/wp-json\/wp\/v2\/categories?post=88386"},{"taxonomy":"post_tag","embeddable":true,"href":"https:\/\/www.europesays.com\/fr\/wp-json\/wp\/v2\/tags?post=88386"}],"curies":[{"name":"wp","href":"https:\/\/api.w.org\/{rel}","templated":true}]}}