{"id":88392,"date":"2025-05-10T03:36:08","date_gmt":"2025-05-10T03:36:08","guid":{"rendered":"https:\/\/www.europesays.com\/fr\/88392\/"},"modified":"2025-05-10T03:36:08","modified_gmt":"2025-05-10T03:36:08","slug":"allemagne-friedrich-merz-entame-le-grand-virage-de-politique-migratoire-quil-avait-promis","status":"publish","type":"post","link":"https:\/\/www.europesays.com\/fr\/88392\/","title":{"rendered":"Allemagne. Friedrich Merz entame le \u201cgrand virage de politique migratoire qu\u2019il avait promis\u201d"},"content":{"rendered":"\n<p>Quelques heures seulement apr\u00e8s <a href=\"https:\/\/www.courrierinternational.com\/article\/allemagne-le-conservateur-friedrich-merz-accede-a-la-chancellerie-apres-une-matinee-noire_230635\" target=\"_blank\" rel=\"noopener\">l\u2019\u00e9lection mouvement\u00e9e du conservateur Friedrich Merz<\/a> \u00e0 la chancellerie allemande, <a href=\"https:\/\/www.morgenpost.de\/politik\/article408960584\/ab-tag-eins-merz-will-asyl-stopp-ein-besuch-an-der-grenze.html\" target=\"_blank\" rel=\"noopener\">rapporte le <strong>Berliner Morgenpost<\/strong><\/a><strong>, <\/strong>des agents de police se sont post\u00e9s en renfort sur le pont reliant la ville allemande de Francfort-sur-l\u2019Oder \u00e0 la commune polonaise de Slubice.<\/p>\n<p>\u201cLes responsables de la police f\u00e9d\u00e9rale avaient bien pr\u00e9par\u00e9 ce jour 1 de la chancellerie Merz.\u201d Le nouveau chef du gouvernement d\u2019outre-Rhin s\u2019\u00e9tait engag\u00e9 \u00e0 refouler tous les \u00e9trangers sans papiers se pr\u00e9sentant aux fronti\u00e8res allemandes, m\u00eame si ces derniers souhaitaient demander l\u2019asile. Et \u201ctout le monde conna\u00eet la force des symboles\u201d.<\/p>\n<p>\u201cLe nouveau chancelier allemand a entam\u00e9 le grand virage de politique migratoire qu\u2019il avait promis \u2013\u00a0il en fait une affaire de chef qu\u2019il entend mener avec d\u00e9termination\u201d, <a href=\"https:\/\/www.focus.de\/politik\/deutschland\/eine-analyse-von-ulrich-reitz-mit-knallhartem-asyl-kurs-geraet-merz-jetzt-in-die-links-rechts-zange_c8c11d8c-ee63-4609-be12-20087b866e90.html\" target=\"_blank\" rel=\"noopener\">se r\u00e9jouit <strong>Focus<\/strong><\/a><strong>. <\/strong><a href=\"https:\/\/www.courrierinternational.com\/article\/allemagne-pas-encore-chancelier-friedrich-merz-renie-deja-ses-promesses-de-campagne_228973\" target=\"_blank\" rel=\"noopener\">Accus\u00e9 d\u2019avoir rompu plusieurs promesses \u00e9lectorales avant m\u00eame son \u00e9lection<\/a>, Friedrich Merz a tenu parole sur la question migratoire. Son ministre de l\u2019Int\u00e9rieur, Alexander Dobrindt, a ainsi annonc\u00e9, le 7\u00a0mai, l\u2019annulation d\u2019une directive de 2015\u00a0autorisant l\u2019entr\u00e9e sur le territoire allemand \u00e0 tous ceux qui souhaitent demander le statut de r\u00e9fugi\u00e9.<\/p>\n<p>D\u2019apr\u00e8s le journal conservateur, il s\u2019agit d\u2019\u201cun double changement de cap\u00a0: finie la voie Merkel, finie la voie Scholz\u201d. La chanceli\u00e8re conservatrice est connue pour avoir ouvert les fronti\u00e8res aux demandeurs d\u2019asile pendant la crise des r\u00e9fugi\u00e9s de 2015 <a href=\"https:\/\/www.courrierinternational.com\/video\/video-angela-merkel-en-un-mot-ce-que-retiendront-ces-allemands\" target=\"_blank\" rel=\"noopener\">avec sa c\u00e9l\u00e8bre formule \u201cWir schaffen das\u201d (\u201cNous y arriverons\u201d)<\/a>. Tandis que, pour le pr\u00e9d\u00e9cesseur imm\u00e9diat de Merz, \u201cil fallait une politique migratoire et non une politique antimigratoire\u201d. Tout cela semble bel et bien termin\u00e9.<\/p>\n<p> Quatorze mille\u00a0policiers aux fronti\u00e8res <\/p>\n<p>Pourtant, <a class=\"ithalc\" data-ithal=\"lien_externe\" data-ithalc=\"[nav_article]\" target=\"_blank\" href=\"https:\/\/taz.de\/Deutsch-polnische-Grenze\/!6083325\/\" rel=\"noopener\">souligne <strong>Die Tageszeitung<\/strong><\/a><strong>, <\/strong>la politique men\u00e9e par le gouvernement du social-d\u00e9mocrate \u00e9tait loin d\u2019\u00eatre laxi<\/p>\n","protected":false},"excerpt":{"rendered":"Quelques heures seulement apr\u00e8s l\u2019\u00e9lection mouvement\u00e9e du conservateur Friedrich Merz \u00e0 la chancellerie allemande, rapporte le Berliner Morgenpost,&hellip;\n","protected":false},"author":2,"featured_media":88393,"comment_status":"","ping_status":"","sticky":false,"template":"","format":"standard","meta":{"footnotes":""},"categories":[1587],"tags":[11,672,1804,1805,1803,1777,674,4710,1801,1892,19865,12,316,1802,2475],"class_list":{"0":"post-88392","1":"post","2":"type-post","3":"status-publish","4":"format-standard","5":"has-post-thumbnail","7":"category-allemagne","8":"tag-actualites","9":"tag-allemagne","10":"tag-bundesrepublik-deutschland","11":"tag-de","12":"tag-deutschland","13":"tag-eu","14":"tag-europe","15":"tag-friedrich-merz","16":"tag-germany","17":"tag-gu00e9opolitique","18":"tag-migrants-et-flux-migratoires","19":"tag-news","20":"tag-politique","21":"tag-republique-federale-dallemagne","22":"tag-union-europu00e9enne"},"share_on_mastodon":{"url":"https:\/\/pubeurope.com\/@fr\/114481449146900375","error":""},"_links":{"self":[{"href":"https:\/\/www.europesays.com\/fr\/wp-json\/wp\/v2\/posts\/88392","targetHints":{"allow":["GET"]}}],"collection":[{"href":"https:\/\/www.europesays.com\/fr\/wp-json\/wp\/v2\/posts"}],"about":[{"href":"https:\/\/www.europesays.com\/fr\/wp-json\/wp\/v2\/types\/post"}],"author":[{"embeddable":true,"href":"https:\/\/www.europesays.com\/fr\/wp-json\/wp\/v2\/users\/2"}],"replies":[{"embeddable":true,"href":"https:\/\/www.europesays.com\/fr\/wp-json\/wp\/v2\/comments?post=88392"}],"version-history":[{"count":0,"href":"https:\/\/www.europesays.com\/fr\/wp-json\/wp\/v2\/posts\/88392\/revisions"}],"wp:featuredmedia":[{"embeddable":true,"href":"https:\/\/www.europesays.com\/fr\/wp-json\/wp\/v2\/media\/88393"}],"wp:attachment":[{"href":"https:\/\/www.europesays.com\/fr\/wp-json\/wp\/v2\/media?parent=88392"}],"wp:term":[{"taxonomy":"category","embeddable":true,"href":"https:\/\/www.europesays.com\/fr\/wp-json\/wp\/v2\/categories?post=88392"},{"taxonomy":"post_tag","embeddable":true,"href":"https:\/\/www.europesays.com\/fr\/wp-json\/wp\/v2\/tags?post=88392"}],"curies":[{"name":"wp","href":"https:\/\/api.w.org\/{rel}","templated":true}]}}