{"id":883948,"date":"2026-04-21T21:11:13","date_gmt":"2026-04-21T21:11:13","guid":{"rendered":"https:\/\/www.europesays.com\/fr\/883948\/"},"modified":"2026-04-21T21:11:13","modified_gmt":"2026-04-21T21:11:13","slug":"laudition-chahutee-de-kevin-warsh-le-candidat-de-donald-trump-a-la-presidence-de-la-fed","status":"publish","type":"post","link":"https:\/\/www.europesays.com\/fr\/883948\/","title":{"rendered":"L\u2019audition chahut\u00e9e de Kevin Warsh, le candidat de Donald Trump \u00e0 la pr\u00e9sidence de la Fed"},"content":{"rendered":"<p>                                                                                                                                                                                                                                                            <a href=\"https:\/\/www.lefigaro.fr\/conjoncture\/budget-l-insoumis-eric-coquerel-assume-de-vouloir-transformer-totalement-le-texte-du-gouvernement-20240909\" class=\"fig-ranking-profile-link\" data-fig-domain=\"LEFIGARO\" rel=\"nofollow noopener\" target=\"_blank\"><\/p>\n<p>        Budget\u00a0: l\u2019Insoumis \u00c9ric Coquerel assume de vouloir \u00abtransformer totalement\u00bb le texte du gouvernement<\/p>\n<p>                                                <\/a><\/p>\n<p>        <img   class=\"fig-img fig-ranking-profile-media-small-picture__photo\" alt=\"Budget\u00a0: l\u2019Insoumis \u00c9ric Coquerel assume de vouloir \u00abtransformer totalement\u00bb le texte du gouvernement\" height=\"2000\" width=\"3000\"\/><\/p>\n<p class=\"fig-ranking-profile-standfirst\">\n    Le pr\u00e9sident de la commission des Finances de l\u2019Assembl\u00e9e dit par ailleurs ne pas craindre un blocage budg\u00e9taire, ou \u00abshutdown\u00bb. \u00abIl y a quand m\u00eame pas mal de mesures dans la Constitution qui permettent de l&rsquo;\u00e9viter\u00bb, a-t-il assur\u00e9.\n<\/p>\n<p>                                                                                                                                                                                                                                                            <a href=\"https:\/\/www.lefigaro.fr\/international\/la-ministre-du-travail-de-donald-trump-quitte-le-gouvernement-20260420\" class=\"fig-ranking-profile-link\" data-fig-domain=\"LEFIGARO\" rel=\"nofollow noopener\" target=\"_blank\"><\/p>\n<p>        La ministre du Travail de Donald Trump quitte le gouvernement<\/p>\n<p>                                                <\/a><\/p>\n<p>        <img   class=\"fig-img fig-ranking-profile-media-small-picture__photo\" alt=\"La ministre du Travail de Donald Trump quitte le gouvernement\" height=\"2001\" width=\"3000\"\/><\/p>\n<p class=\"fig-ranking-profile-standfirst\">\n    Arriv\u00e9e en poste en mars 2025, elle devient la troisi\u00e8me femme \u00e0 quitter le gouvernement de Donald Trump en quelques semaines, apr\u00e8s les d\u00e9parts forc\u00e9s de la ministre de la S\u00e9curit\u00e9 int\u00e9rieure, Kristi Noem, et de celle de la Justice, Pam Bondi.\n<\/p>\n<p>                                                                                                                                                                                                                                                            <a href=\"https:\/\/www.lefigaro.fr\/conjoncture\/se-taire-a-ces-moments-precis-c-est-deja-prendre-position-le-president-de-la-maif-refuse-de-dejeuner-avec-jordan-bardella-20260420\" class=\"fig-ranking-profile-link\" data-fig-domain=\"LEFIGARO\" rel=\"nofollow noopener\" target=\"_blank\"><\/p>\n<p>        \u00abSe taire \u00e0 ces moments pr\u00e9cis, c\u2019est d\u00e9j\u00e0 prendre position\u00bb\u00a0: le pr\u00e9sident de la Maif refuse de d\u00e9jeuner avec Jordan Bardella<\/p>\n<p>                                                <\/a><\/p>\n<p>        <img   class=\"fig-img fig-ranking-profile-media-small-picture__photo\" alt=\"\u00abSe taire \u00e0 ces moments pr\u00e9cis, c\u2019est d\u00e9j\u00e0 prendre position\u00bb\u00a0: le pr\u00e9sident de la Maif refuse de d\u00e9jeuner avec Jordan Bardella\" height=\"1080\" width=\"1920\"\/><\/p>\n<p class=\"fig-ranking-profile-standfirst\">\n    Le patron du Rassemblement national doit d\u00e9jeuner ce lundi avec le Medef. Mais Yves Pellicier, pr\u00e9sident du groupe d\u2019assurance, pointe un \u00abrisque politique majeur\u00bb si le parti acc\u00e8de au pouvoir l\u2019an prochain.<\/p>\n","protected":false},"excerpt":{"rendered":"Budget\u00a0: l\u2019Insoumis \u00c9ric Coquerel assume de vouloir \u00abtransformer totalement\u00bb le texte du gouvernement Le pr\u00e9sident de la commission&hellip;\n","protected":false},"author":2,"featured_media":883949,"comment_status":"","ping_status":"","sticky":false,"template":"","format":"standard","meta":{"footnotes":"","_share_on_mastodon":"0"},"categories":[6],"tags":[35,75,33,34,7512,1011,27,10797],"class_list":["post-883948","post","type-post","status-publish","format-standard","has-post-thumbnail","category-economie","tag-business","tag-donald-trump","tag-economie","tag-economy","tag-fed","tag-fr","tag-france","tag-jerome-powell"],"share_on_mastodon":{"url":"https:\/\/pubeurope.com\/@fr\/116444757130348728","error":""},"_links":{"self":[{"href":"https:\/\/www.europesays.com\/fr\/wp-json\/wp\/v2\/posts\/883948","targetHints":{"allow":["GET"]}}],"collection":[{"href":"https:\/\/www.europesays.com\/fr\/wp-json\/wp\/v2\/posts"}],"about":[{"href":"https:\/\/www.europesays.com\/fr\/wp-json\/wp\/v2\/types\/post"}],"author":[{"embeddable":true,"href":"https:\/\/www.europesays.com\/fr\/wp-json\/wp\/v2\/users\/2"}],"replies":[{"embeddable":true,"href":"https:\/\/www.europesays.com\/fr\/wp-json\/wp\/v2\/comments?post=883948"}],"version-history":[{"count":0,"href":"https:\/\/www.europesays.com\/fr\/wp-json\/wp\/v2\/posts\/883948\/revisions"}],"wp:featuredmedia":[{"embeddable":true,"href":"https:\/\/www.europesays.com\/fr\/wp-json\/wp\/v2\/media\/883949"}],"wp:attachment":[{"href":"https:\/\/www.europesays.com\/fr\/wp-json\/wp\/v2\/media?parent=883948"}],"wp:term":[{"taxonomy":"category","embeddable":true,"href":"https:\/\/www.europesays.com\/fr\/wp-json\/wp\/v2\/categories?post=883948"},{"taxonomy":"post_tag","embeddable":true,"href":"https:\/\/www.europesays.com\/fr\/wp-json\/wp\/v2\/tags?post=883948"}],"curies":[{"name":"wp","href":"https:\/\/api.w.org\/{rel}","templated":true}]}}