{"id":88396,"date":"2025-05-10T03:38:09","date_gmt":"2025-05-10T03:38:09","guid":{"rendered":"https:\/\/www.europesays.com\/fr\/88396\/"},"modified":"2025-05-10T03:38:09","modified_gmt":"2025-05-10T03:38:09","slug":"al-khelaifi-jai-presque-eu-un-arret-cardiaque","status":"publish","type":"post","link":"https:\/\/www.europesays.com\/fr\/88396\/","title":{"rendered":"Al-Khela\u00effi \u00ab\u00a0j&rsquo;ai presque eu un arr\u00eat cardiaque\u00a0\u00bb"},"content":{"rendered":"<p><strong>Nasser Al-Khela\u00effi, pr\u00e9sident du Paris Saint-Germain, s\u2019est arr\u00eat\u00e9 au micro de CBS Sports Golazo apr\u00e8s la victoire 2-1 (3-1 au cumul\u00e9) face \u00e0 Arsenal (<b><a href=\"https:\/\/www.parisfans.fr\/videos-psg\/resume-video-psg-arsenal-2-1-paris-en-finale-de-ligue-des-champions-788690.html\" target=\"_blank\" rel=\"noopener\">r\u00e9sum\u00e9 vid\u00e9o PSG\/Arsenal<\/a><\/b><b>)<\/b><b\/> ce mercredi au Parc des Princes dans le cadre des demi-finales retours <\/strong><strong>de la Ligue des Champions 2024-2025 (finale le 31 mai)<b>. Il a \u00e9voqu\u00e9 une soir\u00e9e tr\u00e8s stressante, mais aussi un parcours remarquable avec toujours de la confiance malgr\u00e9 les difficult\u00e9s.<\/b><\/strong><\/p>\n<blockquote class=\"twitter-tweet\">\n<p dir=\"ltr\" lang=\"en\">PSG president Nasser Al-Khelaifi is proud of Luis Enrique and the young stars who stepped up to reach the <a href=\"https:\/\/twitter.com\/hashtag\/UCL?src=hash&amp;ref_src=twsrc%5Etfw\" target=\"_blank\" rel=\"noopener\">#UCL<\/a> final \ud83c\uddeb\ud83c\uddf7 <a href=\"https:\/\/t.co\/UEIRO21wHS\">pic.twitter.com\/UEIRO21wHS<\/a><\/p>\n<p>\u2014 CBS Sports Golazo \u26bd\ufe0f (@CBSSportsGolazo) <a href=\"https:\/\/twitter.com\/CBSSportsGolazo\/status\/1920234257550602528?ref_src=twsrc%5Etfw\" target=\"_blank\" rel=\"noopener\">May 7, 2025<\/a><\/p>\n<\/blockquote>\n<p>Al-Khela\u00effi \u00ab\u00a0on a toujours eu foi en nos joueurs et notre coach.\u00a0\u00bb<\/p>\n<p><strong>Quels sentiments pendant la demi-finale ?<\/strong><\/p>\n<p>C\u2019\u00e9tait stressant, j\u2019ai presque eu un arr\u00eat cardiaque (rires). Mais c\u2019est un superbe sentiment d\u2019\u00eatre en finale, apr\u00e8s une longue et difficile saison. A un moment, on \u00e9tait presque \u00e9limin\u00e9 en phase de ligue. On devait gagner les 3 derniers matchs, on perdait contre City 0-2 et on est revenu. C\u2019\u00e9tait un tirage difficile, des matchs compliqu\u00e9s.<\/p>\n<p>Mais l\u2019\u00e9quipe a progress\u00e9, on a toujours eu foi en nos joueurs et notre coach, ainsi que nos supporters. Ils sont exceptionnels. On est all\u00e9 d\u2019une presque \u00e9limination en phase de ligue \u00e0 la finale.<\/p>\n<p><strong>Vous imaginez \u00e0 ce moment \u00eatre en finale ?<\/strong><\/p>\n<p>Je ne pensais pas \u00e0 la finale, jusqu\u2019\u00e0 la qualification en playoff. On a fait nos objectifs match par match. Honn\u00eatement, l\u2019objectif n\u2019\u00e9tait pas encore d\u2019aller en finale. Mais aujourd\u2019hui, nous y sommes. Il ne reste qu\u2019un match. C\u2019est un sentiment extraordinaire.<\/p>\n<p>Al-Khela\u00effi \u00ab\u00a0Ce sont des jeunes, qui ont faim.\u00a0\u00bb<\/p>\n<p><strong>Heureux de la progression amen\u00e9e par Luis Enrique ?<\/strong><\/p>\n<p>Bien s\u00fbr ! M\u00eame quand on \u00e9tait proche de l\u2019\u00e9limination, je peux promettre que l\u2019on ne pensait pas \u00e0 changer de projet. On croyait en notre plan. On continue avec, peu importe le r\u00e9sultat. M\u00eame si on avait perdu en demi-finale, en quart, ou en 8e. On croit en notre coach et en nos joueurs. Ce sont des jeunes, qui ont faim.<\/p>\n<p><strong>L\u2019\u00e9quipe la plus jeune de l\u2019histoire en finale ?<\/strong><\/p>\n<p>C\u2019est le projet, des jeunes joueurs qui ont faim, qui se battent pour l\u2019\u00e9quipe, qui pourraient mourir pour le maillot, le club. On l\u2019a vu aujourd\u2019hui.<\/p>\n<p>\t\t\t\t\t\t\t\t\t\t\t\t\t\t\t\t\t\t\t\t\t\t\t<img loading=\"lazy\" src=\"https:\/\/www.europesays.com\/fr\/wp-content\/uploads\/2025\/04\/ParisFans_Logo.png\" decoding=\"async\" class=\"lazyload\" width=\"240\" height=\"54\" data-eio-rwidth=\"240\" data-eio-rheight=\"54\"\/><\/p>\n<p>\t\t\t\t\t\t\t\t<script async src=\"https:\/\/platform.twitter.com\/widgets.js\" charset=\"utf-8\"><\/script><\/p>\n","protected":false},"excerpt":{"rendered":"Nasser Al-Khela\u00effi, pr\u00e9sident du Paris Saint-Germain, s\u2019est arr\u00eat\u00e9 au micro de CBS Sports Golazo apr\u00e8s la victoire 2-1&hellip;\n","protected":false},"author":2,"featured_media":88397,"comment_status":"","ping_status":"","sticky":false,"template":"","format":"standard","meta":{"footnotes":""},"categories":[1586],"tags":[11,1777,674,1779,1011,27,11486,12,11172,25,1778,364],"class_list":{"0":"post-88396","1":"post","2":"type-post","3":"status-publish","4":"format-standard","5":"has-post-thumbnail","7":"category-europe","8":"tag-actualites","9":"tag-eu","10":"tag-europe","11":"tag-european-union","12":"tag-fr","13":"tag-france","14":"tag-nasser-al-khelaifi","15":"tag-news","16":"tag-psg-arsenal","17":"tag-republique-francaise","18":"tag-ue","19":"tag-union-europeenne"},"share_on_mastodon":{"url":"https:\/\/pubeurope.com\/@fr\/114481457081867272","error":""},"_links":{"self":[{"href":"https:\/\/www.europesays.com\/fr\/wp-json\/wp\/v2\/posts\/88396","targetHints":{"allow":["GET"]}}],"collection":[{"href":"https:\/\/www.europesays.com\/fr\/wp-json\/wp\/v2\/posts"}],"about":[{"href":"https:\/\/www.europesays.com\/fr\/wp-json\/wp\/v2\/types\/post"}],"author":[{"embeddable":true,"href":"https:\/\/www.europesays.com\/fr\/wp-json\/wp\/v2\/users\/2"}],"replies":[{"embeddable":true,"href":"https:\/\/www.europesays.com\/fr\/wp-json\/wp\/v2\/comments?post=88396"}],"version-history":[{"count":0,"href":"https:\/\/www.europesays.com\/fr\/wp-json\/wp\/v2\/posts\/88396\/revisions"}],"wp:featuredmedia":[{"embeddable":true,"href":"https:\/\/www.europesays.com\/fr\/wp-json\/wp\/v2\/media\/88397"}],"wp:attachment":[{"href":"https:\/\/www.europesays.com\/fr\/wp-json\/wp\/v2\/media?parent=88396"}],"wp:term":[{"taxonomy":"category","embeddable":true,"href":"https:\/\/www.europesays.com\/fr\/wp-json\/wp\/v2\/categories?post=88396"},{"taxonomy":"post_tag","embeddable":true,"href":"https:\/\/www.europesays.com\/fr\/wp-json\/wp\/v2\/tags?post=88396"}],"curies":[{"name":"wp","href":"https:\/\/api.w.org\/{rel}","templated":true}]}}