{"id":88421,"date":"2025-05-10T03:54:17","date_gmt":"2025-05-10T03:54:17","guid":{"rendered":"https:\/\/www.europesays.com\/fr\/88421\/"},"modified":"2025-05-10T03:54:17","modified_gmt":"2025-05-10T03:54:17","slug":"emmanuel-macron-les-defis-de-la-france-sur-tf1-le-13-mai-participez-a-notre-consultation-sur-tf1","status":"publish","type":"post","link":"https:\/\/www.europesays.com\/fr\/88421\/","title":{"rendered":"\u00ab\u00a0Emmanuel Macron &#8211; Les d\u00e9fis de la France\u00a0\u00bb sur TF1 le 13 mai : participez \u00e0 notre consultation sur TF1+"},"content":{"rendered":"<p>Le pr\u00e9sident de la R\u00e9publique est l\u2019invit\u00e9 exceptionnel de TF1 mardi 13 mai \u00e0 partir de 20h10 dans l\u2019\u00e9mission \u00ab\u00a0Emmanuel Macron \u2013 Les d\u00e9fis de la France\u00a0\u00bb.Pour cette occasion, vous pouvez donner votre avis sur le bilan du chef de l\u2019\u00c9tat et vos priorit\u00e9s pour les deux ans \u00e0 venir via notre plateforme TF1+.Les r\u00e9sultats de cette consultation in\u00e9dite, propos\u00e9e \u00e0 plus de 15 millions de Fran\u00e7ais, seront d\u00e9voil\u00e9s au cours de cet entretien.<\/p>\n<p data-module=\"article-paragraph\" class=\"jsx-362436225 Paragraph\">Un temps d&rsquo;\u00e9changes in\u00e9dit pour \u00e9voquer en profondeur les grands enjeux du pays. Entre crise \u00e9conomique, r\u00e9formes sociales et questions internationales, le chef de l&rsquo;\u00c9tat est\u00a0l\u2019invit\u00e9 exceptionnel de TF1 pour une \u00e9mission sp\u00e9ciale intitul\u00e9e \u00ab\u00a0Emmanuel Macron \u2013 Les d\u00e9fis de la France\u00a0\u00bb, le 13 mai \u00e0 20h10.\u00a0<\/p>\n<p data-module=\"article-paragraph\" class=\"jsx-362436225 Paragraph Paragraph__End\">C\u2019est le moment de faire entendre votre voix. Ainsi, TF1+ lance une grande consultation aupr\u00e8s de plus de 15 millions de Fran\u00e7ais pour recueillir leur avis sur le bilan du chef de l\u2019\u00c9tat et exprimer leurs priorit\u00e9s pour les deux ans \u00e0 venir. Les r\u00e9sultats de cette consultation in\u00e9dite seront d\u00e9voil\u00e9s lors de l&rsquo;entretien.<\/p>\n<p data-module=\"article-paragraph\" class=\"jsx-362436225 Paragraph Paragraph__End\">\u25b6\ufe0f Participez \u00e0 cette consultation d\u00e8s maintenant sur notre plateforme TF1+, <a href=\"https:\/\/fr.research.net\/r\/ML93XGN\" target=\"_blank\" rel=\"nofollow noopener\">en cliquant ici.\u00a0 (nouvelle fen\u00eatre)<\/a><\/p>\n<p data-module=\"article-paragraph\" class=\"jsx-362436225 Paragraph Paragraph__End\">TF1info vous propose <a href=\"https:\/\/www.tf1info.fr\/politique\/emission-tf1-macron-les-defis-de-la-france-posez-vos-questions-au-president-de-la-republique-invite-de-tf1-le-13-mai-2369021.html\" target=\"_blank\" rel=\"noopener\">\u00e9galement ici <\/a>de soumettre votre question sur un sujet-cl\u00e9 de l&rsquo;actualit\u00e9 nationale et internationale. Celles qui seront s\u00e9lectionn\u00e9es seront soumises en direct au chef de l&rsquo;\u00c9tat durant l&rsquo;\u00e9mission.\u00a0<\/p>\n<p data-module=\"article-paragraph\" class=\"jsx-362436225 Paragraph Paragraph__End\">Cette \u00e9mission exceptionnelle est une occasion unique de donner et prendre le pouls de la France avant des mois \u00e0 venir cruciaux.\u00a0<\/p>\n<p>La r\u00e9daction de TF1info<\/p>\n","protected":false},"excerpt":{"rendered":"Le pr\u00e9sident de la R\u00e9publique est l\u2019invit\u00e9 exceptionnel de TF1 mardi 13 mai \u00e0 partir de 20h10 dans&hellip;\n","protected":false},"author":2,"featured_media":88422,"comment_status":"","ping_status":"","sticky":false,"template":"","format":"standard","meta":{"footnotes":""},"categories":[1356],"tags":[1111,11,1921,58,19866,1073,59,1011,27,1922,252,199,1364,133,4530],"class_list":{"0":"post-88421","1":"post","2":"type-post","3":"status-publish","4":"format-standard","5":"has-post-thumbnail","7":"category-television","8":"tag-actu","9":"tag-actualites","10":"tag-article-video","11":"tag-divertissement","12":"tag-emmanuel-macron-sur-tf1-posez-vos-questions","13":"tag-emmanuel-macron","14":"tag-entertainment","15":"tag-fr","16":"tag-france","17":"tag-info","18":"tag-television","19":"tag-tf1","20":"tag-tv","21":"tag-video","22":"tag-video-politique"},"share_on_mastodon":{"url":"https:\/\/pubeurope.com\/@fr\/114481519828505062","error":""},"_links":{"self":[{"href":"https:\/\/www.europesays.com\/fr\/wp-json\/wp\/v2\/posts\/88421","targetHints":{"allow":["GET"]}}],"collection":[{"href":"https:\/\/www.europesays.com\/fr\/wp-json\/wp\/v2\/posts"}],"about":[{"href":"https:\/\/www.europesays.com\/fr\/wp-json\/wp\/v2\/types\/post"}],"author":[{"embeddable":true,"href":"https:\/\/www.europesays.com\/fr\/wp-json\/wp\/v2\/users\/2"}],"replies":[{"embeddable":true,"href":"https:\/\/www.europesays.com\/fr\/wp-json\/wp\/v2\/comments?post=88421"}],"version-history":[{"count":0,"href":"https:\/\/www.europesays.com\/fr\/wp-json\/wp\/v2\/posts\/88421\/revisions"}],"wp:featuredmedia":[{"embeddable":true,"href":"https:\/\/www.europesays.com\/fr\/wp-json\/wp\/v2\/media\/88422"}],"wp:attachment":[{"href":"https:\/\/www.europesays.com\/fr\/wp-json\/wp\/v2\/media?parent=88421"}],"wp:term":[{"taxonomy":"category","embeddable":true,"href":"https:\/\/www.europesays.com\/fr\/wp-json\/wp\/v2\/categories?post=88421"},{"taxonomy":"post_tag","embeddable":true,"href":"https:\/\/www.europesays.com\/fr\/wp-json\/wp\/v2\/tags?post=88421"}],"curies":[{"name":"wp","href":"https:\/\/api.w.org\/{rel}","templated":true}]}}