{"id":884320,"date":"2026-04-22T01:12:29","date_gmt":"2026-04-22T01:12:29","guid":{"rendered":"https:\/\/www.europesays.com\/fr\/884320\/"},"modified":"2026-04-22T01:12:29","modified_gmt":"2026-04-22T01:12:29","slug":"envie-de-beaux-bijoux-ce-week-end-18-artisanes-exposent-a-30-minutes-de-strasbourg","status":"publish","type":"post","link":"https:\/\/www.europesays.com\/fr\/884320\/","title":{"rendered":"Envie de beaux bijoux ? Ce week-end, 18 artisan(e)s exposent \u00e0 30 minutes de Strasbourg"},"content":{"rendered":"<p>    <img loading=\"lazy\" width=\"1800\" height=\"900\" src=\"https:\/\/www.europesays.com\/fr\/wp-content\/uploads\/2026\/04\/jeanne-callthepolice.jpg\" class=\"attachment-full size-full\" alt=\"\" id=\"imageLove\" decoding=\"async\"  \/><\/p>\n<p id=\"breadcrumbs\"><a href=\"https:\/\/pokaa.fr\/\" rel=\"nofollow noopener\" target=\"_blank\">Accueil<\/a> \/ <a href=\"https:\/\/pokaa.fr\/ses-sorties\/\" rel=\"nofollow noopener\" target=\"_blank\">Sorties<\/a> \/ Envie de beaux bijoux ? Ce week-end, 18 artisan(e)s exposent \u00e0 30 minutes de Strasbourg<\/p>\n<p>                    Sorties<\/p>\n<p><strong>Envie de pimper vos tenues avec des accessoires uniques, originaux et surtout faits avec amour ? Du 24 au 26 avril, la Fr\u00e9maa (F\u00e9d\u00e9ration des m\u00e9tiers d\u2019art d\u2019Alsace) organise son tout premier salon enti\u00e8rement consacr\u00e9 aux bijoux. Pour en profiter, rendez-vous \u00e0 30 minutes de Strasbourg, dans l\u2019ancienne Banque de France \u00e0 Haguenau : on vous d\u00e9taille le programme. <\/strong><\/p>\n<p>Pour r\u00e9galer vos mirettes, trouver de quoi donner une touche unique \u00e0 vos outfits, ou faire un cadeau d\u00e9licat, <strong>rendez-vous du 24 au 26 avril \u00e0 Haguenau. Au menu, l\u2019expo-vente Bijoux Bijoux<\/strong> pour d\u00e9couvrir le travail de <strong>18 artisan(e)s qui ont fait du bijou un v\u00e9ritable terrain d\u2019exp\u00e9rimentation.<\/strong> On vous montre.<\/p>\n<p>    <img width=\"800\" height=\"548\" src=\"https:\/\/www.europesays.com\/fr\/wp-content\/uploads\/2026\/04\/capture-decran-2026-04-21-154907-800x548.png\" class=\"attachment-image-size-L size-image-size-L\" alt=\"Haguenau ancienne banque de france mus\u00e9e du bagage\" decoding=\"async\" loading=\"lazy\"  \/>         \u00a9 Ralph Hammann \/ Wikimedia commons <\/p>\n<p>Le bijou, terrain de jeu cr\u00e9atif<\/p>\n<p>Par exemple, on pourra retrouver le travail de bijouterie de <strong>Mathilde Marteau, Miho Nakatani, Gueule de Louve, JL Roelly<\/strong> ou encore <strong>Amabilis<\/strong>, pour admirer la finesse avec laquelle le m\u00e9tal est travaill\u00e9. Volumes surprenants, d\u00e9tails organiques et pierres color\u00e9es seront de la partie. Mais pas que !<\/p>\n<p>                <img width=\"750\" height=\"500\" src=\"https:\/\/www.europesays.com\/fr\/wp-content\/uploads\/2026\/04\/mathilde-marteau-bijoutiere-guillaumeoc-3-750x500.jpg\" class=\"attachment-gallery size-gallery\" alt=\"Mathilde Marteau, bijouti\u00e8re \u00a9guillaumeOc (3)\" data-full-url=\"https:\/\/pokaa.fr\/wp-content\/uploads\/2026\/04\/21\/mathilde-marteau-bijoutiere-guillaumeoc-3.jpg\" decoding=\"async\" loading=\"lazy\"  \/>            <\/p>\n<p>                <img width=\"375\" height=\"500\" src=\"https:\/\/www.europesays.com\/fr\/wp-content\/uploads\/2026\/04\/miho-nakatani-bijoutiere-1-375x500.jpg\" class=\"attachment-gallery size-gallery\" alt=\"Miho NAKATANI, bijouti\u00e8re (1)\" data-full-url=\"https:\/\/pokaa.fr\/wp-content\/uploads\/2026\/04\/21\/miho-nakatani-bijoutiere-1.jpg\" decoding=\"async\" loading=\"lazy\"  \/>            <\/p>\n<p>                <img width=\"356\" height=\"500\" src=\"https:\/\/www.europesays.com\/fr\/wp-content\/uploads\/2026\/04\/gueule-de-louve-bijoutiere-2-356x500.jpeg\" class=\"attachment-gallery size-gallery\" alt=\"Gueule de Louve, bijouti\u00e8re (2)\" data-full-url=\"https:\/\/pokaa.fr\/wp-content\/uploads\/2026\/04\/21\/gueule-de-louve-bijoutiere-2.jpeg\" decoding=\"async\" loading=\"lazy\"  \/>            <\/p>\n<p>                <img width=\"500\" height=\"500\" src=\"https:\/\/www.europesays.com\/fr\/wp-content\/uploads\/2026\/04\/jl-roelly-joaillier-1-500x500.jpg\" class=\"attachment-gallery size-gallery\" alt=\"JL ROELLY, joaillier (1)\" data-full-url=\"https:\/\/pokaa.fr\/wp-content\/uploads\/2026\/04\/21\/jl-roelly-joaillier-1.jpg\" decoding=\"async\" loading=\"lazy\"  \/>            <\/p>\n<p>                <img width=\"333\" height=\"500\" src=\"https:\/\/www.europesays.com\/fr\/wp-content\/uploads\/2026\/04\/amabilis-bijoutiere-lucile-bohlinger-333x500.jpg\" class=\"attachment-gallery size-gallery\" alt=\"AMABILIS, bijouti\u00e8re \u00a9  Lucile Bohlinger\" data-full-url=\"https:\/\/pokaa.fr\/wp-content\/uploads\/2026\/04\/21\/amabilis-bijoutiere-lucile-bohlinger.jpg\" decoding=\"async\" loading=\"lazy\"  \/>            <\/p>\n<p>                    1. \u00a9 Mathilde Marteau, 2. \u00a9 Miho Nakatani, 3. \u00a9 Gueule de Louve, 4. \u00a9 JL Roelly, 5. Amabilis. \u00a9 Lucile Bohlinger \/ Documents remis<\/p>\n<p>\u00c0 la crois\u00e9e de l\u2019art et du design, le bijou contemporain se d\u00e9ploie sous des formes multiples, gr\u00e2ce \u00e0 des talents surprenants\u00a0: <strong>en plus de la joaillerie ou de l\u2019orf\u00e8vrerie, on retrouvera de la verrerie, de la c\u00e9ramique, du tissage\u2026<\/strong> Autant de domaines, et plus encore, qui seront pr\u00e9sents pour surprendre et exposer une palette de cr\u00e9ations \u00e0 tomber.<\/p>\n<p>L\u2019occasion de d\u00e9couvrir le travail de la plumassi\u00e8re <strong>Lucia Fiore<\/strong>, mais aussi les tissages <strong>d\u2019Ang\u00e9lique Zrak,<\/strong> les bijoux textiles de <strong>Tilko<\/strong> ou <strong>Fr\u00e9d\u00e9rique Stoltz<\/strong>, les cr\u00e9ations de <strong>NDK C\u00e9ramiques<\/strong>, la verrerie \u00e0 la flamme de <strong>Bulle de Verre<\/strong>, et bien d\u2019autres, qui r\u00e9inventent chaque jour le bijou contemporain.<\/p>\n<p>                <img width=\"500\" height=\"500\" src=\"https:\/\/www.europesays.com\/fr\/wp-content\/uploads\/2026\/04\/lucia-fiore-plumassiere-wei-xing-1-500x500.jpg\" class=\"attachment-gallery size-gallery\" alt=\"Lucia FIORE, plumassi\u00e8re \u00a9 WEI Xing (1)\" data-full-url=\"https:\/\/pokaa.fr\/wp-content\/uploads\/2026\/04\/21\/lucia-fiore-plumassiere-wei-xing-1.jpg\" decoding=\"async\" loading=\"lazy\"  \/>            <\/p>\n<p>                <img width=\"667\" height=\"500\" src=\"https:\/\/www.europesays.com\/fr\/wp-content\/uploads\/2026\/04\/angelique-zrak-tisserande-passementiere-1-667x500.jpg\" class=\"attachment-gallery size-gallery\" alt=\"Ang\u00e9lique ZRAK, tisserande passementi\u00e8re (1)\" data-full-url=\"https:\/\/pokaa.fr\/wp-content\/uploads\/2026\/04\/21\/angelique-zrak-tisserande-passementiere-1.jpg\" decoding=\"async\" loading=\"lazy\"  \/>            <\/p>\n<p>                <img width=\"375\" height=\"500\" src=\"https:\/\/www.europesays.com\/fr\/wp-content\/uploads\/2026\/04\/tilko-creatrice-de-bijoux-textiles-375x500.jpeg\" class=\"attachment-gallery size-gallery\" alt=\"TILKO, cr\u00e9atrice de bijoux textiles\" data-full-url=\"https:\/\/pokaa.fr\/wp-content\/uploads\/2026\/04\/21\/tilko-creatrice-de-bijoux-textiles.jpeg\" decoding=\"async\" loading=\"lazy\"  \/>            <\/p>\n<p>                <img width=\"750\" height=\"500\" src=\"https:\/\/www.europesays.com\/fr\/wp-content\/uploads\/2026\/04\/frederique-stoltz-creatrice-dobjets-textile-3-750x500.jpg\" class=\"attachment-gallery size-gallery\" alt=\"Fr\u00e9d\u00e9rique STOLTZ, cr\u00e9atrice d\u2019objets textile (3)\" data-full-url=\"https:\/\/pokaa.fr\/wp-content\/uploads\/2026\/04\/21\/frederique-stoltz-creatrice-dobjets-textile-3.jpg\" decoding=\"async\" loading=\"lazy\"  \/>            <\/p>\n<p>                <img width=\"500\" height=\"500\" src=\"https:\/\/www.europesays.com\/fr\/wp-content\/uploads\/2026\/04\/ndk-ceramique-ceramiste-1-500x500.jpg\" class=\"attachment-gallery size-gallery\" alt=\"NDK C\u00e9ramique, c\u00e9ramiste (1)\" data-full-url=\"https:\/\/pokaa.fr\/wp-content\/uploads\/2026\/04\/21\/ndk-ceramique-ceramiste-1.jpg\" decoding=\"async\" loading=\"lazy\"  \/>            <\/p>\n<p>                <img width=\"375\" height=\"500\" src=\"https:\/\/www.europesays.com\/fr\/wp-content\/uploads\/2026\/04\/bulle-de-verre-verrier-a-la-flamme-3-375x500.jpg\" class=\"attachment-gallery size-gallery\" alt=\"Bulle de verre, verrier \u00e0 la flamme (3)\" data-full-url=\"https:\/\/pokaa.fr\/wp-content\/uploads\/2026\/04\/21\/bulle-de-verre-verrier-a-la-flamme-3.jpg\" decoding=\"async\" loading=\"lazy\"  \/>            <\/p>\n<p>                    1. Lucia Fiore, \u00a9 Wei Xing, 2. \u00a9 Ang\u00e9lique Zrak, 3. Tilko, 4. \u00a9 Fr\u00e9d\u00e9rique Stoltz, 5. \u00a9 NDK C\u00e9ramiques, 6. \u00a9 Bulle de Verre \/ Documents remis<\/p>\n<p>Mettre les mains \u00e0 la p\u00e2te<\/p>\n<p>Pour les curieux\/ses, <strong>plusieurs d\u00e9monstrations sont pr\u00e9vues durant le week-end<\/strong>, histoire de voir le processus cr\u00e9atif en action. <strong>Ang\u00e9lique Zrak se trouvera derri\u00e8re son m\u00e9tier \u00e0 tisser, tandis que Sol\u00e8ne Roland fabriquera des perles de verre \u00e0 la flamme.<\/strong><\/p>\n<p>Et pour celles et ceux qui ont des \u00e2mes d\u2019artiste, il est \u00e9galement possible de <strong>r\u00e9server des ateliers<\/strong> pour s\u2019initier \u00e0 quelques techniques, telles que <strong>la fabrication de boucles d\u2019oreilles en perles avec Miho Nakatani, ou la cr\u00e9ation d\u2019une broche en cocon de vers \u00e0 soie avec Fr\u00e9d\u00e9rique Stoltz.<\/strong> Pour voir le programme complet et r\u00e9server, c\u2019est <strong><a href=\"https:\/\/www.fremaa.com\/bijoux-bijoux\/\" target=\"_blank\" rel=\"noopener nofollow\">par ici<\/a> !\u00a0<\/strong><\/p>\n<p>    <img width=\"800\" height=\"600\" src=\"https:\/\/www.europesays.com\/fr\/wp-content\/uploads\/2026\/04\/solene-rolland-sculpteur-sur-metal-et-verrier-a-la-flamme-2-800x600.jpeg\" class=\"attachment-image-size-L size-image-size-L\" alt=\"Sol\u00e8ne ROLLAND, sculpteur sur m\u00e9tal et verrier \u00e0 la flamme (2)\" decoding=\"async\" loading=\"lazy\"  \/>         \u00a9 Sol\u00e8ne Rolland \/ Documents remis <\/p>\n<p>            \u00ab Bijoux bijoux \u00bb<\/p>\n<p>            Quoi ? <\/p>\n<p>Expo-vente m\u00e9tiers d\u2019arts<\/p>\n<p>                Quand ?<\/p>\n<p>Du 24 au 26 avril<\/p>\n<p>Vendredi de 14h \u00e0 19h, samedi de 10h \u00e0 19h, dimanche de 10h \u00e0 18h<\/p>\n<p>            o\u00f9 ?<\/p>\n<p>Ancienne Banque de France, 5 rue Saint-Georges, Haguenau<\/p>\n<p>                Plus d&rsquo;infos ?<\/p>\n<p><a href=\"https:\/\/www.fremaa.com\/bijoux-bijoux\/\" target=\"_blank\" rel=\"noopener nofollow\">Site web et r\u00e9servation d\u2019ateliers<\/a><\/p>\n","protected":false},"excerpt":{"rendered":"Accueil \/ Sorties \/ Envie de beaux bijoux ? Ce week-end, 18 artisan(e)s exposent \u00e0 30 minutes de&hellip;\n","protected":false},"author":2,"featured_media":884321,"comment_status":"","ping_status":"","sticky":false,"template":"","format":"standard","meta":{"footnotes":"","_share_on_mastodon":"0"},"categories":[2820],"tags":[1111,11,1477,5417,4942,1777,674,1011,27,63497,775,11642,12,3907,25,640,58524],"class_list":["post-884320","post","type-post","status-publish","format-standard","has-post-thumbnail","category-strasbourg","tag-actu","tag-actualites","tag-artisanat","tag-bijoux","tag-creation","tag-eu","tag-europe","tag-fr","tag-france","tag-fremaa","tag-grand-est","tag-haguenau","tag-news","tag-que-faire","tag-republique-francaise","tag-strasbourg","tag-strasbourg-actualite"],"share_on_mastodon":{"url":"https:\/\/pubeurope.com\/@fr\/116445706470521391","error":""},"_links":{"self":[{"href":"https:\/\/www.europesays.com\/fr\/wp-json\/wp\/v2\/posts\/884320","targetHints":{"allow":["GET"]}}],"collection":[{"href":"https:\/\/www.europesays.com\/fr\/wp-json\/wp\/v2\/posts"}],"about":[{"href":"https:\/\/www.europesays.com\/fr\/wp-json\/wp\/v2\/types\/post"}],"author":[{"embeddable":true,"href":"https:\/\/www.europesays.com\/fr\/wp-json\/wp\/v2\/users\/2"}],"replies":[{"embeddable":true,"href":"https:\/\/www.europesays.com\/fr\/wp-json\/wp\/v2\/comments?post=884320"}],"version-history":[{"count":0,"href":"https:\/\/www.europesays.com\/fr\/wp-json\/wp\/v2\/posts\/884320\/revisions"}],"wp:featuredmedia":[{"embeddable":true,"href":"https:\/\/www.europesays.com\/fr\/wp-json\/wp\/v2\/media\/884321"}],"wp:attachment":[{"href":"https:\/\/www.europesays.com\/fr\/wp-json\/wp\/v2\/media?parent=884320"}],"wp:term":[{"taxonomy":"category","embeddable":true,"href":"https:\/\/www.europesays.com\/fr\/wp-json\/wp\/v2\/categories?post=884320"},{"taxonomy":"post_tag","embeddable":true,"href":"https:\/\/www.europesays.com\/fr\/wp-json\/wp\/v2\/tags?post=884320"}],"curies":[{"name":"wp","href":"https:\/\/api.w.org\/{rel}","templated":true}]}}