{"id":88436,"date":"2025-05-10T04:02:10","date_gmt":"2025-05-10T04:02:10","guid":{"rendered":"https:\/\/www.europesays.com\/fr\/88436\/"},"modified":"2025-05-10T04:02:10","modified_gmt":"2025-05-10T04:02:10","slug":"pekin-et-washington-a-laube-de-discussions-trump-adoucit-le-ton-actualites","status":"publish","type":"post","link":"https:\/\/www.europesays.com\/fr\/88436\/","title":{"rendered":"P\u00e9kin et Washington \u00e0 l&rsquo;aube de discussions, Trump adoucit le ton : Actualit\u00e9s"},"content":{"rendered":"<p class=\"lead \">P\u00e9kin et Washington, qui se livrent une bataille commerciale sans piti\u00e9 depuis le retour de Donald Trump \u00e0 la Maison Blanche, discuteront samedi en Suisse pour apaiser les tensions.<\/p>\n<p class=\"lead \">Le pr\u00e9sident am\u00e9ricain a d\u00e9j\u00e0 fait un pas pour calmer les esprits vendredi, sugg\u00e9rant de baisser \u00e0 80% les droits de douane punitifs qu&rsquo;il a lui-m\u00eame impos\u00e9s sur les produits chinois.<\/p>\n<p class=\"lead \">Apr\u00e8s des semaines de tensions allant crescendo entre les deux pays, le secr\u00e9taire au Tr\u00e9sor am\u00e9ricain Scott Bessent et le repr\u00e9sentant au Commerce Jamieson Greer doivent rencontrer le vice-Premier ministre chinois He Lifeng ce week-end \u00e0 Gen\u00e8ve.<\/p>\n<p class=\"lead \">\u00ab\u00a0Le pr\u00e9sident aimerait r\u00e9gler le probl\u00e8me avec la Chine. Comme il l&rsquo;a dit, il aimerait apaiser la situation\u00a0\u00bb, a lanc\u00e9 vendredi soir le secr\u00e9taire au Commerce Howard Lutnick, sur Fox News.<\/p>\n<p class=\"lead \">\u00ab\u00a080% de droits de douane sur la Chine semble le bon niveau!\u00a0\u00bb, avait \u00e9crit plus t\u00f4t dans la journ\u00e9e le pr\u00e9sident am\u00e9ricain sur son r\u00e9seau Truth Social.<\/p>\n<p class=\"lead \">Depuis son retour \u00e0 la Maison Blanche en janvier, Donald Trump a fait des droits de douane un outil politique \u00e0 part enti\u00e8re. Il a impos\u00e9 une surtaxe de 145% sur les marchandises venant de Chine, en plus des droits de douane pr\u00e9existants. <\/p>\n<p class=\"lead \">P\u00e9kin a ripost\u00e9 avec 125% de droits de douane sur les produits am\u00e9ricains.<\/p>\n<p class=\"lead \">R\u00e9sultat: les \u00e9changes bilat\u00e9raux sont pratiquement \u00e0 l&rsquo;arr\u00eat.<\/p>\n<p class=\"lead \">Les discussions pr\u00e9vues \u00e0 Gen\u00e8ve sont donc \u00ab\u00a0un pas positif et constructif vers la d\u00e9sescalade\u00a0\u00bb, a estim\u00e9 la directrice g\u00e9n\u00e9rale de l&rsquo;OMC Ngozi Okonjo-Iweala.<\/p>\n<p class=\"lead \">&#8211; \u00ab\u00a0Concessions\u00a0\u00bb &#8211;<\/p>\n<p class=\"lead \">Pour le ministre suisse de l&rsquo;Economie Guy Parmelin, c&rsquo;est d\u00e9j\u00e0 \u00ab\u00a0un succ\u00e8s\u00a0\u00bb que \u00ab\u00a0les deux parties se parlent\u00a0\u00bb.<\/p>\n<p class=\"lead \">La situation est telle qu'\u00a0\u00bbaucune partie ne peut se permettre que cela se prolonge\u00a0\u00bb, a d\u00e9clar\u00e9 \u00e0 Shanghai Xu Bin, professeur d&rsquo;\u00e9conomie \u00e0 l&rsquo;\u00e9cole de commerce international Chine Europe (CEIBS).<\/p>\n<p class=\"lead \">\u00ab\u00a0Les deux pays ont toutefois montr\u00e9 que, sans concession de l&rsquo;autre bord, ils n&rsquo;\u00e9taient pas pr\u00eats \u00e0 faire le premier pas\u00a0\u00bb, a ajout\u00e9 l&rsquo;\u00e9conomiste.<\/p>\n<p class=\"lead \">Donald Trump \u00ab\u00a0ne va pas unilat\u00e9ralement laisser les droits de douane sur la Chine. On doit aussi voir des concessions de leur part\u00a0\u00bb, a averti sa porte-parole Karoline Leavitt.<\/p>\n<p class=\"lead \">Sur le plan \u00ab\u00a0pratique\u00a0\u00bb, cela coince aussi, selon Bill Reinsch, expert du Center for Strategic and International Studies.<\/p>\n<p class=\"lead \">Donald Trump veut rencontrer son homologue Xi Jinping, \u00ab\u00a0trouver un accord avec lui, et qu&rsquo;ensuite leurs subordonn\u00e9s r\u00e8glent les d\u00e9tails\u00a0\u00bb, d\u00e9crit-il \u00e0 l&rsquo;AFP, alors que les Chinois \u00ab\u00a0veulent que tous les sujets soient r\u00e9gl\u00e9s avant une r\u00e9union\u00a0\u00bb des deux pr\u00e9sidents.<\/p>\n<p class=\"lead \">Le professeur Xu Bin ne s&rsquo;attend pas \u00e0 ce que les droits de douane reviennent \u00e0 un \u00ab\u00a0niveau raisonnable\u00a0\u00bb: \u00ab\u00a0M\u00eame si cela descend, ce sera probablement de moiti\u00e9, et, l\u00e0 encore, ce sera trop haut pour avoir des \u00e9changes commerciaux normaux.\u00a0\u00bb<\/p>\n<p class=\"lead \">&#8211; La qu\u00eate des \u00ab\u00a0deals\u00a0\u00bb &#8211;<\/p>\n<p class=\"lead \">La Suisse a profit\u00e9 de son r\u00f4le d&rsquo;h\u00f4te pour s&rsquo;entretenir vendredi avec les responsables am\u00e9ricains, alors que Washington a menac\u00e9 d&rsquo;imposer une surtaxe de 31% sur ses produits.<\/p>\n<p class=\"lead \">La pr\u00e9sidente suisse a rapport\u00e9 \u00e0 l&rsquo;issue que les deux parties \u00e9taient \u00ab\u00a0d&rsquo;accord\u00a0\u00bb pour acc\u00e9l\u00e9rer les discussions.<\/p>\n<p class=\"lead \">Depuis son investiture en janvier, le pr\u00e9sident r\u00e9publicain a lanc\u00e9 une offensive protectionniste tous azimuts: nouveaux droits de douane sectoriels (+25% sur l&rsquo;acier, l&rsquo;aluminium, l&rsquo;automobile), droits de douane universels (+10% sur la plupart des produits entrant aux Etats-Unis, quelle que soit leur provenance), d&rsquo;autres en gestation. <\/p>\n<p class=\"lead \">Des taxes encore plus lourdes \u00e9taient pr\u00e9vues pour punir les partenaires qui exportent plus vers les Etats-Unis que l&rsquo;inverse.<\/p>\n<p class=\"lead \">Donald Trump les a suspendues &#8211; sauf pour la Chine, donc &#8211; jusque d\u00e9but juillet pour donner selon lui une chance aux n\u00e9gociations.<\/p>\n<p class=\"lead \">Jeudi, le pr\u00e9sident a annonc\u00e9 un premier accord avec Londres, qui n&rsquo;\u00e9tait pas vis\u00e9e par les surtaxes punitives.<\/p>\n<p class=\"lead \">Le document, pr\u00e9sent\u00e9 comme \u00ab\u00a0historique\u00a0\u00bb des deux c\u00f4t\u00e9s, fait cinq pages. Il y est sp\u00e9cifi\u00e9 qu&rsquo;il n&rsquo;est \u00ab\u00a0pas l\u00e9galement contraignant\u00a0\u00bb.<\/p>\n<p class=\"lead \">Il doit permettre au Royaume-Uni d&rsquo;\u00e9chapper au gros des surtaxes am\u00e9ricaines sur ses voitures et d&rsquo;ouvrir davantage le march\u00e9 britannique aux produits agricoles am\u00e9ricains.<\/p>\n<p class=\"small font-weight-bold text-gray3 \"> publi\u00e9 le 10 mai \u00e0 03h17, AFP<\/p>\n<p>                             Partager<\/p>\n","protected":false},"excerpt":{"rendered":"P\u00e9kin et Washington, qui se livrent une bataille commerciale sans piti\u00e9 depuis le retour de Donald Trump \u00e0&hellip;\n","protected":false},"author":2,"featured_media":88437,"comment_status":"","ping_status":"","sticky":false,"template":"","format":"standard","meta":{"footnotes":""},"categories":[5],"tags":[11,309,215,2120,312,2822,1011,27,6228,418,14,12,3067,308,28],"class_list":{"0":"post-88436","1":"post","2":"type-post","3":"status-publish","4":"format-standard","5":"has-post-thumbnail","7":"category-international","8":"tag-actualites","9":"tag-chine","10":"tag-commerce","11":"tag-conflit","12":"tag-diplomatie","13":"tag-douanes","14":"tag-fr","15":"tag-france","16":"tag-gb","17":"tag-gouvernement","18":"tag-international","19":"tag-news","20":"tag-suisse","21":"tag-usa","22":"tag-world"},"share_on_mastodon":{"url":"https:\/\/pubeurope.com\/@fr\/114481551444853534","error":""},"_links":{"self":[{"href":"https:\/\/www.europesays.com\/fr\/wp-json\/wp\/v2\/posts\/88436","targetHints":{"allow":["GET"]}}],"collection":[{"href":"https:\/\/www.europesays.com\/fr\/wp-json\/wp\/v2\/posts"}],"about":[{"href":"https:\/\/www.europesays.com\/fr\/wp-json\/wp\/v2\/types\/post"}],"author":[{"embeddable":true,"href":"https:\/\/www.europesays.com\/fr\/wp-json\/wp\/v2\/users\/2"}],"replies":[{"embeddable":true,"href":"https:\/\/www.europesays.com\/fr\/wp-json\/wp\/v2\/comments?post=88436"}],"version-history":[{"count":0,"href":"https:\/\/www.europesays.com\/fr\/wp-json\/wp\/v2\/posts\/88436\/revisions"}],"wp:featuredmedia":[{"embeddable":true,"href":"https:\/\/www.europesays.com\/fr\/wp-json\/wp\/v2\/media\/88437"}],"wp:attachment":[{"href":"https:\/\/www.europesays.com\/fr\/wp-json\/wp\/v2\/media?parent=88436"}],"wp:term":[{"taxonomy":"category","embeddable":true,"href":"https:\/\/www.europesays.com\/fr\/wp-json\/wp\/v2\/categories?post=88436"},{"taxonomy":"post_tag","embeddable":true,"href":"https:\/\/www.europesays.com\/fr\/wp-json\/wp\/v2\/tags?post=88436"}],"curies":[{"name":"wp","href":"https:\/\/api.w.org\/{rel}","templated":true}]}}