{"id":88438,"date":"2025-05-10T04:03:09","date_gmt":"2025-05-10T04:03:09","guid":{"rendered":"https:\/\/www.europesays.com\/fr\/88438\/"},"modified":"2025-05-10T04:03:09","modified_gmt":"2025-05-10T04:03:09","slug":"cest-nimporte-quoi-apres-une-petition-contre-un-futur-dentiste-dans-le-pas-de-calais-il-renonce-a-sinstaller","status":"publish","type":"post","link":"https:\/\/www.europesays.com\/fr\/88438\/","title":{"rendered":"\u00ab\u00a0C\u2019est n\u2019importe quoi\u00a0\u00bb\u00a0: apr\u00e8s une p\u00e9tition contre un futur dentiste dans le Pas-de-Calais, il renonce \u00e0 s\u2019installer"},"content":{"rendered":"<p class=\"paragraph text_align_left\">Sur la Grande Place de Pernes <a href=\"https:\/\/www.leparisien.fr\/pas-de-calais-62\/\" target=\"_self\" rel=\"noopener\">(Pas-de-Calais),<\/a> les riverains sont unanimes\u00a0: \u00ab\u00a0C\u2019est dommage\u00a0\u00bb. <a href=\"https:\/\/www.leparisien.fr\/oise-60\/on-est-comme-les-dinosaures-en-voie-de-disparition-les-dentistes-de-l-oise-en-pleine-crise-14-03-2021-8428458.php\" target=\"_self\" rel=\"noopener\">Un dentiste<\/a> devait s\u2019installer rue Jean-Ferrat. Il a renonc\u00e9 face \u00e0 <a href=\"https:\/\/www.leparisien.fr\/faits-divers\/on-sest-fait-lyncher-ces-riverains-vivent-dans-un-desert-medical-mais-refusent-quun-dentiste-ouvre-un-cabinet-07-05-2025-C3OOTJXGHRA3ZGCEOCIOYJEHXY.php\" target=\"_blank\" rel=\"noopener\">la p\u00e9tition de 39 Pernois.<\/a> \u00ab\u00a0\u00c7a nous aurait \u00e9vit\u00e9 de courir \u00e0 droite et \u00e0 gauche\u00a0\u00bb, estime J\u00e9r\u00f4me, 50 ans, habitant du bourg de 1\u00a0600 habitants, \u00e0 20\u00a0km de B\u00e9thune.<\/p>\n<p class=\"paragraph text_align_left\">\u00ab\u00a0J\u2019aurais m\u00eame pu y aller \u00e0 pied\u00a0! \u00c7a aurait fait des \u00e9conomies de gazole\u00a0\u00bb, s\u2019exclame sa fille, Justine, 17 ans. Actuellement, la famille doit faire une vingtaine de minutes de voiture pour faire soigner ses dents. \u00ab\u00a0On n\u2019a pas de dentiste \u00e0 26\u00a0km \u00e0 la ronde, c\u2019\u00e9tait une tr\u00e8s bonne nouvelle\u00a0\u00bb, confirme Genevi\u00e8ve Janssoone, la maire.<\/p>\n<p>Les habitants r\u00e9fractaires veulent maintenir leur qualit\u00e9 de vie<\/p>\n<p class=\"paragraph text_align_left\">Le praticien devait s\u2019installer dans une rue en impasse, \u00e0 l\u2019\u00e9cart du centre-bourg, o\u00f9 il y a tr\u00e8s peu de passage. Mais pour les r\u00e9fractaires, pas question que des voitures y circulent r\u00e9guli\u00e8rement. \u00ab\u00a0Pas du tout adapt\u00e9\u00a0\u00bb \u00e0 l\u2019implantation d\u2019un cabinet, selon les huit familles qui veulent maintenir leur qualit\u00e9 de vie.<\/p>\n<p class=\"paragraph text_align_left\">\u00ab\u00a0N\u2019importe quoi\u00a0!\u00a0\u00bb, \u00ab\u00a0ridicule\u00a0\u00bb\u2026 L\u2019incompr\u00e9hension demeure dans le reste de la commune. \u00ab\u00a0Tout ce qui nous manque ici, c\u2019est un dentiste\u00a0\u00bb, abonde Didier, 71 ans, m\u00e9decin proche de la retraite.<\/p>\n<p class=\"paragraph text_align_left\">\u00c0 l\u2019annonce de l\u2019abandon du projet, \u00ab\u00a0j\u2019ai eu l\u2019impression que le ciel me tombait sur la t\u00eate, soupire Genevi\u00e8ve Janssoone, la maire. Je n\u2019aurais jamais cru \u00e7a possible. Ce qui me d\u00e9sole, c\u2019est que l\u2019int\u00e9r\u00eat priv\u00e9 ait pris le dessus sur l\u2019int\u00e9r\u00eat communal.\u00a0\u00bb Mais l\u2019\u00e9lue ne d\u00e9sesp\u00e8re pas. \u00ab\u00a0La majorit\u00e9 des habitants de Pernes veut un dentiste et on va y arriver.\u00a0\u00bb<\/p>\n","protected":false},"excerpt":{"rendered":"Sur la Grande Place de Pernes (Pas-de-Calais), les riverains sont unanimes\u00a0: \u00ab\u00a0C\u2019est dommage\u00a0\u00bb. Un dentiste devait s\u2019installer rue&hellip;\n","protected":false},"author":2,"featured_media":88439,"comment_status":"","ping_status":"","sticky":false,"template":"","format":"standard","meta":{"footnotes":""},"categories":[4],"tags":[917,11,459,1011,27,12,19867,25],"class_list":{"0":"post-88438","1":"post","2":"type-post","3":"status-publish","4":"format-standard","5":"has-post-thumbnail","7":"category-france","8":"tag-actu-locale","9":"tag-actualites","10":"tag-departements-horsidfo","11":"tag-fr","12":"tag-france","13":"tag-news","14":"tag-pas-de-calais-62","15":"tag-republique-francaise"},"share_on_mastodon":{"url":"https:\/\/pubeurope.com\/@fr\/114481555305045727","error":""},"_links":{"self":[{"href":"https:\/\/www.europesays.com\/fr\/wp-json\/wp\/v2\/posts\/88438","targetHints":{"allow":["GET"]}}],"collection":[{"href":"https:\/\/www.europesays.com\/fr\/wp-json\/wp\/v2\/posts"}],"about":[{"href":"https:\/\/www.europesays.com\/fr\/wp-json\/wp\/v2\/types\/post"}],"author":[{"embeddable":true,"href":"https:\/\/www.europesays.com\/fr\/wp-json\/wp\/v2\/users\/2"}],"replies":[{"embeddable":true,"href":"https:\/\/www.europesays.com\/fr\/wp-json\/wp\/v2\/comments?post=88438"}],"version-history":[{"count":0,"href":"https:\/\/www.europesays.com\/fr\/wp-json\/wp\/v2\/posts\/88438\/revisions"}],"wp:featuredmedia":[{"embeddable":true,"href":"https:\/\/www.europesays.com\/fr\/wp-json\/wp\/v2\/media\/88439"}],"wp:attachment":[{"href":"https:\/\/www.europesays.com\/fr\/wp-json\/wp\/v2\/media?parent=88438"}],"wp:term":[{"taxonomy":"category","embeddable":true,"href":"https:\/\/www.europesays.com\/fr\/wp-json\/wp\/v2\/categories?post=88438"},{"taxonomy":"post_tag","embeddable":true,"href":"https:\/\/www.europesays.com\/fr\/wp-json\/wp\/v2\/tags?post=88438"}],"curies":[{"name":"wp","href":"https:\/\/api.w.org\/{rel}","templated":true}]}}