{"id":88442,"date":"2025-05-10T04:05:10","date_gmt":"2025-05-10T04:05:10","guid":{"rendered":"https:\/\/www.europesays.com\/fr\/88442\/"},"modified":"2025-05-10T04:05:10","modified_gmt":"2025-05-10T04:05:10","slug":"le-chambon-feugerolles-apres-les-intemperies-le-terrain-glisse-et-les-riverains-semportent","status":"publish","type":"post","link":"https:\/\/www.europesays.com\/fr\/88442\/","title":{"rendered":"Le Chambon-Feugerolles. Apr\u00e8s les intemp\u00e9ries, le terrain glisse et les riverains s\u2019emportent"},"content":{"rendered":"<p>Immense frayeur, lundi 5\u00a0mai, pour plusieurs familles dans une zone pavillonnaire des hauteurs du Chambon-Feugerolles. Dans ces lotissements en pente construits ces derni\u00e8res ann\u00e9es entre La Pouratte et Cotatay, un glissement de terrain s\u2019est produit dans la journ\u00e9e, \u00ab\u00a0cons\u00e9cutivement aux gros orages de la veille, le temps que l\u2019eau s\u2019infiltre\u00a0\u00bb, selon des riverains. Un mur de sout\u00e8nement \u00e9difi\u00e9 entre deux propri\u00e9t\u00e9s, sises rue Jacqueline-Maillan et all\u00e9e Delphine-Seyrig, a \u00e9t\u00e9 en partie emport\u00e9.<strong><\/strong><strong><\/strong><strong><\/strong><\/p>\n<p>D\u2019importants moyens de secours ont \u00e9t\u00e9 engag\u00e9s par les sapeurs-pompiers. Ils se sont attach\u00e9s \u00e0 s\u00e9curiser la zone. Des \u00e9tais ont notamment \u00e9t\u00e9 pos\u00e9s pour retenir le mur, les tonnes de terre et la maison soutenue afin que tout ne s\u2019\u00e9croule pas sur celle d\u2019en dessous.<\/p>\n","protected":false},"excerpt":{"rendered":"Immense frayeur, lundi 5\u00a0mai, pour plusieurs familles dans une zone pavillonnaire des hauteurs du Chambon-Feugerolles. Dans ces lotissements&hellip;\n","protected":false},"author":2,"featured_media":88443,"comment_status":"","ping_status":"","sticky":false,"template":"","format":"standard","meta":{"footnotes":""},"categories":[9653],"tags":[1111,11,2430,9323,12162,7539,436,1777,674,274,1011,27,12161,8423,12,25,4001,104],"class_list":{"0":"post-88442","1":"post","2":"type-post","3":"status-publish","4":"format-standard","5":"has-post-thumbnail","7":"category-saint-etienne","8":"tag-actu","9":"tag-actualites","10":"tag-auvergne-rhone-alpes","11":"tag-catastrophes","12":"tag-chambon-feugerolles-ville","13":"tag-edition-loire-sud","14":"tag-environnement","15":"tag-eu","16":"tag-europe","17":"tag-faits-divers-justice","18":"tag-fr","19":"tag-france","20":"tag-le-chambon-feugerolles","21":"tag-meteorologie-climat","22":"tag-news","23":"tag-republique-francaise","24":"tag-saint-etienne","25":"tag-societe"},"share_on_mastodon":{"url":"https:\/\/pubeurope.com\/@fr\/114481563194550212","error":""},"_links":{"self":[{"href":"https:\/\/www.europesays.com\/fr\/wp-json\/wp\/v2\/posts\/88442","targetHints":{"allow":["GET"]}}],"collection":[{"href":"https:\/\/www.europesays.com\/fr\/wp-json\/wp\/v2\/posts"}],"about":[{"href":"https:\/\/www.europesays.com\/fr\/wp-json\/wp\/v2\/types\/post"}],"author":[{"embeddable":true,"href":"https:\/\/www.europesays.com\/fr\/wp-json\/wp\/v2\/users\/2"}],"replies":[{"embeddable":true,"href":"https:\/\/www.europesays.com\/fr\/wp-json\/wp\/v2\/comments?post=88442"}],"version-history":[{"count":0,"href":"https:\/\/www.europesays.com\/fr\/wp-json\/wp\/v2\/posts\/88442\/revisions"}],"wp:featuredmedia":[{"embeddable":true,"href":"https:\/\/www.europesays.com\/fr\/wp-json\/wp\/v2\/media\/88443"}],"wp:attachment":[{"href":"https:\/\/www.europesays.com\/fr\/wp-json\/wp\/v2\/media?parent=88442"}],"wp:term":[{"taxonomy":"category","embeddable":true,"href":"https:\/\/www.europesays.com\/fr\/wp-json\/wp\/v2\/categories?post=88442"},{"taxonomy":"post_tag","embeddable":true,"href":"https:\/\/www.europesays.com\/fr\/wp-json\/wp\/v2\/tags?post=88442"}],"curies":[{"name":"wp","href":"https:\/\/api.w.org\/{rel}","templated":true}]}}