{"id":88452,"date":"2025-05-10T04:10:25","date_gmt":"2025-05-10T04:10:25","guid":{"rendered":"https:\/\/www.europesays.com\/fr\/88452\/"},"modified":"2025-05-10T04:10:25","modified_gmt":"2025-05-10T04:10:25","slug":"vannes-la-rochelle-rugby-camou-titulaire-a-laile-les-compositions-des-deux-equipes","status":"publish","type":"post","link":"https:\/\/www.europesays.com\/fr\/88452\/","title":{"rendered":"Vannes &#8211; La Rochelle rugby\u00a0: Camou titulaire \u00e0 l\u2019aile, les compositions des deux \u00e9quipes"},"content":{"rendered":"<p>Sans grande surprise, le staff du <a href=\"https:\/\/www.letelegramme.fr\/sports\/rugby\/rc-vannes\/\" target=\"_blank\" rel=\"noopener\">RC Vannes<\/a> a reconduit une \u00e9quipe tr\u00e8s proche de celle qui a r\u00e9alis\u00e9, il y a quinze jours, l\u2019un de ses plus grands exploits de la saison en <a href=\"https:\/\/www.letelegramme.fr\/sports\/rugby\/rc-vannes\/insubmersible-le-rc-vannes-se-bonifie-contre-toulon-et-se-relance-dans-la-course-au-maintien-en-top-14-6805972.php\" target=\"_blank\" rel=\"noopener\">surclassant Toulon (29-19)<\/a>, avec le point du bonus offensif \u00e0 la cl\u00e9. Seule exception : Nakosi, touch\u00e9 au mollet, a c\u00e9d\u00e9 sa place \u00e0 Romaric Camou, dont ce sera la 10e titularisation de la saison. Form\u00e9 \u00e0 La Rochelle, ce dernier avait effectu\u00e9 80 minutes lors du match aller <a href=\"https:\/\/www.letelegramme.fr\/sports\/rugby\/rc-vannes\/rc-vannes-la-rochelle-rugby-le-resume-du-match-6713384.php\" target=\"_blank\" rel=\"noopener\">remport\u00e9 \u00e0 la surprise g\u00e9n\u00e9rale par les Vannetais (14-23)<\/a>.<\/p>\n<p>Comme pr\u00e9vu \u00e9galement, le banc s\u2019articule en 6-2, avec les seules pr\u00e9sences des arri\u00e8res Deba\u00ebs et Boud\u00e9hent.<\/p>\n<p>J\u00e9gou, Haddad-Victor et Danty sur le banc, Penverne bless\u00e9<\/p>\n<p>C\u00f4t\u00e9 rochelais, <a href=\"https:\/\/www.letelegramme.fr\/sports\/rugby\/rc-vannes\/vannes-la-rochelle-linfirmerie-du-stade-rochelais-se-vide-6813551.php\" target=\"_blank\" rel=\"noopener\">l\u2019infirmerie se vide<\/a>. Les internationaux J\u00e9gou et Danty retrouvent ainsi une place sur le banc. On notera par ailleurs le retour de Matthias Haddad-Victor (r\u00e9tabli d\u2019une commotion) \u00e0 La Rabine mais pas celui de Penverne, ancien champion du monde juniors en 2023 alors qu\u2019il \u00e9tait licenci\u00e9 au RC Vannes, mais qui est bless\u00e9 \u00e0 l\u2019\u00e9paule.<\/p>\n<p>En revanche, La Rochelle sera priv\u00e9 de son coach Ronan O\u2019Gara finalement suspendu pour cinq semaines, soit jusqu\u2019\u00e0 la fin du championnat.<\/p>\n<p class=\"titre-tech\">Les compositions<\/p>\n<p class=\"tech\"><strong class=\"tech\">Arbitre :<\/strong> Luc Ramos<\/p>\n<p class=\"tech\"><strong class=\"tech\">RC VANNES : <\/strong>15. Surano &#8211; 14. Porch, 13. Taccola, 12. Saili, 11. Camou &#8211; 10. Lafage (o), 9. Varney (m) &#8211; 7. Gorrissen (cap.), 8. Kalamafoni, 6. Edwards &#8211; 5. Metz, 4. Marks &#8211; 3. Medrano, 2. B\u00e9ziat, 1. Vunipola.<\/p>\n<p class=\"tech\"><strong class=\"tech\">Rempla\u00e7ants : <\/strong>Blanchard, Moukoro, M\u00e9zou, Bresler, Augry, Deba\u00ebs, Boud\u00e9hent, Kit\u00e9.<\/p>\n<p class=\"tech\"><strong class=\"tech\">Bless\u00e9s : <\/strong>Ruru (mollet), Rayasi (commotion), Nakosi (mollet) Desjeux (b\u00e9quille), Le Bail (\u0153il), Bourgeois (clavicule), Arrate (cheville), Pedemonte (\u00e9paule).<\/p>\n<p class=\"tech\"><strong class=\"tech\">Entra\u00eeneur principal : <\/strong>Jean-No\u00ebl Spitzer.<\/p>\n<p class=\"tech\"><strong class=\"tech\">LA ROCHELLE :<\/strong> 15. Leyds ; 14. Nowell, 13. Seuteni, 12. Favre, 11. Bosmorin ; 10. Hastoy, 9. Kerr-Barlow ; 7. Pa. Boudehent, 8. Alldritt (cap.), 6. Cancoriet ; 5. Skelton, 4. Lavault ; 3. Atonio, 2. Sutidze, 1. Wardi.<\/p>\n<p class=\"tech\"><strong class=\"tech\">Rempla\u00e7ants : <\/strong>16. Lespiaucq-Brettes, 17. Paiva, 18. Jegou, 19. Botia, 20. Haddad-Victor, 21. Berjon, 22. West ou Danty, 23. Kuntelia.<\/p>\n<p class=\"tech\">Bless\u00e9s : Penverne (\u00e9paule), Kadouri (cheville), Pierre Bourgarit (ischio-jambiers, cervicales), Vunivalu.<\/p>\n","protected":false},"excerpt":{"rendered":"Sans grande surprise, le staff du RC Vannes a reconduit une \u00e9quipe tr\u00e8s proche de celle qui a&hellip;\n","protected":false},"author":2,"featured_media":88453,"comment_status":"","ping_status":"","sticky":false,"template":"","format":"standard","meta":{"footnotes":""},"categories":[9619],"tags":[1111,11,3166,1777,674,1011,27,12,882,3164,25,479,60,2310,3165],"class_list":{"0":"post-88452","1":"post","2":"type-post","3":"status-publish","4":"format-standard","5":"has-post-thumbnail","7":"category-toulon","8":"tag-actu","9":"tag-actualites","10":"tag-en-continu-sports","11":"tag-eu","12":"tag-europe","13":"tag-fr","14":"tag-france","15":"tag-news","16":"tag-provence-alpes-cote-dazur","17":"tag-rc-vannes","18":"tag-republique-francaise","19":"tag-rugby","20":"tag-sports","21":"tag-toulon","22":"tag-vannes"},"share_on_mastodon":{"url":"https:\/\/pubeurope.com\/@fr\/114481582776097072","error":""},"_links":{"self":[{"href":"https:\/\/www.europesays.com\/fr\/wp-json\/wp\/v2\/posts\/88452","targetHints":{"allow":["GET"]}}],"collection":[{"href":"https:\/\/www.europesays.com\/fr\/wp-json\/wp\/v2\/posts"}],"about":[{"href":"https:\/\/www.europesays.com\/fr\/wp-json\/wp\/v2\/types\/post"}],"author":[{"embeddable":true,"href":"https:\/\/www.europesays.com\/fr\/wp-json\/wp\/v2\/users\/2"}],"replies":[{"embeddable":true,"href":"https:\/\/www.europesays.com\/fr\/wp-json\/wp\/v2\/comments?post=88452"}],"version-history":[{"count":0,"href":"https:\/\/www.europesays.com\/fr\/wp-json\/wp\/v2\/posts\/88452\/revisions"}],"wp:featuredmedia":[{"embeddable":true,"href":"https:\/\/www.europesays.com\/fr\/wp-json\/wp\/v2\/media\/88453"}],"wp:attachment":[{"href":"https:\/\/www.europesays.com\/fr\/wp-json\/wp\/v2\/media?parent=88452"}],"wp:term":[{"taxonomy":"category","embeddable":true,"href":"https:\/\/www.europesays.com\/fr\/wp-json\/wp\/v2\/categories?post=88452"},{"taxonomy":"post_tag","embeddable":true,"href":"https:\/\/www.europesays.com\/fr\/wp-json\/wp\/v2\/tags?post=88452"}],"curies":[{"name":"wp","href":"https:\/\/api.w.org\/{rel}","templated":true}]}}