{"id":884614,"date":"2026-04-22T04:32:28","date_gmt":"2026-04-22T04:32:28","guid":{"rendered":"https:\/\/www.europesays.com\/fr\/884614\/"},"modified":"2026-04-22T04:32:28","modified_gmt":"2026-04-22T04:32:28","slug":"fuite-ios-27-une-nouvelle-fonctionnalite-tres-attendue-arriverait-sur-apple-cartes-frandroid","status":"publish","type":"post","link":"https:\/\/www.europesays.com\/fr\/884614\/","title":{"rendered":"Fuite iOS 27 : une nouvelle fonctionnalit\u00e9 tr\u00e8s attendue arriverait sur Apple Cartes \u2014 Frandroid"},"content":{"rendered":"<p>Une nouvelle fuite relative \u00e0 iOS 27 nous renseigne partiellement sur ce qu\u2019Apple concocte pour sa prochaine WWDC, en juin 2026. Au menu notamment, l\u2019arriv\u00e9e d\u2019une fonction attendue depuis des lustres sur l\u2019application Apple Cartes.<\/p>\n<p><a href=\"https:\/\/images.frandroid.com\/wp-content\/uploads\/2025\/09\/ios-26.jpg\" target=\"_blank\" class=\"article-content__figure\" rel=\"nofollow noopener\"><img fetchpriority=\"high\" decoding=\"async\" loading=\"eager\" width=\"1200\" height=\"675\" src=\"https:\/\/www.europesays.com\/fr\/wp-content\/uploads\/2026\/04\/ios-26.jpg\" alt=\"\" class=\"wp-image-2795851 wp-image wp-image\"  \/><\/a>iOS 26, pour illustration \/\/ Source : Frandroid<\/p>\n<p>Avec sa WWDC 2026, Apple tiendra du 8 au 12 juin sa traditionnelle grand-messe logicielle et sera l\u2019occasion de voir <a href=\"https:\/\/www.frandroid.com\/marques\/3071599_tim-cook-quittera-la-direction-dapple-en-septembre-apres-15-ans-de-regne\" rel=\"nofollow noopener\" target=\"_blank\">la nouvelle transition de la marque<\/a>. On y d\u00e9couvrira l\u2019ensemble des nouveaut\u00e9s mises au point par la firme pour ses <a href=\"https:\/\/www.frandroid.com\/marques\/apple\/3070407_siri-et-ios-27-lindice-discret-dapple-sur-la-nouvelle-interface\" rel=\"nofollow noopener\" target=\"_blank\">environnements\u00a0iOS<\/a>, iPadOS, macOS ou encore watchOS.<\/p>\n<p>En attendant, 9to5Mac nous renseigne justement sur quelques-unes des nouvelles fonctions attendues avec <a href=\"https:\/\/www.frandroid.com\/marques\/apple\/3045741_ios-27-toutes-les-nouveautes-attendues-pour-siri-sur-vos-iphone\" rel=\"nofollow noopener\" target=\"_blank\">iOS\u00a027<\/a>\u2026 qu\u2019Apple d\u00e9ploiera en septembre sur nos iPhone, ainsi que sur <a href=\"https:\/\/www.frandroid.com\/marques\/3051385_iphone-18-et-18-pro-apple-nous-refait-le-coup-du-nouveau-coloris-le-design-serait-encore-fige\" rel=\"nofollow noopener\" target=\"_blank\">ses futurs iPhone 18 et 18 Pro<\/a>.<\/p>\n<p class=\"bottom-text\">                <a href=\"https:\/\/www.youtube.com\/watch?v=2XuXaSJ2Gwk\" target=\"_blank\" rel=\"nofollow noopener\">Lien YouTube<\/a>                                    <a href=\"https:\/\/www.youtube.com\/subscription_center?add_user=FrAndroidTube\" target=\"_blank\" rel=\"nofollow noopener\">S\u2019abonner \u00e0 Frandroid<\/a>                            <\/p>\n<p>                Ce contenu est bloqu\u00e9 car vous n\u2019avez pas accept\u00e9 les cookies et autres traceurs. Ce contenu est fourni par YouTube.<br \/>Pour pouvoir le visualiser, vous devez accepter l\u2019usage \u00e9tant op\u00e9r\u00e9 par YouTube avec vos donn\u00e9es qui pourront \u00eatre utilis\u00e9es pour les finalit\u00e9s suivantes : vous permettre de visualiser et de partager des contenus avec des m\u00e9dias sociaux, favoriser le d\u00e9veloppement et l\u2019am\u00e9lioration des produits d\u2019Humanoid et de ses partenaires, vous afficher des publicit\u00e9s personnalis\u00e9es par rapport \u00e0 votre profil et activit\u00e9, vous d\u00e9finir un profil publicitaire personnalis\u00e9, mesurer la performance des publicit\u00e9s et du contenu de ce site et mesurer l\u2019audience de ce site <a href=\"#\" class=\"js-privacy\" target=\"_blank\">(en savoir plus)<\/a>            <\/p>\n<p>                En cliquant sur \u00ab J\u2019accepte tout \u00bb, vous consentez aux finalit\u00e9s susmentionn\u00e9es pour l\u2019ensemble des cookies et autres traceurs d\u00e9pos\u00e9s par Humanoid et ses partenaires.            <\/p>\n<p>                Vous gardez la possibilit\u00e9 de retirer votre consentement \u00e0 tout moment. Pour plus d\u2019informations, nous vous invitons \u00e0 prendre connaissance de notre <a href=\"https:\/\/www.frandroid.com\/politique-cookies\" rel=\"nofollow noopener\" target=\"_blank\">Politique cookies<\/a>.            <\/p>\n<p>            J\u2019accepte tout        <\/p>\n<p class=\"embed-consent-overlay-manage-choices\">            G\u00e9rer mes choix        <\/p>\n<p>iOS 27 : une premi\u00e8re salve de nouveaut\u00e9s se d\u00e9voile<\/p>\n<p>Ce que l\u2019on apprend nous vient, en l\u2019occurrence, du d\u00e9veloppeur argentin <a target=\"_blank\" href=\"https:\/\/bsky.app\/profile\/nicolas17.xyz\" rel=\"nofollow noopener\">Nicol\u00e1s \u00c1lvarez<\/a>, qui a d\u00e9couvert une poign\u00e9e de nouvelles fonctions vraisemblablement destin\u00e9es \u00e0 iOS 27 dans ce qui nous est d\u00e9crit comme du \u00ab code backend \u00bb. Ces trouvailles ont par la suite \u00e9t\u00e9 confirm\u00e9es par MacRumors de mani\u00e8re ind\u00e9pendante.<\/p>\n<p>On d\u00e9couvre donc tout d\u2019abord qu\u2019Apple travaillerait sur deux nouvelles fonctionnalit\u00e9s li\u00e9es \u00e0 sa <a href=\"https:\/\/www.frandroid.com\/marques\/2514089_visual-intelligence-la-fonction-de-reconnaissance-dimage-dapple-arrive-sur-liphone-15-pro\" rel=\"nofollow noopener\" target=\"_blank\">technologie de reconnaissance d\u2019image Visual Intelligence<\/a>. Ces deux fonctionnalit\u00e9s permettraient aux utilisateurs de scanner un label de nutrition pour en savoir aussit\u00f4t beaucoup plus sur les ingr\u00e9dients du produit analys\u00e9. Avec iOS 27, Visual Intelligence pourrait \u00e9galement int\u00e9grer une fonction permettant d\u2019ajouter facilement de nouvelles informations \u00e0 vos contacts au sein de l\u2019application correspondante. Comment\u00a0? En scannant par exemple une simple carte de visite. <\/p>\n<p><a href=\"https:\/\/images.frandroid.com\/wp-content\/uploads\/2024\/06\/4d9vmqkecg.jpg\" target=\"_blank\" class=\"article-content__figure\" rel=\"nofollow noopener\"><img loading=\"lazy\" decoding=\"async\" width=\"1200\" height=\"674\" src=\"https:\/\/www.europesays.com\/fr\/wp-content\/uploads\/2026\/04\/4d9vmqkecg-1200x674.jpg\" alt=\"L'animation de la nouvelle version de Siri avec Apple Intelligence\" class=\"wp-image-2044436 wp-image\"  \/><\/a>L\u2019animation de la nouvelle version de Siri avec Apple Intelligence, pour illustration \/\/ Source : Apple<\/p>\n<p>Dans Safari cette fois, Apple travaillerait \u00e0 l\u2019ajout d\u2019une fonction dop\u00e9e \u00e0 l\u2019IA capable de nommer automatiquement un groupe d\u2019onglets en s\u2019appuyant de mani\u00e8re dynamique sur le contenu desdits onglets.<\/p>\n<p>Plus int\u00e9ressant, l\u2019application Apple Cartes se doterait enfin d\u2019une fonction attendue de longue date : la capacit\u00e9 de convertir des cartes physiques en cartes num\u00e9riques que l\u2019on pourra ensuite ajouter \u00e0 l\u2019appli. Pour vous donner un exemple, scanner le code-barres de votre carte de salle de sport permettra d\u2019int\u00e9grer rapidement cette derni\u00e8re \u00e0 l\u2019Apple Wallet.<\/p>\n<p>Cette fonction, si elle se confirme, permettrait \u00e0 Apple de rattraper enfin son retard sur les solutions concurrentes. Plusieurs applications tierces le proposent en effet d\u00e9j\u00e0, au m\u00eame titre que Google Wallet\u2026 depuis ao\u00fbt 2024.<\/p>\n","protected":false},"excerpt":{"rendered":"Une nouvelle fuite relative \u00e0 iOS 27 nous renseigne partiellement sur ce qu\u2019Apple concocte pour sa prochaine WWDC,&hellip;\n","protected":false},"author":2,"featured_media":884615,"comment_status":"","ping_status":"","sticky":false,"template":"","format":"standard","meta":{"footnotes":"","_share_on_mastodon":"0"},"categories":[7],"tags":[95027,1011,27,95028,43,40,41,39,42,44],"class_list":["post-884614","post","type-post","status-publish","format-standard","has-post-thumbnail","category-sciences-et-technologies","tag-apple-cartes","tag-fr","tag-france","tag-ios-27","tag-science","tag-science-and-technology","tag-sciences","tag-sciences-et-technologies","tag-technologies","tag-technology"],"share_on_mastodon":{"url":"https:\/\/pubeurope.com\/@fr\/116446491532887753","error":""},"_links":{"self":[{"href":"https:\/\/www.europesays.com\/fr\/wp-json\/wp\/v2\/posts\/884614","targetHints":{"allow":["GET"]}}],"collection":[{"href":"https:\/\/www.europesays.com\/fr\/wp-json\/wp\/v2\/posts"}],"about":[{"href":"https:\/\/www.europesays.com\/fr\/wp-json\/wp\/v2\/types\/post"}],"author":[{"embeddable":true,"href":"https:\/\/www.europesays.com\/fr\/wp-json\/wp\/v2\/users\/2"}],"replies":[{"embeddable":true,"href":"https:\/\/www.europesays.com\/fr\/wp-json\/wp\/v2\/comments?post=884614"}],"version-history":[{"count":0,"href":"https:\/\/www.europesays.com\/fr\/wp-json\/wp\/v2\/posts\/884614\/revisions"}],"wp:featuredmedia":[{"embeddable":true,"href":"https:\/\/www.europesays.com\/fr\/wp-json\/wp\/v2\/media\/884615"}],"wp:attachment":[{"href":"https:\/\/www.europesays.com\/fr\/wp-json\/wp\/v2\/media?parent=884614"}],"wp:term":[{"taxonomy":"category","embeddable":true,"href":"https:\/\/www.europesays.com\/fr\/wp-json\/wp\/v2\/categories?post=884614"},{"taxonomy":"post_tag","embeddable":true,"href":"https:\/\/www.europesays.com\/fr\/wp-json\/wp\/v2\/tags?post=884614"}],"curies":[{"name":"wp","href":"https:\/\/api.w.org\/{rel}","templated":true}]}}