{"id":88470,"date":"2025-05-10T04:22:15","date_gmt":"2025-05-10T04:22:15","guid":{"rendered":"https:\/\/www.europesays.com\/fr\/88470\/"},"modified":"2025-05-10T04:22:15","modified_gmt":"2025-05-10T04:22:15","slug":"a-nice-ce-restaurant-tres-connu-fait-son-grand-retour-voici-ou-et-quand","status":"publish","type":"post","link":"https:\/\/www.europesays.com\/fr\/88470\/","title":{"rendered":"\u00c0 Nice, ce restaurant tr\u00e8s connu fait son grand retour : voici o\u00f9 et quand"},"content":{"rendered":"<p>            Par<br \/>\n        <strong><br \/>\n            <a href=\"https:\/\/actu.fr\/auteur\/manon-reinhardt\" title=\"Consulter tous les articles de Manon Reinhardt\" rel=\"nofollow noopener\" target=\"_blank\">Manon Reinhardt<\/a><br \/>\n        <\/strong><\/p>\n<p>        Publi\u00e9 le<\/p>\n<p>            9 mai 2025 \u00e0 13h53        <\/p>\n<p>Il avait ferm\u00e9 ses portes, rue Gustave Deloye, en 2023. Pitaya, cha\u00eene de restaurants street food tha\u00eflandais revient \u00e0 <a href=\"https:\/\/actu.fr\/provence-alpes-cote-d-azur\/nice_06088\" rel=\"nofollow noopener\" target=\"_blank\">Nice<\/a> (<a href=\"https:\/\/actu.fr\/provence-alpes-cote-d-azur\/alpes-maritimes_06\" rel=\"nofollow noopener\" target=\"_blank\">Alpes-Maritimes<\/a>), cette fois, dans le quartier de la gare. L\u2019\u00e9tablissement ouvrira au public <strong>le 14\u00a0mai prochain<\/strong>, annonce l\u2019enseigne par voie de communiqu\u00e9.<\/p>\n<p class=\" wall-content\">Voici ce qu\u2019il faut savoir sur ce nouveau restaurant tr\u00e8s attendu.<\/p>\n<p>Ouverture le 14\u00a0mai proche de la gare de Nice<\/p>\n<p class=\" wall-content\">Pad tha\u00ef, beef ou chicken Thai, nems, nam wok\u2026 La cha\u00eene de restaurants Pitaya est connue pour son excellente <strong>cuisine tha\u00eflandaise<\/strong>. Tr\u00e8s appr\u00e9ci\u00e9e, et forte de 110 \u00e9tablissements partout en France et dans le monde, l\u2019enseigne fait son retour dans la capitale azur\u00e9enne.<\/p>\n<p class=\" wall-content\">Un restaurant \u00e9tait implant\u00e9 rue Gustave Deloye, \u00e0 proximit\u00e9 de la place Mass\u00e9na, mais avait ferm\u00e9 ses portes en 2023 <a href=\"https:\/\/actu.fr\/provence-alpes-cote-d-azur\/nice_06088\/nice-ce-restaurant-mexicain-a-petits-prix-ouvre-bientot-voici-ou_60053148.html\" rel=\"nofollow noopener\" target=\"_blank\">pour laisser placer \u00e0 Tigermilk<\/a>.<\/p>\n<p class=\" wall-content\">Le 14\u00a0mai prochain, les Ni\u00e7ois pourront de nouveau d\u00e9guster les plats propos\u00e9s par Pitaya. Le restaurant se trouvera au 51 avenue Jean-M\u00e9decin, face \u00e0 la station de tramway<strong> \u00ab\u2009Gare Thiers\u2009\u00bb<\/strong>.<\/p>\n<p>Vid\u00e9os : en ce moment sur Actu<br \/>\n      <img   decoding=\"async\" loading=\"lazy\" src=\"https:\/\/www.europesays.com\/fr\/wp-content\/uploads\/2025\/05\/pitaya-nice-2-960x640.jpeg\" alt=\"Le restaurant est en cours d'installation sur l'avenue Jean-M\u00e9decin.\" width=\"960\" height=\"640\"\/><br \/>\n    Le restaurant est en cours d\u2019installation sur l\u2019avenue Jean-M\u00e9decin. (\u00a9Manon Reinhardt \/ actu Nice)100 couverts au total<\/p>\n<p class=\" wall-content\">Il sera donc \u00ab\u2009\u00e0 proximit\u00e9 imm\u00e9diate\u2009\u00bb de la gare et compl\u00e8te l\u2019offre propos\u00e9e par le centre Iconic o\u00f9, notamment, les enseignes Starbucks et Five Guys se sont implant\u00e9es. Ce nouveau restaurant, franchis\u00e9, est pilot\u00e9 par Nicolas Marinoni,<strong> ancien taxi<\/strong>.<\/p>\n<p class=\" wall-content\"><a href=\"https:\/\/www.instagram.com\/p\/DGNVe2ptiua\/embed\" title=\"Ouvrir le lien sur Instagram\" rel=\"nofollow noopener\" target=\"_blank\">Visualiser le contenu sur Instagram<\/a><\/p>\n<p class=\" wall-content\">\u00abJe reviens \u00e0 mon premier amour\u2009: la restauration. Cette ouverture repr\u00e9sente pour moi un nouveau d\u00e9fi et je compte bien transmettre ma passion et mon savoir-faire \u00e0 mon \u00e9quipe, pour ensemble offrir une belle exp\u00e9rience \u00e0 nos clients\u2009\u00bb, explique-t-il dans un communiqu\u00e9.<\/p>\n<p class=\" wall-content\">Dans un local de 270 m\u00b2, il comptera 60 places assises \u00e0 l\u2019int\u00e9rieur et 40 \u00e0 l\u2019ext\u00e9rieur.<\/p>\n<p class=\" wall-content\">Suivez toute l\u2019actualit\u00e9 de vos villes et m\u00e9dias favoris en vous inscrivant \u00e0 <a href=\"https:\/\/moncompte.actu.fr\" title=\"D\u00e9couvez Mon Actu\" rel=\"nofollow noopener\" data-trk=\"{&quot;cta&quot;:{&quot;action&quot;:&quot;https:\\\/\\\/moncompte.actu.fr&quot;,&quot;category&quot;:&quot;mon compte&quot;,&quot;from&quot;:&quot;article footer&quot;,&quot;name&quot;:&quot;Mon actu&quot;,&quot;type&quot;:&quot;cta&quot;}}\" target=\"_blank\">Mon Actu<\/a>.<\/p>\n<ul class=\"ac-article-tag wall-content\">\n<li><a href=\"https:\/\/actu.fr\/tag\/nouveaux-commerces\" data-trk=\"{&quot;cta&quot;:{&quot;action&quot;:&quot;Nouveaux commerces&quot;,&quot;category&quot;:&quot;tag&quot;,&quot;from&quot;:&quot;article footer&quot;,&quot;name&quot;:&quot;Nouveaux commerces&quot;,&quot;type&quot;:&quot;cta&quot;}}\" rel=\"nofollow noopener\" target=\"_blank\">#Nouveaux commerces<\/a><\/li>\n<li><a href=\"https:\/\/actu.fr\/tag\/restaurant\" data-trk=\"{&quot;cta&quot;:{&quot;action&quot;:&quot;Restaurant&quot;,&quot;category&quot;:&quot;tag&quot;,&quot;from&quot;:&quot;article footer&quot;,&quot;name&quot;:&quot;Restaurant&quot;,&quot;type&quot;:&quot;cta&quot;}}\" rel=\"nofollow noopener\" target=\"_blank\">#Restaurant<\/a><\/li>\n<\/ul>\n<p>                    <script async src=\"\/\/www.instagram.com\/embed.js\"><\/script><\/p>\n","protected":false},"excerpt":{"rendered":"Par Manon Reinhardt Publi\u00e9 le 9 mai 2025 \u00e0 13h53 Il avait ferm\u00e9 ses portes, rue Gustave Deloye,&hellip;\n","protected":false},"author":2,"featured_media":88471,"comment_status":"","ping_status":"","sticky":false,"template":"","format":"standard","meta":{"footnotes":""},"categories":[2819],"tags":[1111,11,1777,674,1011,27,1305,12,2401,3147,882,25,1340],"class_list":{"0":"post-88470","1":"post","2":"type-post","3":"status-publish","4":"format-standard","5":"has-post-thumbnail","7":"category-nice","8":"tag-actu","9":"tag-actualites","10":"tag-eu","11":"tag-europe","12":"tag-fr","13":"tag-france","14":"tag-lifestyle","15":"tag-news","16":"tag-nice","17":"tag-nouveaux-commerces","18":"tag-provence-alpes-cote-dazur","19":"tag-republique-francaise","20":"tag-restaurant"},"share_on_mastodon":{"url":"https:\/\/pubeurope.com\/@fr\/114481630042137481","error":""},"_links":{"self":[{"href":"https:\/\/www.europesays.com\/fr\/wp-json\/wp\/v2\/posts\/88470","targetHints":{"allow":["GET"]}}],"collection":[{"href":"https:\/\/www.europesays.com\/fr\/wp-json\/wp\/v2\/posts"}],"about":[{"href":"https:\/\/www.europesays.com\/fr\/wp-json\/wp\/v2\/types\/post"}],"author":[{"embeddable":true,"href":"https:\/\/www.europesays.com\/fr\/wp-json\/wp\/v2\/users\/2"}],"replies":[{"embeddable":true,"href":"https:\/\/www.europesays.com\/fr\/wp-json\/wp\/v2\/comments?post=88470"}],"version-history":[{"count":0,"href":"https:\/\/www.europesays.com\/fr\/wp-json\/wp\/v2\/posts\/88470\/revisions"}],"wp:featuredmedia":[{"embeddable":true,"href":"https:\/\/www.europesays.com\/fr\/wp-json\/wp\/v2\/media\/88471"}],"wp:attachment":[{"href":"https:\/\/www.europesays.com\/fr\/wp-json\/wp\/v2\/media?parent=88470"}],"wp:term":[{"taxonomy":"category","embeddable":true,"href":"https:\/\/www.europesays.com\/fr\/wp-json\/wp\/v2\/categories?post=88470"},{"taxonomy":"post_tag","embeddable":true,"href":"https:\/\/www.europesays.com\/fr\/wp-json\/wp\/v2\/tags?post=88470"}],"curies":[{"name":"wp","href":"https:\/\/api.w.org\/{rel}","templated":true}]}}