{"id":88472,"date":"2025-05-10T04:23:08","date_gmt":"2025-05-10T04:23:08","guid":{"rendered":"https:\/\/www.europesays.com\/fr\/88472\/"},"modified":"2025-05-10T04:23:08","modified_gmt":"2025-05-10T04:23:08","slug":"voici-ou-et-quand-voir-le-match-decisif-pour-la-ldc","status":"publish","type":"post","link":"https:\/\/www.europesays.com\/fr\/88472\/","title":{"rendered":"voici o\u00f9 et quand voir le match d\u00e9cisif pour la LDC"},"content":{"rendered":"<p>            Par<br \/>\n        <strong><br \/>\n            <a href=\"https:\/\/actu.fr\/auteur\/ugo-maillard\" title=\"Consulter tous les articles de Ugo Maillard\" rel=\"nofollow noopener\" target=\"_blank\">Ugo Maillard<\/a><br \/>\n        <\/strong><\/p>\n<p>        Publi\u00e9 le<\/p>\n<p>            10 mai 2025 \u00e0 6h12        <\/p>\n<p>Le r\u00eave de podium n\u2019aura jamais \u00e9t\u00e9 aussi proche. Pour le compte de la <strong>33e journ\u00e9e<\/strong> de Ligue\u00a01, l\u2019OGC <a href=\"https:\/\/actu.fr\/nice\/\" rel=\"nofollow noopener\" target=\"_blank\">Nice<\/a> se d\u00e9place en Bretagne pour affronter le Stade rennais, le samedi 10\u00a0mai 2025.<\/p>\n<p class=\" wall-content\">Les Aiglons, en cas de victoire, ont l\u2019occasion d\u2019encha\u00eener un quatri\u00e8me succ\u00e8s de rang et de se rapprocher du podium. Les joueurs de Franck Haise pointent <strong>actuellement \u00e0 la 4\u1d49 place<\/strong> de Ligue\u00a01 \u00e0 seulement deux points de l\u2019<a href=\"https:\/\/actu.fr\/tag\/olympique-de-marseille-om\" rel=\"nofollow noopener\" target=\"_blank\">Olympique de Marseille<\/a> qui est 2\u1d49.<\/p>\n<p class=\" wall-content\">Un objectif qui permettrait aux joueurs et aux supporters azur\u00e9ens de retrouver une place en Ligue des champions.<\/p>\n<p class=\" wall-content\">Voici comment suivre ce match haletant.<\/p>\n<p>Le coup d\u2019envoi \u00e0 21h<\/p>\n<p class=\" wall-content\">Le coup d\u2019envoi du match entre le Stade Rennais (11e) et Nice sera donn\u00e9 \u00e0 <strong>21h<\/strong> ce samedi.<\/p>\n<p>Vid\u00e9os : en ce moment sur Actu<\/p>\n<p class=\" wall-content\">Pour les supporters de l\u2019OGC Nice n\u2019ayant pas fait le d\u00e9placement au Rohazon Park de Rennes, il sera possible de regarder la rencontre sur <strong>DAZN<\/strong>.<\/p>\n<p>    <a href=\"https:\/\/www.google.com\/maps\/embed?pb=!1m18!1m12!1m3!1d6909.757399773373!2d-1.715065160237533!3d48.108776066765394!2m3!1f0!2f0!3f0!3m2!1i1024!2i768!4f13.1!3m3!1m2!1s0x480ee08a00d98f4b%3A0x7ac182be794ce747!2sRoazhon%20Park!5e0!3m2!1sfr!2sfr!4v1746624963529!5m2!1sfr!2sfr\" title=\"Ouvrie le lien\" rel=\"nofollow noopener\" target=\"_blank\">Cliquez ici pour visualiser le contenu<\/a><\/p>\n<p class=\" wall-content\">Pour cette 33e et avant-derni\u00e8re journ\u00e9e du championnat de France, tous les matchs seront jou\u00e9s \u00e0 la m\u00eame heure et diffus\u00e9s sur Dazn.<\/p>\n<p class=\" wall-content\">Seul le match entre Reims et Saint-Etienne sera \u00e9galement retransmis sur BeIN Sports.<\/p>\n<p class=\" wall-content\">Suivez toute l\u2019actualit\u00e9 de vos villes et m\u00e9dias favoris en vous inscrivant \u00e0 <a href=\"https:\/\/moncompte.actu.fr\" title=\"D\u00e9couvez Mon Actu\" rel=\"nofollow noopener\" data-trk=\"{&quot;cta&quot;:{&quot;action&quot;:&quot;https:\\\/\\\/moncompte.actu.fr&quot;,&quot;category&quot;:&quot;mon compte&quot;,&quot;from&quot;:&quot;article footer&quot;,&quot;name&quot;:&quot;Mon actu&quot;,&quot;type&quot;:&quot;cta&quot;}}\" target=\"_blank\">Mon Actu<\/a>.<\/p>\n","protected":false},"excerpt":{"rendered":"Par Ugo Maillard Publi\u00e9 le 10 mai 2025 \u00e0 6h12 Le r\u00eave de podium n\u2019aura jamais \u00e9t\u00e9 aussi&hellip;\n","protected":false},"author":2,"featured_media":88473,"comment_status":"","ping_status":"","sticky":false,"template":"","format":"standard","meta":{"footnotes":""},"categories":[2819],"tags":[1111,11,1777,674,63,1011,27,447,12,2401,882,25,60],"class_list":{"0":"post-88472","1":"post","2":"type-post","3":"status-publish","4":"format-standard","5":"has-post-thumbnail","7":"category-nice","8":"tag-actu","9":"tag-actualites","10":"tag-eu","11":"tag-europe","12":"tag-football","13":"tag-fr","14":"tag-france","15":"tag-ligue-des-champions","16":"tag-news","17":"tag-nice","18":"tag-provence-alpes-cote-dazur","19":"tag-republique-francaise","20":"tag-sports"},"share_on_mastodon":{"url":"https:\/\/pubeurope.com\/@fr\/114481634137530191","error":""},"_links":{"self":[{"href":"https:\/\/www.europesays.com\/fr\/wp-json\/wp\/v2\/posts\/88472","targetHints":{"allow":["GET"]}}],"collection":[{"href":"https:\/\/www.europesays.com\/fr\/wp-json\/wp\/v2\/posts"}],"about":[{"href":"https:\/\/www.europesays.com\/fr\/wp-json\/wp\/v2\/types\/post"}],"author":[{"embeddable":true,"href":"https:\/\/www.europesays.com\/fr\/wp-json\/wp\/v2\/users\/2"}],"replies":[{"embeddable":true,"href":"https:\/\/www.europesays.com\/fr\/wp-json\/wp\/v2\/comments?post=88472"}],"version-history":[{"count":0,"href":"https:\/\/www.europesays.com\/fr\/wp-json\/wp\/v2\/posts\/88472\/revisions"}],"wp:featuredmedia":[{"embeddable":true,"href":"https:\/\/www.europesays.com\/fr\/wp-json\/wp\/v2\/media\/88473"}],"wp:attachment":[{"href":"https:\/\/www.europesays.com\/fr\/wp-json\/wp\/v2\/media?parent=88472"}],"wp:term":[{"taxonomy":"category","embeddable":true,"href":"https:\/\/www.europesays.com\/fr\/wp-json\/wp\/v2\/categories?post=88472"},{"taxonomy":"post_tag","embeddable":true,"href":"https:\/\/www.europesays.com\/fr\/wp-json\/wp\/v2\/tags?post=88472"}],"curies":[{"name":"wp","href":"https:\/\/api.w.org\/{rel}","templated":true}]}}