{"id":88474,"date":"2025-05-10T04:24:24","date_gmt":"2025-05-10T04:24:24","guid":{"rendered":"https:\/\/www.europesays.com\/fr\/88474\/"},"modified":"2025-05-10T04:24:24","modified_gmt":"2025-05-10T04:24:24","slug":"memoire-de-la-traite-et-de-lesclavage-47-evenements-pour-comprendre-jusquau-30-mai-a","status":"publish","type":"post","link":"https:\/\/www.europesays.com\/fr\/88474\/","title":{"rendered":"M\u00e9moire de la traite et de l\u2019esclavage : 47 \u00e9v\u00e9nements pour comprendre, jusqu\u2019au 30\u00a0mai \u00e0"},"content":{"rendered":"<p>Parmi les rendez-vous propos\u00e9s tout au long du mois de mai\u00a02025, 300\u00a0jeunes des villes de Nantes et Rez\u00e9 ont particip\u00e9 \u00e0 des parcours de m\u00e9diation, mis en place par des acteurs \u00e9ducatifs pour transmettre l\u2019histoire et les m\u00e9moires de la traite et de l\u2019esclavage. Ils ont r\u00e9alis\u00e9 des courts-m\u00e9trages, des podcasts, des chants autour de ce th\u00e8me. Ils pr\u00e9senteront leurs r\u00e9alisations et \u00e9changeront en pr\u00e9sence de Manon Bresh, la grande t\u00e9moin, le vendredi 9\u00a0mai au conservatoire de Nantes.<\/p>\n<p>\t<img decoding=\"async\" src=\"https:\/\/www.europesays.com\/fr\/wp-content\/uploads\/2025\/05\/P35217483D6799718G_px_640_.jpg\" alt=\"photo en 2012, christiane taubira, ancienne d\u00e9put\u00e9e europ\u00e9enne \u00e0 l\u2019origine de la reconnaissance de la traite et de l\u2019esclavage en tant que crime contre l\u2019humanit\u00e9, a inaugur\u00e9 le m\u00e9morial de l\u2019abolition de l\u2019esclavage de nantes.  \u00a9  photo archives presse oc\u00e9an - nathalie bourreau\" width=\"640\" title=\" En 2012, Christiane Taubira, ancienne d\u00e9put\u00e9e europ\u00e9enne \u00e0 l\u2019origine de la reconnaissance de la traite et de l\u2019esclavage en tant que crime contre l\u2019humanit\u00e9, a inaugur\u00e9 le M\u00e9morial de l\u2019abolition de l\u2019esclavage de Nantes.   Photo archives Presse Oc\u00e9an - Nathalie Bourreau \"\/><\/p>\n<p class=\"elmt-legende\"> En 2012, Christiane Taubira, ancienne d\u00e9put\u00e9e europ\u00e9enne \u00e0 l\u2019origine de la reconnaissance de la traite et de l\u2019esclavage en tant que crime contre l\u2019humanit\u00e9, a inaugur\u00e9 le M\u00e9morial de l\u2019abolition de l\u2019esclavage de Nantes.   Photo archives Presse Oc\u00e9an &#8211; Nathalie Bourreau <\/p>\n<p>Paroles de descendants<\/p>\n<p>Samedi 10\u00a0mai, table ronde \u00ab\u00a0Paroles de descendants de personnes mises en esclavage, de propri\u00e9taires de plantation et d\u2019amateurs n\u00e9griers\u00a0\u00bb. Au temple protestant, place Edouard-Normand. Par l\u2019association La Coque Nomade Fraternit\u00e9. Entr\u00e9e libre et gratuite.<\/p>\n<p>\u00ab\u00a0La Voie Noire\u00a0\u00bb<\/p>\n<p>La Voie Noire chante et joue les histoires des chanteuses afro-am\u00e9ricaines du XXe\u00a0si\u00e8cle, de Sister Rosetta Tharpe \u00e0 Erykah Badu en passant par Billie Holiday, Nina Simone. M\u00ealant musique et th\u00e9\u00e2tre, La Voie Noire parle des femmes, de leurs parcours, de leur m\u00e9tier, de leur place dans la soci\u00e9t\u00e9. \u00c0 la M\u00e9diath\u00e8que Luce Courville, 1,\u00a0rue Eug\u00e8ne Thomas. En partenariat avec M\u00e9tisse \u00e0 Nantes. \u00c0 18\u00a0h\u00a015. Gratuit.<\/p>\n<p>Une fresque<\/p>\n<p>Les Anneaux de la M\u00e9moire proposent une fresque murale Abomey en partenariat avec le festival culturel d\u2019Abomey au B\u00e9nin et le collectif Plus de couleurs. La th\u00e9matique s\u2019articule sur les r\u00e9sistances \u00e0 l\u2019esclavage en insistant sur la dimension f\u00e9minine. Inauguration festive et ouverte \u00e0 tous avec des ateliers graff, rencontre avec les artistes, musique et verre de l\u2019amiti\u00e9. Samedi 17\u00a0mai \u00e0 partir de 16\u00a0h\u00a0; Pr\u00e8s du Hangar \u00e0 bananes, 99,\u00a0quai Wilson. Gratuit.<\/p>\n<p>D\u00e9construire<\/p>\n<p>Rencontre artistique avec Val Souza du Br\u00e9sil, Gombo, franco-congolais, et Thyago Nogueira autour des h\u00e9ritages post-coloniaux et la d\u00e9construction des repr\u00e9sentations coloniales. Dans l\u2019amphith\u00e9\u00e2tre de l\u2019\u00e9cole des Beaux-Arts de Nantes, 2,\u00a0all\u00e9e Frida-Khalo. Le 22\u00a0mai \u00e0 18\u00a0h\u00a030.<\/p>\n<p>Gwo Ka<\/p>\n<p>L\u2019association Apwann Dans\u00e9 Gwoka convie \u00e0 une initiation \u00e0 la danse gwoka. Cette danse fait partie du patrimoine guadeloup\u00e9en, n\u00e9e pendant l\u2019esclavage et qui s\u2019est r\u00e9pandue \u00e0 travers le monde. Le 24\u00a0mai \u00e0 partir de 14\u00a0h. Au centre socio-culturel des Bourderies, 2 rue Saint-Brevin \u00e0 Nantes. 15\u00a0\u20ac le stage. Mail\u00a0: noukadanse@gmail.com<\/p>\n<p>Toutes les autres propositions sur le site\u00a0: <a href=\"https:\/\/memorial.nantes.fr\/\" target=\"_parent\" rel=\"noopener\">https:\/\/memorial.nantes.fr\/<\/a><\/p>\n<p>? C\u00e9r\u00e9monie\u00a0samedi 10\u00a0mai 2025 \u00e0 17\u00a0h<\/p>\n<p>\t<img decoding=\"async\" src=\"https:\/\/www.europesays.com\/fr\/wp-content\/uploads\/2025\/05\/P35217484D6799718G_px_640_.jpg\" alt=\"photo journ\u00e9e nationale des m\u00e9moires 2024 \u00e0 nantes.  \u00a9  photo archives\u00a0presse oc\u00e9an - thierry butzbach\" width=\"640\" title=\" Journ\u00e9e nationale des m\u00e9moires 2024 \u00e0 Nantes.   Photo archives\u00a0Presse Oc\u00e9an - Thierry Butzbach \"\/><\/p>\n<p class=\"elmt-legende\"> Journ\u00e9e nationale des m\u00e9moires 2024 \u00e0 Nantes.   Photo archives\u00a0Presse Oc\u00e9an &#8211; Thierry Butzbach <\/p>\n<p>Comme en 2024, la c\u00e9r\u00e9monie de la journ\u00e9e nationale des m\u00e9moires de la traite, de l\u2019esclavage et de leurs abolitions est ouverte aux Nantais.<\/p>\n<p>Elle aura lieu de la passerelle Victor Schoelcher au M\u00e9morial de l\u2019abolition de l\u2019esclavage. Rendez-vous \u00e0 17\u00a0h quai Mitterrand pr\u00e8s du Palais de Justice. Le cort\u00e8ge sera accompagn\u00e9 par les tambours, symboles de la Libert\u00e9 et s\u2019arr\u00eatera sur la passerelle pour une minute de silence et un jet de fleurs en Loire en hommage aux victimes. Pr\u00e8s du M\u00e9morial, la com\u00e9dienne Manon Bresch, d\u00e9sign\u00e9e grand t\u00e9moin, prononcera un discours ainsi que la maire avant de la danse Gwo Ka par Nou Ka Dans\u00e9 et un concert de Tropical Kolor, des Amis du B\u00e9l\u00e9 et Gwa Kann Ka.<\/p>\n<p>\u00a0<\/p>\n","protected":false},"excerpt":{"rendered":"Parmi les rendez-vous propos\u00e9s tout au long du mois de mai\u00a02025, 300\u00a0jeunes des villes de Nantes et Rez\u00e9&hellip;\n","protected":false},"author":2,"featured_media":88475,"comment_status":"","ping_status":"","sticky":false,"template":"","format":"standard","meta":{"footnotes":""},"categories":[2818],"tags":[11045,19868,1111,11,12635,11117,1777,674,3696,1011,27,2867,2565,280,766,12,2636,25,19746],"class_list":{"0":"post-88474","1":"post","2":"type-post","3":"status-publish","4":"format-standard","5":"has-post-thumbnail","7":"category-nantes","8":"tag-11045","9":"tag-19868","10":"tag-actu","11":"tag-actualites","12":"tag-comprendre","13":"tag-esclavage","14":"tag-eu","15":"tag-europe","16":"tag-evenements","17":"tag-fr","18":"tag-france","19":"tag-jusqu","20":"tag-mai","21":"tag-memoire","22":"tag-nantes","23":"tag-news","24":"tag-pays-de-la-loire","25":"tag-republique-francaise","26":"tag-traite"},"share_on_mastodon":{"url":"https:\/\/pubeurope.com\/@fr\/114481637848908904","error":""},"_links":{"self":[{"href":"https:\/\/www.europesays.com\/fr\/wp-json\/wp\/v2\/posts\/88474","targetHints":{"allow":["GET"]}}],"collection":[{"href":"https:\/\/www.europesays.com\/fr\/wp-json\/wp\/v2\/posts"}],"about":[{"href":"https:\/\/www.europesays.com\/fr\/wp-json\/wp\/v2\/types\/post"}],"author":[{"embeddable":true,"href":"https:\/\/www.europesays.com\/fr\/wp-json\/wp\/v2\/users\/2"}],"replies":[{"embeddable":true,"href":"https:\/\/www.europesays.com\/fr\/wp-json\/wp\/v2\/comments?post=88474"}],"version-history":[{"count":0,"href":"https:\/\/www.europesays.com\/fr\/wp-json\/wp\/v2\/posts\/88474\/revisions"}],"wp:featuredmedia":[{"embeddable":true,"href":"https:\/\/www.europesays.com\/fr\/wp-json\/wp\/v2\/media\/88475"}],"wp:attachment":[{"href":"https:\/\/www.europesays.com\/fr\/wp-json\/wp\/v2\/media?parent=88474"}],"wp:term":[{"taxonomy":"category","embeddable":true,"href":"https:\/\/www.europesays.com\/fr\/wp-json\/wp\/v2\/categories?post=88474"},{"taxonomy":"post_tag","embeddable":true,"href":"https:\/\/www.europesays.com\/fr\/wp-json\/wp\/v2\/tags?post=88474"}],"curies":[{"name":"wp","href":"https:\/\/api.w.org\/{rel}","templated":true}]}}