{"id":884864,"date":"2026-04-22T07:18:22","date_gmt":"2026-04-22T07:18:22","guid":{"rendered":"https:\/\/www.europesays.com\/fr\/884864\/"},"modified":"2026-04-22T07:18:22","modified_gmt":"2026-04-22T07:18:22","slug":"place-saint-bruno-loperation-de-com-des-verts-pour-masquer-leur-incompetence","status":"publish","type":"post","link":"https:\/\/www.europesays.com\/fr\/884864\/","title":{"rendered":"PLACE SAINT-BRUNO : L&rsquo;OP\u00c9RATION DE COM&rsquo; DES VERTS POUR MASQUER LEUR INCOMP\u00c9TENCE\ufffc"},"content":{"rendered":"<p>Posted On 22 avril 2026 <\/p>\n<p style=\"text-align: justify;\" data-path-to-node=\"0\">Le th\u00e9\u00e2tre municipal s&rsquo;est d\u00e9plac\u00e9 ce lundi matin sur la place Saint-Bruno. Sous l&rsquo;\u0153il des cam\u00e9ras, des \u00e9lus de la majorit\u00e9 de Laurence Ruffin ont orchestr\u00e9 une \u00ab op\u00e9ration propret\u00e9 \u00bb <a target=\"_blank\" href=\"https:\/\/c.ledauphine.com\/societe\/2026\/04\/20\/tags-dechets-une-operation-proprete-sur-la-place-saint-bruno\" rel=\"nofollow noopener\">\u00e0 grand renfort de discours l\u00e9nifiants. <\/a><\/p>\n<p>UNE MISE EN SC\u00c8NE POUR FAIRE OUBLIER L&rsquo;\u00c9CHEC<\/p>\n<p style=\"text-align: justify;\" data-path-to-node=\"0\">Loin de traiter le mal profond qui ronge ce quartier embl\u00e9matique de Grenoble, ces \u00e9lus ont pr\u00e9f\u00e9r\u00e9 la mise en sc\u00e8ne cosm\u00e9tique, effa\u00e7ant quelques tags et ramassant trois d\u00e9tritus devant les journalistes. Cette gesticulation m\u00e9diatique, cens\u00e9e pr\u00e9figurer un hypoth\u00e9tique \u00ab projet de r\u00e9am\u00e9nagement global \u00bb, n&rsquo;est qu&rsquo;un rideau de fum\u00e9e destin\u00e9 \u00e0 masquer l&rsquo;incapacit\u00e9 chronique de la mairie \u00e0 r\u00e9tablir l&rsquo;ordre et la salubrit\u00e9.<\/p>\n<p><a href=\"https:\/\/grenoble-le-changement.fr\/wp-content\/uploads\/2026\/04\/dl-operation-proprete.png\" rel=\"lightbox[89246] nofollow noopener\" target=\"_blank\"><img loading=\"lazy\" decoding=\"async\" class=\" wp-image-89260 jetpack-lazy-image\" src=\"https:\/\/grenoble-le-changement.fr\/wp-content\/uploads\/2026\/04\/dl-operation-proprete-300x111.png\" alt=\"\" width=\"500\" height=\"185\" data-lazy-src=\"https:\/\/www.europesays.com\/fr\/wp-content\/uploads\/2026\/04\/dl-operation-proprete-300x111.png\" \/><\/a>le Dauphin\u00e9 consacre un article \u00e0 une nouvelle op\u00e9ration de comm de Ruffin<br \/>\nLE RECYCLAGE DES RESPONSABLES DU NAUFRAGE<\/p>\n<p style=\"text-align: justify;\" data-path-to-node=\"2\">Pour mener cette mascarade, on retrouvait en premi\u00e8re ligne <a href=\"https:\/\/grenoble-le-changement.fr\/2025\/02\/06\/gilles-namur-verts-lfi-laffirme-grenoble-nest-pas-plus-sale-quailleurs\/\" rel=\"nofollow noopener\" target=\"_blank\">Gilles Namur<\/a>, l&rsquo;adjoint d\u00e9j\u00e0 en charge de l&rsquo;espace public lors du pr\u00e9c\u00e9dent mandat avec Piolle. Le voir aujourd&rsquo;hui faire le point sur la malpropret\u00e9 de la ville est une insulte \u00e0 l&rsquo;intelligence des Grenoblois. Namur est l&rsquo;homme qui a th\u00e9oris\u00e9 que \u00ab la propret\u00e9 est une vision subjective \u00bb, pour justifier le d\u00e9labrement de nos rues. En le reconduisant \u00e0 ce poste, Laurence Ruffin confirme qu&rsquo;elle n&rsquo;a aucune intention de changer de logiciel.<\/p>\n<p>LE VERBIAGE IMPUISSANT D&rsquo;ANTOINE BACK&#8230;<\/p>\n<p style=\"text-align: justify;\" data-path-to-node=\"4\">La pr\u00e9sence d&rsquo;<a href=\"https:\/\/grenoble-le-changement.fr\/2022\/11\/24\/mais-a-quoi-sert-donc-antoine-back\/\" rel=\"nofollow noopener\" target=\"_blank\">Antoine Back<\/a>, adjoint charg\u00e9 du \u00ab\u00a0secteur 1, prospective, adaptation climatique et r\u00e9silience territoriale\u00a0\u00bb qui n&rsquo;a jamais r\u00e9alis\u00e9 quoi que ce soit de concret mais co\u00fbte cher \u00e0 la collectivit\u00e9, enterre \u00e9galement toute la cr\u00e9dibilit\u00e9 de l&rsquo;op\u00e9ration. Celui-ci estime que ce n&rsquo;est pas la salet\u00e9 le probl\u00e8me : dans son style verbeux, il conclut que c&rsquo;est \u00ab\u00a0la structure des lieux\u00a0\u00bb qui fait que c&rsquo;est \u00ab\u00a0compliqu\u00e9 de maintenir une propret\u00e9 et une identit\u00e9 (?) dans cet espace\u00a0\u00bb !<\/p>\n<p><a href=\"https:\/\/grenoble-le-changement.fr\/wp-content\/uploads\/2023\/11\/Namur-Back-.jpeg\" rel=\"lightbox[89246] nofollow noopener\" target=\"_blank\"><img loading=\"lazy\" decoding=\"async\" class=\" wp-image-69515 jetpack-lazy-image\" src=\"https:\/\/grenoble-le-changement.fr\/wp-content\/uploads\/2023\/11\/Namur-Back--300x229.jpeg\" alt=\"\" width=\"614\" height=\"469\" data-lazy-src=\"https:\/\/www.europesays.com\/fr\/wp-content\/uploads\/2026\/04\/Namur-Back--300x229.jpeg\" \/><\/a>Gilles Namur et Antoine Back, adjoints de premier plan du mandat pr\u00e9c\u00e9dent, envoy\u00e9s au feu par Laurence Ruffin comme si les m\u00eames responsables de l&rsquo;\u00e9chec allaient faire diff\u00e9remment et mieux aujourd&rsquo;hui !<br \/>\n&#8230; QUI D\u00c9COUVRE LE PROBL\u00c8ME APR\u00c8S 12 ANS !<\/p>\n<p style=\"text-align: justify;\" data-path-to-node=\"4\">Mais heureusement,\u00a0 il est \u00ab\u00a0pr\u00e9sent aux c\u00f4t\u00e9s des services de la propret\u00e9 urbaine pour constater avec eux les difficult\u00e9s auxquelles ils font face\u00a0\u00bb. Il est vrai que \u00e7a ne fait que 12 ans qu&rsquo;il est \u00e9lu dans la majorit\u00e9 municipale, d&rsquo;abord avec Piolle puis avec Ruffin qui le gratifie d&rsquo;une d\u00e9l\u00e9gation renforc\u00e9e. Il a fallu le temps que \u00e7a monte au cerveau : il d\u00e9couvre qu&rsquo;il y a un probl\u00e8me de propret\u00e9 de la ville apr\u00e8s tout ce temps.<\/p>\n<p>BACK ET NAMUR SE PERDENT DANS LEURS CONTRADICTIONS<\/p>\n<p style=\"text-align: justify;\" data-path-to-node=\"4\">Sur le terrain de la s\u00e9curit\u00e9, <a href=\"https:\/\/grenoble-le-changement.fr\/2026\/04\/20\/securite-annecy-vienne-ces-maires-qui-agissent-pendant-que-grenoble-ne-fait-rien\/\" rel=\"nofollow noopener\" target=\"_blank\">le discours de Back est tout aussi foireux<\/a>. Ce dernier explique tranquillement que \u00ab l\u2019on ne r\u00e8gle pas des probl\u00e8mes soci\u00e9taux par de l&rsquo;am\u00e9nagement urbain \u00bb&#8230; pendant que son coll\u00e8gue Gilles Namur tient un discours contradictoire puisque lui n&rsquo;a que le r\u00e9am\u00e9nagement de la place Saint-Bruno \u00e0 la bouche. Bien qu&rsquo;il n&rsquo;ait \u00ab\u00a0pas d\u2019id\u00e9e arr\u00eat\u00e9e sur ce qu\u2019il faudrait faire\u00a0\u00bb.. L\u00e0 encore, apr\u00e8s deux mandats, ils d\u00e9couvrent le sujet. On avance.<\/p>\n<p>LA NULLIT\u00c9 MUNICIPALE ILLUSTR\u00c9E PAR LE PASSAGE DU MARCH\u00c9\u00a0<\/p>\n<p style=\"text-align: justify;\" data-path-to-node=\"10\">L&rsquo;exemple du <a href=\"https:\/\/grenoble-le-changement.fr\/2025\/12\/20\/insecurite-a-st-bruno-limmobilisme-de-l-ruffin-est-en-marche\/\" rel=\"nofollow noopener\" target=\"_blank\">passage du march\u00e9 \u00e0 Saint-Bruno<\/a> est \u00e9clairant sur cet amateurisme municipal et cette incapacit\u00e9 chronique \u00e0 traiter les probl\u00e8mes. Plaque tournante du trafic de stup\u00e9fiants, la probl\u00e9matique des lieux est connue de tous, habitants comme services de la ville. En 2024, la municipalit\u00e9 avait d&rsquo;abord promis sa fermeture pour couper les flux des trafiquants, avant de battre en retraite lamentablement en invoquant des \u00ab\u00a0probl\u00e8mes administratifs\u00a0\u00bb.\u00a0<\/p>\n<p>LA TARTUFFERIE DES \u00c9LUS \u00ab\u00a0D\u00c9MUNIS\u00a0\u00bb<\/p>\n<p style=\"text-align: justify;\" data-path-to-node=\"6\"><a target=\"_blank\" href=\"https:\/\/c.ledauphine.com\/societe\/2026\/04\/20\/tags-dechets-une-operation-proprete-sur-la-place-saint-bruno\" rel=\"nofollow noopener\">L&rsquo;article du Dauphin\u00e9<\/a> relate en outre le discours d&rsquo;abandon municipal habituel avec des \u00e9lus Ruffinesques qui expliquent qu&rsquo;ils sont \u00ab d\u00e9munis sans moyen \u00bb. On retrouve la signature historique du syst\u00e8me Piolle : exiger l&rsquo;aide de l&rsquo;\u00c9tat, tout en refusant d&rsquo;activer des moyens qu&rsquo;ils ont bel et bien : armer la police municipale, d\u00e9ployer un v\u00e9ritable r\u00e9seau de cam\u00e9ras, expulser les dealers condamn\u00e9s des logements sociaux&#8230;<\/p>\n<p>LES 7 CAM\u00c9RAS DEMAND\u00c9ES PAR LA POLICE TOUJOURS REFUS\u00c9ES<\/p>\n<p style=\"text-align: justify;\" data-path-to-node=\"6\">Bien s\u00fbr ni Back, ni Namur n&rsquo;avancent quoi que ce soit de neuf que ce d\u00e9ni <a href=\"https:\/\/grenoble-le-changement.fr\/2024\/01\/09\/les-dealers-vos-copains-den-bas-pour-la-municipalite\/\" rel=\"nofollow noopener\" target=\"_blank\">en mati\u00e8re de s\u00e9curit\u00e9.<\/a> Pour le secteur Saint-Bruno, la police nationale avait fait la demande tr\u00e8s sp\u00e9cifique de disposer de 7 cam\u00e9ras de vid\u00e9oprotection pour perturber les dealers. La majorit\u00e9 Piolle avait refus\u00e9 il y a quelques mois et on comprend que Ruffin persistera dans la m\u00eame veine. Les discours sur la \u00ab\u00a0coop\u00e9ration\u00a0\u00bb et les petites op\u00e9rations de communication ne tromperont pas bien longtemps.\u00a0<\/p>\n<p><a href=\"https:\/\/grenoble-le-changement.fr\/wp-content\/uploads\/2025\/10\/rapport-police-st-bruno.png\" rel=\"lightbox[89246] nofollow noopener\" target=\"_blank\"><img loading=\"lazy\" decoding=\"async\" class=\" wp-image-85334 jetpack-lazy-image\" src=\"https:\/\/grenoble-le-changement.fr\/wp-content\/uploads\/2025\/10\/rapport-police-st-bruno-300x218.png\" alt=\"\" width=\"641\" height=\"466\" data-lazy-src=\"https:\/\/www.europesays.com\/fr\/wp-content\/uploads\/2026\/04\/rapport-police-st-bruno-300x218.png\" \/><\/a>Le rapport de la police sur la place St-Bruno : Piolle en avait pondu une d\u00e9lib\u00e9ration de pures intentions sans en suivre les pr\u00e9conisations, Ruffin fait la m\u00eame chose. Beaucoup d&rsquo;air brass\u00e9..<br \/>\nLA M\u00caME \u00c9QUIPE NE POURRA PAS AM\u00c9LIORER LA VILLE<\/p>\n<p style=\"text-align: justify;\" data-path-to-node=\"14\">Car cette \u00ab op\u00e9ration propret\u00e9 \u00bb n&rsquo;est qu&rsquo;un gadget pour tenter de calmer une col\u00e8re l\u00e9gitime des habitants, qui n&rsquo;entrainera aucune am\u00e9lioration durable puisque ces \u00e9lus sont incapables de remettre en question les causes syst\u00e9miques de l&rsquo;effondrement de Grenoble dont ils sont les coresponsables. <a href=\"https:\/\/grenoble-le-changement.fr\/2026\/04\/10\/liste-des-adjoints-la-mandat-ruffin-sannonce-pire-que-ceux-deric-piolle\/\" rel=\"nofollow noopener\" target=\"_blank\">Le duo Back\/Namur le montre bien<\/a> : avec la m\u00eame \u00e9quipe que Piolle aux manettes, la situation ne peut qu&rsquo;aller vers le pire.\u00a0<\/p>\n","protected":false},"excerpt":{"rendered":"Posted On 22 avril 2026 Le th\u00e9\u00e2tre municipal s&rsquo;est d\u00e9plac\u00e9 ce lundi matin sur la place Saint-Bruno. Sous&hellip;\n","protected":false},"author":2,"featured_media":884865,"comment_status":"","ping_status":"","sticky":false,"template":"","format":"standard","meta":{"footnotes":"","_share_on_mastodon":"0"},"categories":[9566],"tags":[1111,11,10129,2430,9607,1777,674,1011,27,10230,2731,10136,12,25],"class_list":["post-884864","post","type-post","status-publish","format-standard","has-post-thumbnail","category-grenoble","tag-actu","tag-actualites","tag-antoine-back","tag-auvergne-rhone-alpes","tag-eric-piolle","tag-eu","tag-europe","tag-fr","tag-france","tag-gilles-namur","tag-grenoble","tag-laurence-ruffin","tag-news","tag-republique-francaise"],"share_on_mastodon":{"url":"https:\/\/pubeurope.com\/@fr\/116447144260912476","error":""},"_links":{"self":[{"href":"https:\/\/www.europesays.com\/fr\/wp-json\/wp\/v2\/posts\/884864","targetHints":{"allow":["GET"]}}],"collection":[{"href":"https:\/\/www.europesays.com\/fr\/wp-json\/wp\/v2\/posts"}],"about":[{"href":"https:\/\/www.europesays.com\/fr\/wp-json\/wp\/v2\/types\/post"}],"author":[{"embeddable":true,"href":"https:\/\/www.europesays.com\/fr\/wp-json\/wp\/v2\/users\/2"}],"replies":[{"embeddable":true,"href":"https:\/\/www.europesays.com\/fr\/wp-json\/wp\/v2\/comments?post=884864"}],"version-history":[{"count":0,"href":"https:\/\/www.europesays.com\/fr\/wp-json\/wp\/v2\/posts\/884864\/revisions"}],"wp:featuredmedia":[{"embeddable":true,"href":"https:\/\/www.europesays.com\/fr\/wp-json\/wp\/v2\/media\/884865"}],"wp:attachment":[{"href":"https:\/\/www.europesays.com\/fr\/wp-json\/wp\/v2\/media?parent=884864"}],"wp:term":[{"taxonomy":"category","embeddable":true,"href":"https:\/\/www.europesays.com\/fr\/wp-json\/wp\/v2\/categories?post=884864"},{"taxonomy":"post_tag","embeddable":true,"href":"https:\/\/www.europesays.com\/fr\/wp-json\/wp\/v2\/tags?post=884864"}],"curies":[{"name":"wp","href":"https:\/\/api.w.org\/{rel}","templated":true}]}}