{"id":8849,"date":"2025-04-07T22:22:11","date_gmt":"2025-04-07T22:22:11","guid":{"rendered":"https:\/\/www.europesays.com\/fr\/8849\/"},"modified":"2025-04-07T22:22:11","modified_gmt":"2025-04-07T22:22:11","slug":"francois-bayrou-hausse-le-ton","status":"publish","type":"post","link":"https:\/\/www.europesays.com\/fr\/8849\/","title":{"rendered":"Fran\u00e7ois Bayrou hausse le ton"},"content":{"rendered":"<p>            Par<br \/>\n        <strong><br \/>\n            <a href=\"https:\/\/actu.fr\/auteur\/redaction-lyon\" title=\"Consulter tous les articles de R\u00e9daction Lyon\" rel=\"nofollow noopener\" target=\"_blank\">R\u00e9daction Lyon<\/a><br \/>\n        <\/strong><\/p>\n<p>        Publi\u00e9 le<\/p>\n<p>            6 avr. 2025 \u00e0 12h03        <\/p>\n<p><strong>Fran\u00e7ois Bayrou<\/strong> a d\u00e9nonc\u00e9 samedi une <strong>\u00ab\u00a0pression communautariste inacceptable\u00a0\u00bb<\/strong> apr\u00e8s qu\u2019un <a href=\"https:\/\/actu.fr\/auvergne-rhone-alpes\/lyon_69123\/lyon-un-professeur-chasse-en-plein-cours-par-des-militants-cagoules-enquete-ouverte_62471539.html\" rel=\"nofollow noopener\" target=\"_blank\">professeur de l\u2019universit\u00e9 de Lyon 2 a \u00e9t\u00e9 pris \u00e0 partie<\/a> cette semaine par un groupe de militants encagoul\u00e9s en plein cours.<\/p>\n<p class=\" wall-content\">\u00ab\u00a0Les \u00e9coles, les universit\u00e9s, pas plus que les mairies, ne sont des lieux destin\u00e9s \u00e0 l\u2019expression religieuse. Ce type de pression communautariste est inacceptable\u00a0\u00bb, affirme le Premier ministre dans une interview au <a href=\"https:\/\/www.leparisien.fr\/politique\/francois-bayrou-ceux-qui-choisiraient-linstabilite-et-le-desordre-nuiraient-gravement-a-notre-pays-05-04-2025-LM67JAL7OJDIPN2VZSKG2FVYKU.php\" rel=\"nofollow noopener\" target=\"_blank\">Parisien<\/a>.<\/p>\n<p>Une interdiction de repas pour le ramadan enflamme les esprits<\/p>\n<p class=\" wall-content\">La direction de l\u2019universit\u00e9 a fait \u00e9tat d&rsquo;\u00a0\u00bbune quinzaine d\u2019individus masqu\u00e9s et cagoul\u00e9s\u00a0\u00bb qui ont fait irruption mardi dans le cours d\u2019un enseignant sp\u00e9cialiste de la Syrie et de l\u2019Irak, \u00ab\u00a0l\u2019insultant et hurlant des slogans remettant en cause ses analyses et ses prises de position publiques\u00a0\u00bb.<\/p>\n<p class=\" wall-content\">Selon le minist\u00e8re de l\u2019Education nationale et l\u2019enseignant vis\u00e9<strong> Fabrice Balanche<\/strong>, ce dernier a \u00e9t\u00e9 vis\u00e9 parce qu\u2019il a soutenu la d\u00e9cision de l\u2019universit\u00e9 de ne pas autoriser la tenue de <a href=\"https:\/\/actu.fr\/auvergne-rhone-alpes\/bron_69029\/lyon-la-rupture-du-jeune-du-ramadan-provoque-de-grosses-tensions-dans-une-universite_62461621.html\" rel=\"nofollow noopener\" target=\"_blank\">repas pour la rupture du je\u00fbne du Ramadan dans ses locaux<\/a>.<\/p>\n<p class=\" wall-content\">Le groupe Autonomes de Lyon 2, qui revendique l\u2019action contre le professeur sur les r\u00e9seaux sociaux, assure que cela n\u2019a rien \u00e0 voir et reproche \u00e0 M. Balanche \u00ab\u00a0des positions inacceptables sur la Palestine et la Syrie\u00a0\u00bb.<\/p>\n<p class=\" wall-content\">\n<p>Enqu\u00eate ouverte par le parquet de Lyon<\/p>\n<p class=\" wall-content\">\u00ab\u00a0Quand les extr\u00eames essaient de mettre la main sur l\u2019universit\u00e9, on file du mauvais coton ! Et ces mouvements de d\u00e9stabilisation sont de plus en plus fr\u00e9quents. Ces violences, et ces pressions, je le dis, ne peuvent pas avoir droit de cit\u00e9 en France\u00a0\u00bb, assure Fran\u00e7ois Bayrou.<\/p>\n<p>Vid\u00e9os : en ce moment sur Actu<\/p>\n<p class=\" wall-content\">Le parquet de Lyon a indiqu\u00e9 vendredi avoir ouvert une enqu\u00eate pour \u00ab\u00a0entrave \u00e0 l\u2019exercice de la fonction d\u2019enseignant\u00a0\u00bb apr\u00e8s cet incident.<\/p>\n<p class=\" wall-content\"><strong>AFP<\/strong><\/p>\n<p class=\" wall-content\">Suivez toute l\u2019actualit\u00e9 de vos villes et m\u00e9dias favoris en vous inscrivant \u00e0 <a href=\"https:\/\/moncompte.actu.fr\" title=\"D\u00e9couvez Mon Actu\" rel=\"nofollow noopener\" data-trk=\"{&quot;cta&quot;:{&quot;action&quot;:&quot;https:\\\/\\\/moncompte.actu.fr&quot;,&quot;category&quot;:&quot;mon compte&quot;,&quot;from&quot;:&quot;article footer&quot;,&quot;name&quot;:&quot;Mon actu&quot;,&quot;type&quot;:&quot;cta&quot;}}\" target=\"_blank\">Mon Actu<\/a>.<\/p>\n<ul class=\"ac-article-tag wall-content\">\n<li><a href=\"https:\/\/actu.fr\/tag\/francois-bayrou\" data-trk=\"{&quot;cta&quot;:{&quot;action&quot;:&quot;Fran\\u00e7ois Bayrou&quot;,&quot;category&quot;:&quot;tag&quot;,&quot;from&quot;:&quot;article footer&quot;,&quot;name&quot;:&quot;Fran\\u00e7ois Bayrou&quot;,&quot;type&quot;:&quot;cta&quot;}}\" rel=\"nofollow noopener\" target=\"_blank\">#Fran\u00e7ois Bayrou<\/a><\/li>\n<li><a href=\"https:\/\/actu.fr\/tag\/manifestations\" data-trk=\"{&quot;cta&quot;:{&quot;action&quot;:&quot;Manifestations&quot;,&quot;category&quot;:&quot;tag&quot;,&quot;from&quot;:&quot;article footer&quot;,&quot;name&quot;:&quot;Manifestations&quot;,&quot;type&quot;:&quot;cta&quot;}}\" rel=\"nofollow noopener\" target=\"_blank\">#Manifestations<\/a><\/li>\n<\/ul>\n","protected":false},"excerpt":{"rendered":"Par R\u00e9daction Lyon Publi\u00e9 le 6 avr. 2025 \u00e0 12h03 Fran\u00e7ois Bayrou a d\u00e9nonc\u00e9 samedi une \u00ab\u00a0pression communautariste&hellip;\n","protected":false},"author":2,"featured_media":8850,"comment_status":"","ping_status":"","sticky":false,"template":"","format":"standard","meta":{"footnotes":""},"categories":[1889],"tags":[1111,11,2430,1777,674,1011,27,431,2428,1272,12,316,25],"class_list":{"0":"post-8849","1":"post","2":"type-post","3":"status-publish","4":"format-standard","5":"has-post-thumbnail","7":"category-lyon","8":"tag-actu","9":"tag-actualites","10":"tag-auvergne-rhone-alpes","11":"tag-eu","12":"tag-europe","13":"tag-fr","14":"tag-france","15":"tag-francois-bayrou","16":"tag-lyon","17":"tag-manifestations","18":"tag-news","19":"tag-politique","20":"tag-republique-francaise"},"share_on_mastodon":{"url":"https:\/\/pubeurope.com\/@fr\/114299020432174803","error":""},"_links":{"self":[{"href":"https:\/\/www.europesays.com\/fr\/wp-json\/wp\/v2\/posts\/8849","targetHints":{"allow":["GET"]}}],"collection":[{"href":"https:\/\/www.europesays.com\/fr\/wp-json\/wp\/v2\/posts"}],"about":[{"href":"https:\/\/www.europesays.com\/fr\/wp-json\/wp\/v2\/types\/post"}],"author":[{"embeddable":true,"href":"https:\/\/www.europesays.com\/fr\/wp-json\/wp\/v2\/users\/2"}],"replies":[{"embeddable":true,"href":"https:\/\/www.europesays.com\/fr\/wp-json\/wp\/v2\/comments?post=8849"}],"version-history":[{"count":0,"href":"https:\/\/www.europesays.com\/fr\/wp-json\/wp\/v2\/posts\/8849\/revisions"}],"wp:featuredmedia":[{"embeddable":true,"href":"https:\/\/www.europesays.com\/fr\/wp-json\/wp\/v2\/media\/8850"}],"wp:attachment":[{"href":"https:\/\/www.europesays.com\/fr\/wp-json\/wp\/v2\/media?parent=8849"}],"wp:term":[{"taxonomy":"category","embeddable":true,"href":"https:\/\/www.europesays.com\/fr\/wp-json\/wp\/v2\/categories?post=8849"},{"taxonomy":"post_tag","embeddable":true,"href":"https:\/\/www.europesays.com\/fr\/wp-json\/wp\/v2\/tags?post=8849"}],"curies":[{"name":"wp","href":"https:\/\/api.w.org\/{rel}","templated":true}]}}