{"id":88490,"date":"2025-05-10T04:33:08","date_gmt":"2025-05-10T04:33:08","guid":{"rendered":"https:\/\/www.europesays.com\/fr\/88490\/"},"modified":"2025-05-10T04:33:08","modified_gmt":"2025-05-10T04:33:08","slug":"laeroport-de-marseille-parmi-les-pires-eleves-de-ce-classement-peu-flatteur-voici-lequel","status":"publish","type":"post","link":"https:\/\/www.europesays.com\/fr\/88490\/","title":{"rendered":"L&rsquo;a\u00e9roport de Marseille parmi les pires \u00e9l\u00e8ves de ce classement peu flatteur : voici lequel"},"content":{"rendered":"<p>            Par<br \/>\n        <strong><br \/>\n            <a href=\"https:\/\/actu.fr\/auteur\/thibault-nadal-actu-fr\" title=\"Consulter tous les articles de Thibault Nadal\" target=\"_blank\" rel=\"noopener\">Thibault Nadal<\/a><br \/>\n        <\/strong><\/p>\n<p>        Publi\u00e9 le<\/p>\n<p>            10 mai 2025 \u00e0 6h04        <\/p>\n<p>C\u2019est un chiffre dont <a href=\"https:\/\/actu.fr\/tag\/aeroport-de-marseille-provence\" target=\"_blank\" rel=\"noopener\">l\u2019a\u00e9roport de Marseille-Provence<\/a> se serait bien pass\u00e9. Selon le site de r\u00e9servation <a href=\"https:\/\/www.kayak.fr\/news\/retards-de-vol-vacances\/\" target=\"_blank\" rel=\"noopener\">Kayak<\/a>, la plateforme situ\u00e9e \u00e0 <a href=\"https:\/\/actu.fr\/provence-alpes-cote-d-azur\/marignane_13054\" target=\"_blank\" rel=\"noopener\">Marignane<\/a> (<a href=\"https:\/\/actu.fr\/provence-alpes-cote-d-azur\/bouches-du-rhone_13\" target=\"_blank\" rel=\"noopener\">Bouches-du-Rh\u00f4ne<\/a>) fait partie des mauvais \u00e9l\u00e8ves concernant <strong>les retards de ses avions<\/strong>.<\/p>\n<p>Environ un vol sur 100 est supprim\u00e9<\/p>\n<p class=\" wall-content\">Pour justifier la place de l\u2019a\u00e9roport Marseille-Provence en queue de classement, Kayak r\u00e9v\u00e8le que <strong>32\u2009% des vols<\/strong> d\u00e9collent avec un retard depuis le sol proven\u00e7al. Un chiffre qui le place en <strong>17e sur 21<\/strong> parmi tous les a\u00e9roports fran\u00e7ais.<\/p>\n<p class=\" wall-content\">Les trois qui r\u00e9ussissent \u00e0 faire pire sont\u2009: <strong>Paris-Orly<\/strong> (33\u2009%), <strong>Paris-Charles-de-Gaulle<\/strong> (44\u2009%) et la derni\u00e8re marche du classement revient \u00e0 <strong>l\u2019a\u00e9roport de Nice<\/strong> avec 46\u2009% des vols qui d\u00e9collent avec un retard.<\/p>\n<p class=\" wall-content\">Sur la piste situ\u00e9e \u00e0 seulement quelques m\u00e8tres de la mer, les avions qui d\u00e9collent apr\u00e8s l\u2019heure initialement pr\u00e9vue le font avec <strong>27\u00a0minutes de retard en moyenne<\/strong>.<\/p>\n<p class=\" wall-content\">Enfin, 0,9\u2009% des vols sont annul\u00e9s au d\u00e9part de l\u2019a\u00e9roport Marseille-Provence.<\/p>\n<p>Vid\u00e9os : en ce moment sur ActuIl faut se lever t\u00f4t pour \u00e9viter les retards<\/p>\n<p class=\" wall-content\">Malgr\u00e9 son chiffre relativement haut, l\u2019a\u00e9roport marseillais se situe pourtant en dessous de la moyenne nationale. Dans son \u00e9tude, Kayak souligne que <strong>36\u2009% des vols<\/strong> ont \u00e9t\u00e9 retard\u00e9s dans toute la France en 2024, soit une hausse de 6 points par rapport \u00e0 l\u2019ann\u00e9e pr\u00e9c\u00e9dente.<\/p>\n<p class=\" wall-content\">Pour justifier ses chiffres, les r\u00e9dacteurs de l\u2019enqu\u00eate indiquent que ce sont naturellement <strong>les plus grands a\u00e9roports<\/strong> qui concentrent le plus de retard, avec un trafic largement sup\u00e9rieur aux bons \u00e9l\u00e8ves, comme Pau, Toulon ou Montpellier.<\/p>\n<p class=\" wall-content\">Autre fait marquant\u2009: pour \u00e9viter d\u2019\u00eatre en retard, <strong>Kayak conseille de se lever t\u00f4t\u2026 tr\u00e8s t\u00f4t<\/strong>, puisque \u00ab\u2009les vols entre 5h et 8h du matin ont seulement entre 5 et 14\u2009% de chance d\u2019\u00eatre retard\u00e9s, tandis que les vols partant l\u2019apr\u00e8s-midi ou le soir ont 48\u2009% de chance d\u2019\u00eatre retard\u00e9s\u2009\u00bb.<\/p>\n<p class=\" wall-content\">Suivez toute l\u2019actualit\u00e9 de vos villes et m\u00e9dias favoris en vous inscrivant \u00e0 <a href=\"https:\/\/moncompte.actu.fr\" title=\"D\u00e9couvez Mon Actu\" rel=\"nofollow noopener\" data-trk=\"{&quot;cta&quot;:{&quot;action&quot;:&quot;https:\\\/\\\/moncompte.actu.fr&quot;,&quot;category&quot;:&quot;mon compte&quot;,&quot;from&quot;:&quot;article footer&quot;,&quot;name&quot;:&quot;Mon actu&quot;,&quot;type&quot;:&quot;cta&quot;}}\" target=\"_blank\">Mon Actu<\/a>.<\/p>\n<ul class=\"ac-article-tag wall-content\">\n<li><a href=\"https:\/\/actu.fr\/tag\/aeroport-de-marseille-provence\" data-trk=\"{&quot;cta&quot;:{&quot;action&quot;:&quot;A\\u00e9roport de Marseille-Provence&quot;,&quot;category&quot;:&quot;tag&quot;,&quot;from&quot;:&quot;article footer&quot;,&quot;name&quot;:&quot;A\\u00e9roport de Marseille-Provence&quot;,&quot;type&quot;:&quot;cta&quot;}}\" target=\"_blank\" rel=\"noopener\">#A\u00e9roport de Marseille-Provence<\/a><\/li>\n<\/ul>\n","protected":false},"excerpt":{"rendered":"Par Thibault Nadal Publi\u00e9 le 10 mai 2025 \u00e0 6h04 C\u2019est un chiffre dont l\u2019a\u00e9roport de Marseille-Provence se&hellip;\n","protected":false},"author":2,"featured_media":88491,"comment_status":"","ping_status":"","sticky":false,"template":"","format":"standard","meta":{"footnotes":""},"categories":[2814],"tags":[1111,11,9404,1777,674,1011,27,884,12,882,25,104],"class_list":{"0":"post-88490","1":"post","2":"type-post","3":"status-publish","4":"format-standard","5":"has-post-thumbnail","7":"category-marseille","8":"tag-actu","9":"tag-actualites","10":"tag-aeroport-de-marseille-provence","11":"tag-eu","12":"tag-europe","13":"tag-fr","14":"tag-france","15":"tag-marseille","16":"tag-news","17":"tag-provence-alpes-cote-dazur","18":"tag-republique-francaise","19":"tag-societe"},"share_on_mastodon":{"url":"https:\/\/pubeurope.com\/@fr\/114481673240619358","error":""},"_links":{"self":[{"href":"https:\/\/www.europesays.com\/fr\/wp-json\/wp\/v2\/posts\/88490","targetHints":{"allow":["GET"]}}],"collection":[{"href":"https:\/\/www.europesays.com\/fr\/wp-json\/wp\/v2\/posts"}],"about":[{"href":"https:\/\/www.europesays.com\/fr\/wp-json\/wp\/v2\/types\/post"}],"author":[{"embeddable":true,"href":"https:\/\/www.europesays.com\/fr\/wp-json\/wp\/v2\/users\/2"}],"replies":[{"embeddable":true,"href":"https:\/\/www.europesays.com\/fr\/wp-json\/wp\/v2\/comments?post=88490"}],"version-history":[{"count":0,"href":"https:\/\/www.europesays.com\/fr\/wp-json\/wp\/v2\/posts\/88490\/revisions"}],"wp:featuredmedia":[{"embeddable":true,"href":"https:\/\/www.europesays.com\/fr\/wp-json\/wp\/v2\/media\/88491"}],"wp:attachment":[{"href":"https:\/\/www.europesays.com\/fr\/wp-json\/wp\/v2\/media?parent=88490"}],"wp:term":[{"taxonomy":"category","embeddable":true,"href":"https:\/\/www.europesays.com\/fr\/wp-json\/wp\/v2\/categories?post=88490"},{"taxonomy":"post_tag","embeddable":true,"href":"https:\/\/www.europesays.com\/fr\/wp-json\/wp\/v2\/tags?post=88490"}],"curies":[{"name":"wp","href":"https:\/\/api.w.org\/{rel}","templated":true}]}}