{"id":88492,"date":"2025-05-10T04:34:07","date_gmt":"2025-05-10T04:34:07","guid":{"rendered":"https:\/\/www.europesays.com\/fr\/88492\/"},"modified":"2025-05-10T04:34:07","modified_gmt":"2025-05-10T04:34:07","slug":"lyon-apres-les-terreaux-cette-celebre-enseigne-gourmande-ouvre-une-nouvelle-boutique","status":"publish","type":"post","link":"https:\/\/www.europesays.com\/fr\/88492\/","title":{"rendered":"Lyon. Apr\u00e8s les Terreaux, cette c\u00e9l\u00e8bre enseigne gourmande ouvre une nouvelle boutique"},"content":{"rendered":"<p>            Par<br \/>\n        <strong><br \/>\n            <a href=\"https:\/\/actu.fr\/auteur\/ludivine-caporal\" title=\"Consulter tous les articles de Ludivine Caporal\" target=\"_blank\" rel=\"noopener\">Ludivine Caporal<\/a><br \/>\n        <\/strong><\/p>\n<p>        Publi\u00e9 le<\/p>\n<p>            10 mai 2025 \u00e0 6h16        <\/p>\n<p>L\u2019histoire continue de s\u2019\u00e9crire pour Marie-Charlotte et Alexis, le couple d\u2019entrepreneurs lyonnais derri\u00e8re <a href=\"https:\/\/actu.fr\/auvergne-rhone-alpes\/lyon_69123\/lyon-ce-bar-paradis-du-chocolat-cartonne-avec-un-concept-unique_60552471.html\" target=\"_blank\" rel=\"noopener\">Ik\u00f4ne, mythique bar \u00e0 chocolat<\/a> et cookie shop du quartier des <a href=\"https:\/\/actu.fr\/tag\/place-des-terreaux\" target=\"_blank\" rel=\"noopener\">Terreaux<\/a>.<\/p>\n<p class=\" wall-content\">D\u00e9but mai, une troisi\u00e8me boutique gourmande a ouvert ses portes en plein c\u0153ur du <a href=\"https:\/\/actu.fr\/tag\/vieux-lyon\" target=\"_blank\" rel=\"noopener\">Vieux-Lyon<\/a>, au <strong>3 rue Saint-Jean<\/strong>. Un v\u00e9ritable \u00ab\u2009r\u00eave\u2009\u00bb pour les g\u00e9rants.<\/p>\n<p>Uniquement en format cookie shop<\/p>\n<p class=\" wall-content\">\u00ab\u2009Lorsqu\u2019on a ouvert notre bar \u00e0 chocolat il y a maintenant <strong>pr\u00e8s de 8\u00a0ans<\/strong>, on se disait souvent\u2009\u00bb T\u2019imagines si on arrive \u00e0 ouvrir un jour une jolie petite boutique dans le Vieux-Lyon\u2009? \u00ab\u2009C\u2019\u00e9tait un peu le\u2009\u00bb lifegoal \u00ab\u2009de notre aventure entrepreneuriale et m\u00eame si, comme tout le monde, nous avons travers\u00e9 des hauts et des bas, nous sommes fiers de partager avec vous ce moment fort de nos vies\u2009\u00bb, a publi\u00e9 le couple sur ses r\u00e9seaux sociaux pour annoncer la grande nouvelle.<\/p>\n<p class=\" wall-content\"><a href=\"https:\/\/www.instagram.com\/p\/DEzXPQcIO6O\/embed\" title=\"Ouvrir le lien sur Instagram\" target=\"_blank\" rel=\"noopener\">Visualiser le contenu sur Instagram<\/a><\/p>\n<p class=\" wall-content\">Pour ce nouveau lieu, Ik\u00f4ne est uniquement en format cookie shop et propose ses <strong>16 recettes d\u00e9licieuses et diff\u00e9rentes<\/strong>, au prix unique de 3,50\u00a0euros le cookie \u00e0 consommer sur place ou \u00e0 emporter.<\/p>\n<p class=\" wall-content\">Triple chocolat, pralin\u00e9 pistache, beurre de cacahu\u00e8te\u2026 Il y en a assur\u00e9ment pour tous les go\u00fbts\u2009!<\/p>\n<p>Vid\u00e9os : en ce moment sur Actu<\/p>\n<p class=\" wall-content\">Suivez toute l\u2019actualit\u00e9 de vos villes et m\u00e9dias favoris en vous inscrivant \u00e0 <a href=\"https:\/\/moncompte.actu.fr\" title=\"D\u00e9couvez Mon Actu\" rel=\"nofollow noopener\" data-trk=\"{&quot;cta&quot;:{&quot;action&quot;:&quot;https:\\\/\\\/moncompte.actu.fr&quot;,&quot;category&quot;:&quot;mon compte&quot;,&quot;from&quot;:&quot;article footer&quot;,&quot;name&quot;:&quot;Mon actu&quot;,&quot;type&quot;:&quot;cta&quot;}}\" target=\"_blank\">Mon Actu<\/a>.<\/p>\n<ul class=\"ac-article-tag wall-content\">\n<li><a href=\"https:\/\/actu.fr\/tag\/nouveaux-commerces\" data-trk=\"{&quot;cta&quot;:{&quot;action&quot;:&quot;Nouveaux commerces&quot;,&quot;category&quot;:&quot;tag&quot;,&quot;from&quot;:&quot;article footer&quot;,&quot;name&quot;:&quot;Nouveaux commerces&quot;,&quot;type&quot;:&quot;cta&quot;}}\" target=\"_blank\" rel=\"noopener\">#Nouveaux commerces<\/a><\/li>\n<li><a href=\"https:\/\/actu.fr\/tag\/vieux-lyon\" data-trk=\"{&quot;cta&quot;:{&quot;action&quot;:&quot;Vieux Lyon&quot;,&quot;category&quot;:&quot;tag&quot;,&quot;from&quot;:&quot;article footer&quot;,&quot;name&quot;:&quot;Vieux Lyon&quot;,&quot;type&quot;:&quot;cta&quot;}}\" target=\"_blank\" rel=\"noopener\">#Vieux Lyon<\/a><\/li>\n<\/ul>\n<p>                    <script async src=\"\/\/www.instagram.com\/embed.js\"><\/script><\/p>\n","protected":false},"excerpt":{"rendered":"Par Ludivine Caporal Publi\u00e9 le 10 mai 2025 \u00e0 6h16 L\u2019histoire continue de s\u2019\u00e9crire pour Marie-Charlotte et Alexis,&hellip;\n","protected":false},"author":2,"featured_media":88493,"comment_status":"","ping_status":"","sticky":false,"template":"","format":"standard","meta":{"footnotes":""},"categories":[1889],"tags":[1111,11,2430,1777,674,1011,27,2428,12,3147,25,104,5287],"class_list":{"0":"post-88492","1":"post","2":"type-post","3":"status-publish","4":"format-standard","5":"has-post-thumbnail","7":"category-lyon","8":"tag-actu","9":"tag-actualites","10":"tag-auvergne-rhone-alpes","11":"tag-eu","12":"tag-europe","13":"tag-fr","14":"tag-france","15":"tag-lyon","16":"tag-news","17":"tag-nouveaux-commerces","18":"tag-republique-francaise","19":"tag-societe","20":"tag-vieux-lyon"},"share_on_mastodon":{"url":"https:\/\/pubeurope.com\/@fr\/114481677180411314","error":""},"_links":{"self":[{"href":"https:\/\/www.europesays.com\/fr\/wp-json\/wp\/v2\/posts\/88492","targetHints":{"allow":["GET"]}}],"collection":[{"href":"https:\/\/www.europesays.com\/fr\/wp-json\/wp\/v2\/posts"}],"about":[{"href":"https:\/\/www.europesays.com\/fr\/wp-json\/wp\/v2\/types\/post"}],"author":[{"embeddable":true,"href":"https:\/\/www.europesays.com\/fr\/wp-json\/wp\/v2\/users\/2"}],"replies":[{"embeddable":true,"href":"https:\/\/www.europesays.com\/fr\/wp-json\/wp\/v2\/comments?post=88492"}],"version-history":[{"count":0,"href":"https:\/\/www.europesays.com\/fr\/wp-json\/wp\/v2\/posts\/88492\/revisions"}],"wp:featuredmedia":[{"embeddable":true,"href":"https:\/\/www.europesays.com\/fr\/wp-json\/wp\/v2\/media\/88493"}],"wp:attachment":[{"href":"https:\/\/www.europesays.com\/fr\/wp-json\/wp\/v2\/media?parent=88492"}],"wp:term":[{"taxonomy":"category","embeddable":true,"href":"https:\/\/www.europesays.com\/fr\/wp-json\/wp\/v2\/categories?post=88492"},{"taxonomy":"post_tag","embeddable":true,"href":"https:\/\/www.europesays.com\/fr\/wp-json\/wp\/v2\/tags?post=88492"}],"curies":[{"name":"wp","href":"https:\/\/api.w.org\/{rel}","templated":true}]}}