{"id":88494,"date":"2025-05-10T04:35:07","date_gmt":"2025-05-10T04:35:07","guid":{"rendered":"https:\/\/www.europesays.com\/fr\/88494\/"},"modified":"2025-05-10T04:35:07","modified_gmt":"2025-05-10T04:35:07","slug":"voici-quand-ils-doivent-arriver","status":"publish","type":"post","link":"https:\/\/www.europesays.com\/fr\/88494\/","title":{"rendered":"voici quand ils doivent arriver"},"content":{"rendered":"<p>            Par<br \/>\n        <strong><br \/>\n            <a href=\"https:\/\/actu.fr\/auteur\/anthony-soudani\" title=\"Consulter tous les articles de Anthony Soudani\" target=\"_blank\" rel=\"noopener\">Anthony Soudani<\/a><br \/>\n        <\/strong><\/p>\n<p>        Publi\u00e9 le<\/p>\n<p>            10 mai 2025 \u00e0 6h06        <\/p>\n<p>M\u00e9t\u00e9o France annonce un risque d\u2019averses <strong>localement orageuses<\/strong> \u00e0 <a href=\"https:\/\/actu.fr\/lyon\/\" target=\"_blank\" rel=\"noopener\">Lyon<\/a> et dans plusieurs communes du Rh\u00f4ne. Les <a href=\"https:\/\/actu.fr\/auvergne-rhone-alpes\/lyon_69123\/meteo-a-lyon-un-changement-total-de-temps-avec-des-orages-ce-qui-nous-attend_62605572.html\" target=\"_blank\" rel=\"noopener\">orages<\/a> devraient commencer \u00e0 se faire entendre dans l\u2019apr\u00e8s-midi du dimanche 11 mai. Voici les derni\u00e8res pr\u00e9visions.\u00a0<\/p>\n<p>Des orages \u00e0 Lyon dimanche en fin d\u2019apr\u00e8s-midi<\/p>\n<p class=\" wall-content\">Apr\u00e8s une journ\u00e9e sous un grand soleil ce samedi, le temps devrait bien se g\u00e2ter \u00e0 partir de dimanche apr\u00e8s-midi. Des averses orageuses sont attendues sur une grande partie du d\u00e9partement. Lyon devrait \u00eatre notamment touch\u00e9e en fin d\u2019apr\u00e8s-midi et en soir\u00e9e.\u00a0<\/p>\n<p class=\" wall-content\">Dans le nord du <a href=\"https:\/\/actu.fr\/auvergne-rhone-alpes\/rhone_69\" target=\"_blank\" rel=\"noopener\">Rh\u00f4ne<\/a>, des orages d\u2019une plus forte intensit\u00e9 sont possibles, toujours selon <a href=\"https:\/\/meteofrance.com\/previsions-meteo-france\/lyon\/69000\" target=\"_blank\" rel=\"noopener\">M\u00e9t\u00e9o France<\/a>. C\u2019est le cas \u00e0 Chaufailles, Trades ou encore Thizy.\u00a0<\/p>\n<p>Des rafales \u00e0 40 km\/h<\/p>\n<p class=\" wall-content\">Des rafales \u00e0 40 km\/h devraient toucher le d\u00e9partement. <strong>Les averses orageuses se poursuivront jusque dans la soir\u00e9e<\/strong> dans la plupart des secteurs du Rh\u00f4ne. Seul le sud devrait \u00eatre \u00e9pargn\u00e9 par ces orages, particuli\u00e8rement les communes limitrophes de Vienne (Is\u00e8re).\u00a0<\/p>\n<p class=\" wall-content\">Le mauvais temps devrait durer tout le d\u00e9but de semaine prochaine. Il devrait pleuvoir lundi, mardi, voire mercredi (averses), sur la quasi-totalit\u00e9 du d\u00e9partement. Le retour du beau temps n\u2019est pas pr\u00e9vu avant jeudi 15 mai.<\/p>\n<p>Vid\u00e9os : en ce moment sur Actu<\/p>\n<p class=\" wall-content\">Suivez toute l\u2019actualit\u00e9 de vos villes et m\u00e9dias favoris en vous inscrivant \u00e0 <a href=\"https:\/\/moncompte.actu.fr\" title=\"D\u00e9couvez Mon Actu\" rel=\"nofollow noopener\" data-trk=\"{&quot;cta&quot;:{&quot;action&quot;:&quot;https:\\\/\\\/moncompte.actu.fr&quot;,&quot;category&quot;:&quot;mon compte&quot;,&quot;from&quot;:&quot;article footer&quot;,&quot;name&quot;:&quot;Mon actu&quot;,&quot;type&quot;:&quot;cta&quot;}}\" target=\"_blank\">Mon Actu<\/a>.<\/p>\n","protected":false},"excerpt":{"rendered":"Par Anthony Soudani Publi\u00e9 le 10 mai 2025 \u00e0 6h06 M\u00e9t\u00e9o France annonce un risque d\u2019averses localement orageuses&hellip;\n","protected":false},"author":2,"featured_media":88495,"comment_status":"","ping_status":"","sticky":false,"template":"","format":"standard","meta":{"footnotes":""},"categories":[1889],"tags":[1111,11,2430,1777,674,1011,27,2428,2487,2357,12,4594,25],"class_list":{"0":"post-88494","1":"post","2":"type-post","3":"status-publish","4":"format-standard","5":"has-post-thumbnail","7":"category-lyon","8":"tag-actu","9":"tag-actualites","10":"tag-auvergne-rhone-alpes","11":"tag-eu","12":"tag-europe","13":"tag-fr","14":"tag-france","15":"tag-lyon","16":"tag-meteo","17":"tag-meteo-france","18":"tag-news","19":"tag-orages","20":"tag-republique-francaise"},"share_on_mastodon":{"url":"https:\/\/pubeurope.com\/@fr\/114481681068072951","error":""},"_links":{"self":[{"href":"https:\/\/www.europesays.com\/fr\/wp-json\/wp\/v2\/posts\/88494","targetHints":{"allow":["GET"]}}],"collection":[{"href":"https:\/\/www.europesays.com\/fr\/wp-json\/wp\/v2\/posts"}],"about":[{"href":"https:\/\/www.europesays.com\/fr\/wp-json\/wp\/v2\/types\/post"}],"author":[{"embeddable":true,"href":"https:\/\/www.europesays.com\/fr\/wp-json\/wp\/v2\/users\/2"}],"replies":[{"embeddable":true,"href":"https:\/\/www.europesays.com\/fr\/wp-json\/wp\/v2\/comments?post=88494"}],"version-history":[{"count":0,"href":"https:\/\/www.europesays.com\/fr\/wp-json\/wp\/v2\/posts\/88494\/revisions"}],"wp:featuredmedia":[{"embeddable":true,"href":"https:\/\/www.europesays.com\/fr\/wp-json\/wp\/v2\/media\/88495"}],"wp:attachment":[{"href":"https:\/\/www.europesays.com\/fr\/wp-json\/wp\/v2\/media?parent=88494"}],"wp:term":[{"taxonomy":"category","embeddable":true,"href":"https:\/\/www.europesays.com\/fr\/wp-json\/wp\/v2\/categories?post=88494"},{"taxonomy":"post_tag","embeddable":true,"href":"https:\/\/www.europesays.com\/fr\/wp-json\/wp\/v2\/tags?post=88494"}],"curies":[{"name":"wp","href":"https:\/\/api.w.org\/{rel}","templated":true}]}}