{"id":88496,"date":"2025-05-10T04:37:08","date_gmt":"2025-05-10T04:37:08","guid":{"rendered":"https:\/\/www.europesays.com\/fr\/88496\/"},"modified":"2025-05-10T04:37:08","modified_gmt":"2025-05-10T04:37:08","slug":"a-quelle-meteo-faut-il-sattendre-a-paris-et-en-ile-de-france","status":"publish","type":"post","link":"https:\/\/www.europesays.com\/fr\/88496\/","title":{"rendered":"\u00e0 quelle m\u00e9t\u00e9o faut-il s&rsquo;attendre \u00e0 Paris et en \u00cele-de-France\u00a0?"},"content":{"rendered":"<p>            Par<br \/>\n        <strong><br \/>\n            <a href=\"https:\/\/actu.fr\/auteur\/redaction-paris\" title=\"Consulter tous les articles de R\u00e9daction Paris\" target=\"_blank\" rel=\"noopener\">R\u00e9daction Paris<\/a><br \/>\n        <\/strong><\/p>\n<p>        Publi\u00e9 le<\/p>\n<p>            10 mai 2025 \u00e0 6h04        <\/p>\n<p>Une semaine apr\u00e8s une premi\u00e8re salve d\u2019<a href=\"https:\/\/actu.fr\/tag\/orages\" target=\"_blank\" rel=\"noopener\">orages<\/a> ayant touch\u00e9 Paris et l\u2019\u00cele-de-France, la r\u00e9gion va-t-elle \u00e0 nouveau en \u00eatre victime ? <a href=\"https:\/\/actu.fr\/tag\/meteo-france\" target=\"_blank\" rel=\"noopener\">M\u00e9t\u00e9o-France<\/a> annonce sur son site un temps orageux samedi 10 et dimanche 11 mai dans plusieurs r\u00e9gions. Voici les pr\u00e9visions <a href=\"https:\/\/actu.fr\/paris\/meteo\" target=\"_blank\" rel=\"noopener\">m\u00e9t\u00e9o<\/a> en \u00cele-de-France.\u00a0<\/p>\n<p>Les pr\u00e9visions m\u00e9t\u00e9o du week-end \u00e0 Paris et en \u00cele-de-France<\/p>\n<p class=\" wall-content\">Samedi matin, c\u2019est un beau temps ensoleill\u00e9 qui attend les Franciliens. Une m\u00e9t\u00e9o agr\u00e9able qui va perdurer toute la journ\u00e9e alors m\u00eame que des orages sont attendus d\u00e8s samedi soir dans le Sud-Ouest avant de progresser vers la moiti\u00e9 ouest du pays. Selon M\u00e9t\u00e9o-France, de la gr\u00eale pourrait tomber et le vent souffler jusqu\u2019\u00e0 90 km\/h en rafales sous orages : \u00ab\u00a0au terme de la journ\u00e9e, localement, pr\u00e8s de 40 mm de pluie peuvent \u00eatre accumul\u00e9s entre le Pays basque et le Bordelais, soit l\u2019\u00e9quivalent d\u2019environ deux semaines de pluie en cette saison\u00a0\u00bb.<\/p>\n<p class=\" wall-content\">\n<p class=\" wall-content\">Dimanche va d\u00e9buter en \u00cele-de-France avec de belles \u00e9claircies mais le temps pourrait ensuite devenir nuageux \u00e0 tr\u00e8s nuageux avec des averses localement orageuses d\u00e8s la fin d\u2019apr\u00e8s-midi. Les pr\u00e9cipitations devraient cependant \u00eatre limit\u00e9es puisque M\u00e9t\u00e9o-France n\u2019annonce pour le moment qu\u2019un millim\u00e8tre de pluie dans la capitale.\u00a0<\/p>\n<p class=\" wall-content\">Rien de comparable avec ce qui est pr\u00e9vu ailleurs. Des cumuls de 30 \u00e0 40 mm sont possibles en plaine entre le midi-toulousain et l\u2019Auvergne. Dans l\u2019arri\u00e8re-pays languedocien, les valeurs peuvent atteindre 50 \u00e0 70 mm.<\/p>\n<p class=\" wall-content\">Quant aux temp\u00e9ratures, elles seront relativement agr\u00e9ables ce week-end, avec 24\u00b0C atteints dimanche \u00e0 Paris.\u00a0<\/p>\n<p>Vid\u00e9os : en ce moment sur Actu<\/p>\n<p class=\" wall-content\">La semaine ne devrait pas commencer de la meilleure des mani\u00e8res puisque des petites pluies sont attendues toute la journ\u00e9e. Les temp\u00e9ratures op\u00e9reront un l\u00e9ger recul puisque l\u2019on attend 20\u00b0C dans la capitale. Des temp\u00e9ratures en phase avec les niveaux attendus \u00e0 cette \u00e9poque de l\u2019ann\u00e9e.\u00a0<\/p>\n<p class=\" wall-content\">Suivez toute l\u2019actualit\u00e9 de vos villes et m\u00e9dias favoris en vous inscrivant \u00e0 <a href=\"https:\/\/moncompte.actu.fr\" title=\"D\u00e9couvez Mon Actu\" rel=\"nofollow noopener\" data-trk=\"{&quot;cta&quot;:{&quot;action&quot;:&quot;https:\\\/\\\/moncompte.actu.fr&quot;,&quot;category&quot;:&quot;mon compte&quot;,&quot;from&quot;:&quot;article footer&quot;,&quot;name&quot;:&quot;Mon actu&quot;,&quot;type&quot;:&quot;cta&quot;}}\" target=\"_blank\">Mon Actu<\/a>.<\/p>\n","protected":false},"excerpt":{"rendered":"Par R\u00e9daction Paris Publi\u00e9 le 10 mai 2025 \u00e0 6h04 Une semaine apr\u00e8s une premi\u00e8re salve d\u2019orages ayant&hellip;\n","protected":false},"author":2,"featured_media":88497,"comment_status":"","ping_status":"","sticky":false,"template":"","format":"standard","meta":{"footnotes":""},"categories":[1592],"tags":[1111,11,1777,674,1011,27,662,2487,2357,12,4594,626,25],"class_list":{"0":"post-88496","1":"post","2":"type-post","3":"status-publish","4":"format-standard","5":"has-post-thumbnail","7":"category-ile-de-france","8":"tag-actu","9":"tag-actualites","10":"tag-eu","11":"tag-europe","12":"tag-fr","13":"tag-france","14":"tag-ile-de-france","15":"tag-meteo","16":"tag-meteo-france","17":"tag-news","18":"tag-orages","19":"tag-paris","20":"tag-republique-francaise"},"share_on_mastodon":{"url":"https:\/\/pubeurope.com\/@fr\/114481688983023675","error":""},"_links":{"self":[{"href":"https:\/\/www.europesays.com\/fr\/wp-json\/wp\/v2\/posts\/88496","targetHints":{"allow":["GET"]}}],"collection":[{"href":"https:\/\/www.europesays.com\/fr\/wp-json\/wp\/v2\/posts"}],"about":[{"href":"https:\/\/www.europesays.com\/fr\/wp-json\/wp\/v2\/types\/post"}],"author":[{"embeddable":true,"href":"https:\/\/www.europesays.com\/fr\/wp-json\/wp\/v2\/users\/2"}],"replies":[{"embeddable":true,"href":"https:\/\/www.europesays.com\/fr\/wp-json\/wp\/v2\/comments?post=88496"}],"version-history":[{"count":0,"href":"https:\/\/www.europesays.com\/fr\/wp-json\/wp\/v2\/posts\/88496\/revisions"}],"wp:featuredmedia":[{"embeddable":true,"href":"https:\/\/www.europesays.com\/fr\/wp-json\/wp\/v2\/media\/88497"}],"wp:attachment":[{"href":"https:\/\/www.europesays.com\/fr\/wp-json\/wp\/v2\/media?parent=88496"}],"wp:term":[{"taxonomy":"category","embeddable":true,"href":"https:\/\/www.europesays.com\/fr\/wp-json\/wp\/v2\/categories?post=88496"},{"taxonomy":"post_tag","embeddable":true,"href":"https:\/\/www.europesays.com\/fr\/wp-json\/wp\/v2\/tags?post=88496"}],"curies":[{"name":"wp","href":"https:\/\/api.w.org\/{rel}","templated":true}]}}