{"id":88500,"date":"2025-05-10T04:39:09","date_gmt":"2025-05-10T04:39:09","guid":{"rendered":"https:\/\/www.europesays.com\/fr\/88500\/"},"modified":"2025-05-10T04:39:09","modified_gmt":"2025-05-10T04:39:09","slug":"un-suspect-en-detention-provisoire-pour-le-meurtre-dun-homme-qui-sopposait-a-un-vol-de-velo","status":"publish","type":"post","link":"https:\/\/www.europesays.com\/fr\/88500\/","title":{"rendered":"un suspect en d\u00e9tention provisoire pour le meurtre d&rsquo;un homme qui s&rsquo;opposait \u00e0 un vol de v\u00e9lo"},"content":{"rendered":"<p class=\"fig-paragraph\">Un homme n\u00e9 en juillet 1996 en\u00a0<a href=\"http:\/\/www.lefigaro.fr\/flash-actu\/seine-saint-denis-28-ans-de-prison-ferme-pour-l-assassinat-d-un-ado-dans-un-centre-de-loisirs-20250509\" data-fig-type=\"NewsFlash\" data-gtm-custom-categorie=\"navigation\" data-gtm-custom-action=\"crossclick\" data-gtm-custom-label=\"Contextuel\" data-gtm-event=\"customEventSPE\" data-fig-domain=\"LEFIGARO\" target=\"_blank\" rel=\"noopener\">Seine-Saint-Denis<\/a>\u00a0a \u00e9t\u00e9 mis en examen et \u00e9crou\u00e9 \u00e0\u00a0<a href=\"http:\/\/www.lefigaro.fr\/faits-divers\/paris-un-homme-frappe-au-ventre-une-agente-de-la-ratp-et-en-agresse-violemment-une-seconde-20250509\" data-fig-type=\"NewsFlash\" data-gtm-custom-categorie=\"navigation\" data-gtm-custom-action=\"crossclick\" data-gtm-custom-label=\"Contextuel\" data-gtm-event=\"customEventSPE\" data-fig-domain=\"LEFIGARO\" target=\"_blank\" rel=\"noopener\">Paris<\/a>, suspect\u00e9 d&rsquo;avoir tu\u00e9 dans la nuit de mardi \u00e0 mercredi un autre homme, possiblement parce que ce dernier s&rsquo;opposait \u00e0 un vol de v\u00e9lo, a indiqu\u00e9 le parquet de Paris. \u00abIl y a eu ouverture d&rsquo;information judiciaire ce jour avec placement en d\u00e9tention provisoire du mis en cause\u00bb, a pr\u00e9cis\u00e9 le minist\u00e8re public.<\/p>\n<p class=\"fig-paragraph\">\u00abDes t\u00e9moins ont indiqu\u00e9 que les faits se seraient produits alors que la victime et des tiers se seraient lanc\u00e9s \u00e0 la poursuite du mis en cause \u00e0 la suite d&rsquo;un vol de v\u00e9lo. L&rsquo;information judiciaire permettra de le v\u00e9rifier\u00bb, a ajout\u00e9 le parquet. Elle servira aussi \u00e0 \u00ablancer des investigations fines sur la personnalit\u00e9 de ce dernier, des troubles psychologiques ayant \u00e9t\u00e9 \u00e9voqu\u00e9s dans le cadre de l&rsquo;enqu\u00eate de flagrance, tant par un t\u00e9moin pr\u00e9sent sur place que par la famille de l&rsquo;auteur\u00bb, a encore soulign\u00e9 le parquet.<\/p>\n<p>\u00abCoup de couteau\u00bb<\/p>\n<p class=\"fig-paragraph\">Dans une premi\u00e8re r\u00e9ponse mercredi, cette source avait indiqu\u00e9 avoir ouvert une enqu\u00eate pour meurtre, confi\u00e9e au 2\u00e8me district de police judiciaire (2e DPJ). Mardi soir, \u00abpeu avant minuit, un \u00e9quipage du commissariat de Pantin en contr\u00f4le \u00e0 la porte de Pantin, a \u00e9t\u00e9 averti par un conducteur que des passants poursuivaient un homme soup\u00e7onn\u00e9 d&rsquo;avoir port\u00e9 un coup de couteau \u00e0 un autre\u00bb, avait-il soulign\u00e9.<\/p>\n<p class=\"fig-paragraph\">\u00abLa victime, n\u00e9e en juillet 2003, s&rsquo;est approch\u00e9e \u00e0 son tour des effectifs de police en se tenant le cou, avant de s&rsquo;effondrer. Les pompiers n&rsquo;ont pu que constater son d\u00e9c\u00e8s. Elle pr\u00e9sentait une plaie unique et importante\u00bb, avait encore relat\u00e9 le parquet. Sollicit\u00e9, l&rsquo;avocat du mis en cause n&rsquo;a pas comment\u00e9.<\/p>\n","protected":false},"excerpt":{"rendered":"Un homme n\u00e9 en juillet 1996 en\u00a0Seine-Saint-Denis\u00a0a \u00e9t\u00e9 mis en examen et \u00e9crou\u00e9 \u00e0\u00a0Paris, suspect\u00e9 d&rsquo;avoir tu\u00e9 dans&hellip;\n","protected":false},"author":2,"featured_media":88501,"comment_status":"","ping_status":"","sticky":false,"template":"","format":"standard","meta":{"footnotes":""},"categories":[1888],"tags":[1111,1928,47,11,1927,1109,1112,1777,674,118,1108,107,1106,1107,1011,27,1110,1114,14,12,1926,1113,626,1925,316,25,1175],"class_list":{"0":"post-88500","1":"post","2":"type-post","3":"status-publish","4":"format-standard","5":"has-post-thumbnail","7":"category-paris","8":"tag-actu","9":"tag-actu-paris","10":"tag-actualite","11":"tag-actualites","12":"tag-actualites-paris","13":"tag-breves","14":"tag-depeches","15":"tag-eu","16":"tag-europe","17":"tag-faits-divers","18":"tag-fil","19":"tag-fil-info","20":"tag-flash","21":"tag-flash-actu","22":"tag-fr","23":"tag-france","24":"tag-informations","25":"tag-infos","26":"tag-international","27":"tag-news","28":"tag-news-paris","29":"tag-nouvelles","30":"tag-paris","31":"tag-paris-news","32":"tag-politique","33":"tag-republique-francaise","34":"tag-vol"},"share_on_mastodon":{"url":"https:\/\/pubeurope.com\/@fr\/114481696854286908","error":""},"_links":{"self":[{"href":"https:\/\/www.europesays.com\/fr\/wp-json\/wp\/v2\/posts\/88500","targetHints":{"allow":["GET"]}}],"collection":[{"href":"https:\/\/www.europesays.com\/fr\/wp-json\/wp\/v2\/posts"}],"about":[{"href":"https:\/\/www.europesays.com\/fr\/wp-json\/wp\/v2\/types\/post"}],"author":[{"embeddable":true,"href":"https:\/\/www.europesays.com\/fr\/wp-json\/wp\/v2\/users\/2"}],"replies":[{"embeddable":true,"href":"https:\/\/www.europesays.com\/fr\/wp-json\/wp\/v2\/comments?post=88500"}],"version-history":[{"count":0,"href":"https:\/\/www.europesays.com\/fr\/wp-json\/wp\/v2\/posts\/88500\/revisions"}],"wp:featuredmedia":[{"embeddable":true,"href":"https:\/\/www.europesays.com\/fr\/wp-json\/wp\/v2\/media\/88501"}],"wp:attachment":[{"href":"https:\/\/www.europesays.com\/fr\/wp-json\/wp\/v2\/media?parent=88500"}],"wp:term":[{"taxonomy":"category","embeddable":true,"href":"https:\/\/www.europesays.com\/fr\/wp-json\/wp\/v2\/categories?post=88500"},{"taxonomy":"post_tag","embeddable":true,"href":"https:\/\/www.europesays.com\/fr\/wp-json\/wp\/v2\/tags?post=88500"}],"curies":[{"name":"wp","href":"https:\/\/api.w.org\/{rel}","templated":true}]}}