{"id":88502,"date":"2025-05-10T04:40:08","date_gmt":"2025-05-10T04:40:08","guid":{"rendered":"https:\/\/www.europesays.com\/fr\/88502\/"},"modified":"2025-05-10T04:40:08","modified_gmt":"2025-05-10T04:40:08","slug":"le-monstre-sacre-du-cinema-va-t-il-tomber","status":"publish","type":"post","link":"https:\/\/www.europesays.com\/fr\/88502\/","title":{"rendered":"le monstre sacr\u00e9 du cin\u00e9ma va-t-il tomber\u00a0?"},"content":{"rendered":"<p>            Par<br \/>\n        <strong><br \/>\n            <a href=\"https:\/\/actu.fr\/auteur\/thomas-martin\" title=\"Consulter tous les articles de Thomas Martin\" target=\"_blank\" rel=\"noopener\">Thomas Martin<\/a><br \/>\n        <\/strong><\/p>\n<p>        Publi\u00e9 le<\/p>\n<p>            10 mai 2025 \u00e0 6h20        <\/p>\n<p>Presque deux mois apr\u00e8s un proc\u00e8s intense et ultra-m\u00e9diatis\u00e9, le tribunal correctionnel de Paris rend mardi 13 mai 2025 son jugement \u00e0 l\u2019\u00e9gard de G\u00e9rard Depardieu, la plus grande figure du cin\u00e9ma fran\u00e7ais rattrap\u00e9e par #Metoo, accus\u00e9 d\u2019agressions sexuelles sur deux femmes lors du tournage du film \u00ab\u00a0Les Volets verts\u00a0\u00bb en 2021.<\/p>\n<p>18 mois de prison avec sursis requis contre G\u00e9rard Depardieu<\/p>\n<p class=\" wall-content\">Une seule des parties civiles, Am\u00e9lie, fera le d\u00e9placement pour entendre le d\u00e9lib\u00e9r\u00e9 prononc\u00e9 \u00e0 partir de 10H00. G\u00e9rard Depardieu, qui tourne actuellement <a href=\"https:\/\/actu.fr\/loisirs-culture\/10-jours-avant-son-jugement-gerard-depardieu-tourne-un-nouveau-film-realise-par-fanny-ardant_62590554.html\" target=\"_blank\" rel=\"noopener\">sous la direction de son amie Fanny Ardant<\/a> au Portugal, pourrait \u00eatre absent.<\/p>\n<p class=\" wall-content\">Fin mars, le parquet avait requis <a href=\"https:\/\/actu.fr\/ile-de-france\/paris_75056\/proces-de-gerard-depardieu-pour-agressions-sexuelles-18-mois-de-prison-avec-sursis-requis-contre-l-acteur_62430188.html\" target=\"_blank\" rel=\"noopener\">18 mois de prison avec sursis<\/a> contre l\u2019acteur, estimant que les agressions d\u00e9nonc\u00e9es par les deux femmes \u00e9taient bien \u00ab\u00a0intentionnelles\u00a0\u00bb.\u00a0<br \/>Le minist\u00e8re public a par ailleurs demand\u00e9 que G\u00e9rard Depardieu soit soumis \u00e0 une obligation de soins psychologiques, qu\u2019il soit d\u00e9clar\u00e9 in\u00e9ligible pour une p\u00e9riode de deux ans et inscrit au fichier des auteurs d\u2019infractions sexuelles.<\/p>\n<p class=\" wall-content\">Les plaignantes, d\u00e9coratrice et assistante r\u00e9alisatrice sur le film \u00ab\u00a0Les Volets verts\u00a0\u00bb de Jean Becker, accusent G\u00e9rard Depardieu de les avoir sexuellement agress\u00e9es sur le tournage en 2021.\u00a0<br \/>A la barre du tribunal, Am\u00e9lie, 54 ans, cheveux blonds mi-longs, avait racont\u00e9 avoir discut\u00e9 avec l\u2019acteur au sujet du d\u00e9cor du film, lui expliquant chercher des parasols sp\u00e9cifiques pour les sc\u00e8nes tourn\u00e9es dans le sud de la France.<\/p>\n<p class=\" wall-content\">Une conversation anodine jusqu\u2019\u00e0 ce que G\u00e9rard Depardieu, alors assis, ne \u00ab\u00a0referme ses jambes\u00a0\u00bb sur elle et lui attrape les hanches. \u00ab\u00a0Il me coince, il a beaucoup de force et il malaxe\u00a0\u00bb, avait poursuivi Am\u00e9lie, se rem\u00e9morant \u00ab\u00a0son gros visage\u00a0\u00bb, \u00ab\u00a0ses yeux rouges, tr\u00e8s excit\u00e9s\u00a0\u00bb et les propos salaces de l\u2019acteur : \u00ab\u00a0viens toucher mon gros parasol, je vais te le mettre dans la chatte!\u00a0\u00bb.<\/p>\n<p>Vid\u00e9os : en ce moment sur Actu\u00ab\u00a0Pas un frotteur\u00a0\u00bb\u00a0<\/p>\n<p class=\" wall-content\">\u00ab\u00a0Je conteste les faits !\u00a0\u00bb, avait vivement r\u00e9agi G\u00e9rard Depardieu. \u00ab\u00a0Il y a des vices que je ne connais pas\u00a0\u00bb, s\u2019\u00e9tait exclam\u00e9 l\u2019acteur de 76 ans, soutenu chaque jour dans la salle par sa fille Roxane, son ex-compagne Karine Silla et l\u2019acteur Vincent Perez.<\/p>\n<p class=\" wall-content\">\u00ab\u00a0Je ne vois pas pourquoi je m\u2019amuserais \u00e0 peloter une femme, des fesses, des seins, je ne suis pas un frotteur dans le m\u00e9tro\u00a0\u00bb, avait-il ajout\u00e9.<br \/>L\u2019interpr\u00e8te de Cyrano de Bergerac avait \u00e9galement ni\u00e9 toute agression envers la deuxi\u00e8me plaignante, assistante sur le film. \u00ab\u00a0Je l\u2019ai peut-\u00eatre fr\u00f4l\u00e9e avec le dos dans le couloir, mais je ne l\u2019ai pas touch\u00e9e\u00a0\u00bb, avait insist\u00e9 G\u00e9rard De<\/p>\n<p class=\" wall-content\">pardieu.<\/p>\n<p class=\" wall-content\">Sarah (pr\u00e9nom modifi\u00e9), 34 ans aujourd\u2019hui, avait racont\u00e9 avoir accompagn\u00e9 l\u2019acteur de la loge au plateau. \u00ab\u00a0Il faisait nuit et au bout de la rue, il a mis la main sur ma fesse, il l\u2019a pos\u00e9e tranquillement\u00a0\u00bb, avait-elle mim\u00e9 \u00e0 la barre, \u00e0 quelques m\u00e8tres de G\u00e9rard Depardieu.<br \/>La jeune femme racontait \u00e9galement deux autres agressions.<\/p>\n<p class=\" wall-content\">Devant le tribunal, G\u00e9rard Depardieu a \u00e9voqu\u00e9 son amour des femmes, son respect pour \u00ab\u00a0la f\u00e9minit\u00e9\u00a0\u00bb mais pas pour \u00ab\u00a0les femmes qui sont dans l\u2019hyst\u00e9rie\u00a0\u00bb.\u00a0<br \/>Sa fid\u00e8le amie du cin\u00e9ma, <a href=\"https:\/\/actu.fr\/ile-de-france\/paris_75056\/proces-de-gerard-depardieu-ce-qu-a-dit-fanny-ardant-au-tribunal-pour-defendre-son-ami-de-toujours_62424386.html\" target=\"_blank\" rel=\"noopener\">Fanny Ardant, \u00e9tait venue t\u00e9moigner en sa faveur<\/a>. \u00ab\u00a0Je n\u2019ai jamais assist\u00e9 \u00e0 un geste que j\u2019aurais trouv\u00e9 choquant\u00a0\u00bb avait-elle d\u00e9clar\u00e9, ajoutant avant de quitter la salle: \u00ab\u00a0Je sais qu\u2019on peut dire non \u00e0 G\u00e9rard\u00a0\u00bb.<\/p>\n<p>\u00ab\u00a0Apologie du sexisme\u00a0\u00bb\u00a0<\/p>\n<p class=\" wall-content\">Pendant ce proc\u00e8s tr\u00e8s m\u00e9diatique, suivi par la presse nationale et internationale, les avocates des parties civiles ont d\u00e9nonc\u00e9 une tension omnipr\u00e9sente et les m\u00e9thodes agressives de la d\u00e9fense de G\u00e9rard Depardieu.<\/p>\n<p class=\" wall-content\">\u00ab\u00a0Menteuses\u00a0\u00bb, \u00ab\u00a0v\u00e9nales\u00a0\u00bb, \u00ab\u00a0hyst\u00e9riques\u00a0\u00bb, avait lanc\u00e9 l\u2019avocat de l\u2019acteur J\u00e9r\u00e9mie Assous \u00e0 plusieurs reprises, en pointant du doigt Am\u00e9lie et Sarah. \u00ab\u00a0On a assist\u00e9 non pas \u00e0 une strat\u00e9gie de la d\u00e9fense\u00a0\u00bb, mais \u00ab\u00a0\u00e0 l\u2019apologie du sexisme\u00a0\u00bb, regrettait Me Claude Vincent, avocate de Sarah, dans sa plaidoirie.<\/p>\n<p class=\" wall-content\">Prenant le contre-pied du mouvement #Metoo, la d\u00e9fense de G\u00e9rard Depardieu a cherch\u00e9 \u00e0 faire de l\u2019acteur la victime d\u2019une chasse aux sorci\u00e8res f\u00e9ministe afin de \u00ab\u00a0faire tomber un monstre sacr\u00e9\u00a0\u00bb.<\/p>\n<p class=\" wall-content\">Ces derni\u00e8res ann\u00e9es, G\u00e9rard Depardieu a \u00e9t\u00e9 accus\u00e9 d\u2019agressions sexuelles par une vingtaine de femmes mais plusieurs proc\u00e9dures ont \u00e9t\u00e9 class\u00e9es pour cause de prescription des faits.<\/p>\n<p class=\" wall-content\">La com\u00e9dienne fran\u00e7aise Charlotte Arnould, pr\u00e9sente dans la salle lors du proc\u00e8s, a port\u00e9 plainte pour viol en 2018. Le parquet de Paris a requis un proc\u00e8s \u00e0 l\u2019encontre de l\u2019acteur.<\/p>\n<p class=\" wall-content\"><strong>Avec AFP<\/strong><\/p>\n<p class=\" wall-content\">Suivez toute l\u2019actualit\u00e9 de vos villes et m\u00e9dias favoris en vous inscrivant \u00e0 <a href=\"https:\/\/moncompte.actu.fr\" title=\"D\u00e9couvez Mon Actu\" rel=\"nofollow noopener\" data-trk=\"{&quot;cta&quot;:{&quot;action&quot;:&quot;https:\\\/\\\/moncompte.actu.fr&quot;,&quot;category&quot;:&quot;mon compte&quot;,&quot;from&quot;:&quot;article footer&quot;,&quot;name&quot;:&quot;Mon actu&quot;,&quot;type&quot;:&quot;cta&quot;}}\" target=\"_blank\">Mon Actu<\/a>.<\/p>\n","protected":false},"excerpt":{"rendered":"Par Thomas Martin Publi\u00e9 le 10 mai 2025 \u00e0 6h20 Presque deux mois apr\u00e8s un proc\u00e8s intense et&hellip;\n","protected":false},"author":2,"featured_media":88503,"comment_status":"","ping_status":"","sticky":false,"template":"","format":"standard","meta":{"footnotes":""},"categories":[1888],"tags":[11,1777,674,118,1011,27,303,12,626,25,4595,799],"class_list":{"0":"post-88502","1":"post","2":"type-post","3":"status-publish","4":"format-standard","5":"has-post-thumbnail","7":"category-paris","8":"tag-actualites","9":"tag-eu","10":"tag-europe","11":"tag-faits-divers","12":"tag-fr","13":"tag-france","14":"tag-justice","15":"tag-news","16":"tag-paris","17":"tag-republique-francaise","18":"tag-tribunal-de-paris","19":"tag-violences-sexuelles"},"share_on_mastodon":{"url":"https:\/\/pubeurope.com\/@fr\/114481700757850687","error":""},"_links":{"self":[{"href":"https:\/\/www.europesays.com\/fr\/wp-json\/wp\/v2\/posts\/88502","targetHints":{"allow":["GET"]}}],"collection":[{"href":"https:\/\/www.europesays.com\/fr\/wp-json\/wp\/v2\/posts"}],"about":[{"href":"https:\/\/www.europesays.com\/fr\/wp-json\/wp\/v2\/types\/post"}],"author":[{"embeddable":true,"href":"https:\/\/www.europesays.com\/fr\/wp-json\/wp\/v2\/users\/2"}],"replies":[{"embeddable":true,"href":"https:\/\/www.europesays.com\/fr\/wp-json\/wp\/v2\/comments?post=88502"}],"version-history":[{"count":0,"href":"https:\/\/www.europesays.com\/fr\/wp-json\/wp\/v2\/posts\/88502\/revisions"}],"wp:featuredmedia":[{"embeddable":true,"href":"https:\/\/www.europesays.com\/fr\/wp-json\/wp\/v2\/media\/88503"}],"wp:attachment":[{"href":"https:\/\/www.europesays.com\/fr\/wp-json\/wp\/v2\/media?parent=88502"}],"wp:term":[{"taxonomy":"category","embeddable":true,"href":"https:\/\/www.europesays.com\/fr\/wp-json\/wp\/v2\/categories?post=88502"},{"taxonomy":"post_tag","embeddable":true,"href":"https:\/\/www.europesays.com\/fr\/wp-json\/wp\/v2\/tags?post=88502"}],"curies":[{"name":"wp","href":"https:\/\/api.w.org\/{rel}","templated":true}]}}