{"id":885023,"date":"2026-04-22T08:56:29","date_gmt":"2026-04-22T08:56:29","guid":{"rendered":"https:\/\/www.europesays.com\/fr\/885023\/"},"modified":"2026-04-22T08:56:29","modified_gmt":"2026-04-22T08:56:29","slug":"comment-la-foire-de-paris-est-elle-devenue-le-plus-grand-laboratoire-didees-de-france","status":"publish","type":"post","link":"https:\/\/www.europesays.com\/fr\/885023\/","title":{"rendered":"Comment la Foire de Paris est-elle devenue le plus grand laboratoire d\u2019id\u00e9es de France ?"},"content":{"rendered":"<p class=\"mb-4 text-lg md:leading-8 break-words\">Au mois d\u2019avril, la porte de Versailles est un lieu o\u00f9 toutes les id\u00e9es semblent prendre vie, et o\u00f9 les inventions pratiques, ludiques ou s\u00e9curisantes sont mises \u00e0 l\u2019honneur. \u00c9v\u00e9nement majeur organis\u00e9 chaque ann\u00e9e au parc des expositions, la Foire de Paris donne aux visiteurs un avant-go\u00fbt de la vie de demain. Dans ses all\u00e9es, les nouveaut\u00e9s technologiques c\u00f4toient les produits vendus par les camelots. Mais si certains viennent y faire du shopping, beaucoup de curieux viennent c\u00e9l\u00e9brer l\u2019ing\u00e9niosit\u00e9, la d\u00e9couverte et l\u2019inventivit\u00e9. D\u2019ailleurs, le \u00ab\u00a0salon des inventions\u00a0\u00bb, comme il est parfois surnomm\u00e9, a vocation \u00e0 faire tester et \u00e0 partager avec le public ce qui pourrait am\u00e9liorer le quotidien.<\/p>\n<p>Pour quelles raisons la Foire de Paris est-elle parfois surnomm\u00e9e \u00ab\u00a0Salon des inventions\u00a0\u00bb ?<\/p>\n<p class=\"mb-4 text-lg md:leading-8 break-words\">D\u00e8s sa premi\u00e8re \u00e9dition en 1904, la Foire de Paris est pens\u00e9e pour pr\u00e9senter et faire d\u00e9couvrir des nouveaut\u00e9s au grand public. Cependant, les produits en question ne sont pas tous destin\u00e9s \u00e0 un usage domestique. Au fil des d\u00e9cennies, l\u2019offre s\u2019est diversifi\u00e9e, tout en gardant la nouveaut\u00e9 et l\u2019innovation comme principaux moteurs. Les exposants s\u00e9lectionn\u00e9s sont des cr\u00e9ateurs, des startups ou des entreprises. Et tous ont en commun de partager un savoir-faire, de promouvoir une id\u00e9e, et d\u2019\u00eatre potentiellement commercialis\u00e9s \u00e0 grande \u00e9chelle si le public est r\u00e9ceptif. D\u2019ailleurs, le concours des r\u00e9v\u00e9lations de l\u2019ann\u00e9e est un bon exemple de cet engouement, m\u00eame si la Foire de Paris est devenue un laboratoire \u00e0 id\u00e9es gr\u00e2ce \u00e0 un autre concours r\u00e9put\u00e9.<\/p>\n<p>Pourquoi le Concours L\u00e9pine est-il un \u00e9l\u00e9ment cl\u00e9 de l\u2019innovation \u00e0 la Foire de Paris ?<\/p>\n<p class=\"mb-4 text-lg md:leading-8 break-words\">Aujourd\u2019hui, la Foire de Paris est indissociable du concours L\u00e9pine. Cette \u00ab\u00a0comp\u00e9tition\u00a0\u00bb annuelle entre inventions est un rendez-vous tr\u00e8s attendu par les visiteurs. Lors de cette manifestation, ils d\u00e9couvrent en avant-premi\u00e8re <a href=\"https:\/\/fr.news.yahoo.com\/trois-inventions-concours-l%C3%A9pine-2024-100000144.html\" data-ylk=\"slk:des produits qui s\u2019inviteront par la suite dans leurs int\u00e9rieurs;elm:context_link;itc:0;sec:content-canvas;outcm:mb_qualified_link;_E:mb_qualified_link;ct:story;\" data-yga=\"{&quot;yLinkElement&quot;:&quot;context_link&quot;,&quot;yModuleName&quot;:&quot;content-canvas&quot;,&quot;yLinkText&quot;:&quot;des produits qui s\u2019inviteront par la suite dans leurs int\u00e9rieurs&quot;}\" class=\"link  yahoo-link\" rel=\"nofollow noopener\" target=\"_blank\">des produits qui s\u2019inviteront par la suite dans leurs int\u00e9rieurs<\/a>, comme ce fut le cas par le pass\u00e9 du s\u00e8che-cheveux individuel, <a href=\"https:\/\/www.caminteresse.fr\/culture\/qui-a-invente-le-fer-a-repasser-146151\/\" rel=\"nofollow noopener\" target=\"_blank\" data-ylk=\"slk:du fer \u00e0 repasser \u00e0 vapeur;elm:context_link;itc:0;sec:content-canvas\" data-yga=\"{&quot;yLinkElement&quot;:&quot;context_link&quot;,&quot;yModuleName&quot;:&quot;content-canvas&quot;,&quot;yLinkText&quot;:&quot;du fer \u00e0 repasser \u00e0 vapeur&quot;}\" class=\"link \">du fer \u00e0 repasser \u00e0 vapeur<\/a> ou de l\u2019aspirateur-balai. Pourtant, \u00e0 sa cr\u00e9ation en 1901, le concours n\u2019a pas vocation \u00e0 pr\u00e9senter des inventions, mais des jouets. Ce n\u2019est qu\u2019au gr\u00e9 des \u00e9ditions que le concours accueille d\u2019autres objets. Ce vivier d\u2019id\u00e9es et d\u2019inventions est officiellement rattach\u00e9 \u00e0 la Foire de Paris d\u00e8s 1929.<\/p>\n<p>Comment les visiteurs participent-ils sans le savoir \u00e0 ce laboratoire g\u00e9ant o\u00f9 naissent les id\u00e9es de demain ?<\/p>\n<p class=\"mb-4 text-lg md:leading-8 break-words\">Les nouveaut\u00e9s pr\u00e9sent\u00e9es par les cr\u00e9ateurs et les inventions r\u00e9compens\u00e9es par la m\u00e9daille L\u00e9pine ne sont pas les seuls points cl\u00e9s du plus grand salon d\u2019Europe. Le public de cette manifestation contribue \u00e9galement \u00e0 la recherche et \u00e0 la validation de ces id\u00e9es. \u00c0 la Foire de Paris, les visiteurs d\u00e9couvrent et peuvent tester les tendances de demain pour la maison. Que ce soit en s\u2019asseyant dans un fauteuil pliable ou en d\u00e9couvrant <a href=\"https:\/\/fr.news.yahoo.com\/attention-aliments-ne-doivent-jamais-093438995.html\" data-ylk=\"slk:les capacit\u00e9s de cuisson d\u2019un air fryer;elm:context_link;itc:0;sec:content-canvas;outcm:mb_qualified_link;_E:mb_qualified_link;ct:story;\" data-yga=\"{&quot;yLinkElement&quot;:&quot;context_link&quot;,&quot;yModuleName&quot;:&quot;content-canvas&quot;,&quot;yLinkText&quot;:&quot;les capacit\u00e9s de cuisson d\u2019un air fryer&quot;}\" class=\"link  yahoo-link\" rel=\"nofollow noopener\" target=\"_blank\">les capacit\u00e9s de cuisson d\u2019un air fryer<\/a>, chaque visiteur permet ainsi aux id\u00e9es d\u2019aujourd\u2019hui de devenir nos indispensables de demain.<\/p>\n<p class=\"mb-4 text-lg md:leading-8 break-words\"><a href=\"https:\/\/www.caminteresse.fr\/sciences\/comment-la-foire-de-paris-est-elle-devenue-le-plus-grand-laboratoire-didees-de-france-11204984\/\" rel=\"nofollow noopener\" target=\"_blank\" data-ylk=\"slk:Lire l&#039;article sur le site de \u00c7a M&#039;Int\u00e9resse;elm:context_link;itc:0;sec:content-canvas\" data-yga=\"{&quot;yLinkElement&quot;:&quot;context_link&quot;,&quot;yModuleName&quot;:&quot;content-canvas&quot;,&quot;yLinkText&quot;:&quot;Lire l&#039;article sur le site de \u00c7a M&#039;Int\u00e9resse&quot;}\" class=\"link \">Lire l&rsquo;article sur le site de \u00c7a M&rsquo;Int\u00e9resse<\/a><\/p>\n","protected":false},"excerpt":{"rendered":"Au mois d\u2019avril, la porte de Versailles est un lieu o\u00f9 toutes les id\u00e9es semblent prendre vie, et&hellip;\n","protected":false},"author":2,"featured_media":885024,"comment_status":"","ping_status":"","sticky":false,"template":"","format":"standard","meta":{"footnotes":"","_share_on_mastodon":"0"},"categories":[1888],"tags":[1111,1928,11,1927,1777,674,14927,1011,27,3246,12,1926,95061,626,1925,51724,25,95062],"class_list":["post-885023","post","type-post","status-publish","format-standard","has-post-thumbnail","category-paris","tag-actu","tag-actu-paris","tag-actualites","tag-actualites-paris","tag-eu","tag-europe","tag-foire-de-paris","tag-fr","tag-france","tag-idees","tag-news","tag-news-paris","tag-nouveautes-technologiques","tag-paris","tag-paris-news","tag-porte-de-versailles","tag-republique-francaise","tag-salon-des-inventions"],"share_on_mastodon":{"url":"https:\/\/pubeurope.com\/@fr\/116447529396677097","error":""},"_links":{"self":[{"href":"https:\/\/www.europesays.com\/fr\/wp-json\/wp\/v2\/posts\/885023","targetHints":{"allow":["GET"]}}],"collection":[{"href":"https:\/\/www.europesays.com\/fr\/wp-json\/wp\/v2\/posts"}],"about":[{"href":"https:\/\/www.europesays.com\/fr\/wp-json\/wp\/v2\/types\/post"}],"author":[{"embeddable":true,"href":"https:\/\/www.europesays.com\/fr\/wp-json\/wp\/v2\/users\/2"}],"replies":[{"embeddable":true,"href":"https:\/\/www.europesays.com\/fr\/wp-json\/wp\/v2\/comments?post=885023"}],"version-history":[{"count":0,"href":"https:\/\/www.europesays.com\/fr\/wp-json\/wp\/v2\/posts\/885023\/revisions"}],"wp:featuredmedia":[{"embeddable":true,"href":"https:\/\/www.europesays.com\/fr\/wp-json\/wp\/v2\/media\/885024"}],"wp:attachment":[{"href":"https:\/\/www.europesays.com\/fr\/wp-json\/wp\/v2\/media?parent=885023"}],"wp:term":[{"taxonomy":"category","embeddable":true,"href":"https:\/\/www.europesays.com\/fr\/wp-json\/wp\/v2\/categories?post=885023"},{"taxonomy":"post_tag","embeddable":true,"href":"https:\/\/www.europesays.com\/fr\/wp-json\/wp\/v2\/tags?post=885023"}],"curies":[{"name":"wp","href":"https:\/\/api.w.org\/{rel}","templated":true}]}}