{"id":88510,"date":"2025-05-10T04:44:13","date_gmt":"2025-05-10T04:44:13","guid":{"rendered":"https:\/\/www.europesays.com\/fr\/88510\/"},"modified":"2025-05-10T04:44:13","modified_gmt":"2025-05-10T04:44:13","slug":"la-suede-maitrise-son-sujet-les-usa-aussi","status":"publish","type":"post","link":"https:\/\/www.europesays.com\/fr\/88510\/","title":{"rendered":"La Su\u00e8de ma\u00eetrise son sujet, les USA aussi"},"content":{"rendered":"<p class=\"wysiwyg-h2\">En qu\u00eate d&rsquo;un sacre depuis 2018, la Su\u00e8de n&rsquo;a pas trembl\u00e9 pour son entr\u00e9e en lice dans le championnat du monde 2025. Le Tre Kronor a domin\u00e9 la Slovaquie 5-0 vendredi \u00e0 Stockholm dans le groupe B.<\/p>\n<p>Des buts inscrits en premi\u00e8re p\u00e9riode par Mikael Backlund, Leo Karlsson et Jonas Brodin &#8211; ce dernier tomb\u00e9 \u00e0 6 secondes de la premi\u00e8re sir\u00e8ne &#8211; ont permis \u00e0 la Su\u00e8de de se mettre rapidement \u00e0 l&rsquo;abri. La troupe de Sam Hallam jouera son deuxi\u00e8me match d\u00e8s samedi, face \u00e0 l&rsquo;Autriche.<\/p>\n<p>Adversaire de la Suisse samedi soir, le Danemark a connu la d\u00e9faite dans le m\u00eame temps devant son public \u00e0 Herning, dans la poule A. Les Danois ont \u00e9t\u00e9 nettement battus (5-0) par les Etats-Unis, pour qui l&rsquo;attaquant du Seattle Kraken Matthew Beniers a sign\u00e9 un doubl\u00e9.<\/p>\n<p> \/ATS<\/p>\n","protected":false},"excerpt":{"rendered":"En qu\u00eate d&rsquo;un sacre depuis 2018, la Su\u00e8de n&rsquo;a pas trembl\u00e9 pour son entr\u00e9e en lice dans le&hellip;\n","protected":false},"author":2,"featured_media":88511,"comment_status":"","ping_status":"","sticky":false,"template":"","format":"standard","meta":{"footnotes":""},"categories":[1589],"tags":[11,1829,1832,1836,1827,73,1866,1830,1831,1826,1844,1840,1839,1841,1838,12,1843,1828,1834,1825,1833,1822,1823,1824,1837,1864,1865,1863,308,1835,1842],"class_list":{"0":"post-88510","1":"post","2":"type-post","3":"status-publish","4":"format-standard","5":"has-post-thumbnail","7":"category-etats-unis","8":"tag-actualites","9":"tag-ajoie","10":"tag-animation","11":"tag-bienne","12":"tag-delemont","13":"tag-etats-unis","14":"tag-etats-unis-damerique","15":"tag-franches-montagnes","16":"tag-frequence","17":"tag-jura","18":"tag-jura-bernois","19":"tag-la-chaux-de-fonds","20":"tag-moutier","21":"tag-neuchatel","22":"tag-neuveville","23":"tag-news","24":"tag-payerne","25":"tag-porrentruy","26":"tag-publicite","27":"tag-radio","28":"tag-redaction","29":"tag-rfj","30":"tag-rjb","31":"tag-rtn","32":"tag-tavannes","33":"tag-united-states","34":"tag-united-states-of-america","35":"tag-us","36":"tag-usa","37":"tag-vallon-de-st-imier","38":"tag-yverdon"},"share_on_mastodon":{"url":"https:\/\/pubeurope.com\/@fr\/114481716562523434","error":""},"_links":{"self":[{"href":"https:\/\/www.europesays.com\/fr\/wp-json\/wp\/v2\/posts\/88510","targetHints":{"allow":["GET"]}}],"collection":[{"href":"https:\/\/www.europesays.com\/fr\/wp-json\/wp\/v2\/posts"}],"about":[{"href":"https:\/\/www.europesays.com\/fr\/wp-json\/wp\/v2\/types\/post"}],"author":[{"embeddable":true,"href":"https:\/\/www.europesays.com\/fr\/wp-json\/wp\/v2\/users\/2"}],"replies":[{"embeddable":true,"href":"https:\/\/www.europesays.com\/fr\/wp-json\/wp\/v2\/comments?post=88510"}],"version-history":[{"count":0,"href":"https:\/\/www.europesays.com\/fr\/wp-json\/wp\/v2\/posts\/88510\/revisions"}],"wp:featuredmedia":[{"embeddable":true,"href":"https:\/\/www.europesays.com\/fr\/wp-json\/wp\/v2\/media\/88511"}],"wp:attachment":[{"href":"https:\/\/www.europesays.com\/fr\/wp-json\/wp\/v2\/media?parent=88510"}],"wp:term":[{"taxonomy":"category","embeddable":true,"href":"https:\/\/www.europesays.com\/fr\/wp-json\/wp\/v2\/categories?post=88510"},{"taxonomy":"post_tag","embeddable":true,"href":"https:\/\/www.europesays.com\/fr\/wp-json\/wp\/v2\/tags?post=88510"}],"curies":[{"name":"wp","href":"https:\/\/api.w.org\/{rel}","templated":true}]}}