{"id":88517,"date":"2025-05-10T04:48:11","date_gmt":"2025-05-10T04:48:11","guid":{"rendered":"https:\/\/www.europesays.com\/fr\/88517\/"},"modified":"2025-05-10T04:48:11","modified_gmt":"2025-05-10T04:48:11","slug":"des-milliers-de-manifestants-pour-lue-et-contre-lextreme-droite-a-une-semaine-du-second-tour","status":"publish","type":"post","link":"https:\/\/www.europesays.com\/fr\/88517\/","title":{"rendered":"des milliers de manifestants pour l\u2019UE et contre l\u2019extr\u00eame droite, \u00e0 une semaine du second tour"},"content":{"rendered":"<p class=\"latino-300b text-grey-800\">\n<p>  Par\u00a0<br \/>\nLe Nouvel Obs avec AFP          <\/p>\n<p class=\"latino-300r text-grey-600\">\n      Publi\u00e9 le<\/p>\n<p>    9 mai 2025 \u00e0 21h57<\/p>\n<p>      <img fetchpriority=\"high\" decoding=\"async\" class=\"mx-auto\" src=\"data:image\/svg+xml,%3Csvg%20xmlns%3D%27http%3A%2F%2Fwww.w3.org%2F2000%2Fsvg%27%20fill%3D%22%23e4e4e4%22%20viewBox%3D%270%200%20510%20340%27%20width%3D%22510%22%20height%3D%22340%22%3E%3Cpath%20d%3D%27M0%200h510v340H0z%27%2F%3E%3C%2Fsvg%3E\"  loading=\"eager\" width=\"510\" height=\"340\" data-oncrawl-image-size=\"510x340\" alt=\"Des partisans du candidat proeurop\u00e9en \u00e0 la pr\u00e9sidentielle, \u00e0 Bucarest, en Roumanie, le 8\u00a0mai 2025.\"\/>      <\/p>\n<p class=\"latino-100m text-grey-600\">\n            Des partisans du candidat proeurop\u00e9en \u00e0 la pr\u00e9sidentielle, \u00e0 Bucarest, en Roumanie, le 8\u00a0mai 2025.\u00a0ALEX NICODIM \/ ANADOLU VIA AFP        <\/p>\n<p>    Lire\u00a0plus\u00a0tard  <\/p>\n<p><a aria-label=\"Nous suivre sur Google News\" href=\"https:\/\/news.google.com\/publications\/CAAqBwgKMJe4nQkw3dFs?hl=fr&amp;gl=FR&amp;ceid=FR%3Afr\" target=\"_blank\" data-piano=\"Page_Article,Sous_date_publi,Nous_suivre_sur_google_news,1er_clic,action\" class=\"btn btn--small btn--secondary\" rel=\"noopener\"><\/p>\n<p>      Google Actualit\u00e9s<br \/>\n  <\/a><\/p>\n<p>  Partager<\/p>\n<p>        Facebook<\/p>\n<p>        Bluesky<\/p>\n<p>        E-mail<\/p>\n<p>        Copier le lien<\/p>\n<p>      Envoyer<\/p>\n<p>    Temps de lecture\u00a0:\u00a01\u00a0min.<\/p>\n<p class=\"node__paragraphe antonia-750r text-grey-800 pb-20 pb-md-30\">\nDes dizaines de milliers de personnes ont d\u00e9fil\u00e9 ce vendredi 9\u00a0mai au soir \u00e0 Bucarest pour que <a href=\"https:\/\/www.nouvelobs.com\/monde\/20250505.OBS103579\/en-roumanie-demission-surprise-du-premier-ministre-apres-la-debacle-de-la-presidentielle.html\" target=\"_blank\" rel=\"noopener\">la Roumanie<\/a> reste fid\u00e8le \u00e0 sa \u00ab\u00a0boussole europ\u00e9enne\u00a0\u00bb, \u00e0 une semaine d\u2019un second tour de la pr\u00e9sidentielle qui pourrait voir la victoire de l\u2019extr\u00eame droite.<\/p>\n<p class=\"latino-500b text-grey-600 pb-15\">A lire aussi<\/p>\n<p><a href=\"https:\/\/www.nouvelobs.com\/monde\/20250503.OBS103485\/en-roumanie-ambiance-inquietante-avant-une-presidentielle-sous-influence.html\" data-article-key=\"20250503.OBS103485\" class=\"link--box flex-grow-1\" data-piano=\"Page_Article,Lire_aussi,,Lien1,navigation\" target=\"_blank\" rel=\"noopener\"><\/p>\n<p>                <img decoding=\"async\" src=\"data:image\/svg+xml,%3Csvg%20xmlns%3D%27http%3A%2F%2Fwww.w3.org%2F2000%2Fsvg%27%20fill%3D%22%23e4e4e4%22%20viewBox%3D%270%200%20120%2080%27%20width%3D%22120%22%20height%3D%2280%22%3E%3Cpath%20d%3D%27M0%200h120v80H0z%27%2F%3E%3C%2Fsvg%3E\"  width=\"120\" height=\"79\" loading=\"lazy\" alt=\"Sur la fa\u00e7ade du\u00a0local du Partidul Republican din Romania, des portraits de Donald Trump et du d\u00e9put\u00e9 Marian Cucsa avec le slogan \u00ab\u00a0Make Romania great again\u00a0!\u00a0\u00bb, inspir\u00e9 du MAGA am\u00e9ricain,&#10;le 9\u00a0avril.\"\/><\/p>\n<p class=\"latino-300r latino-lg-600m text-grey-800\">\n                      <strong class=\"latino-300b latino-lg-600m text-grey-500\">Reportage\u00a0<\/strong><br \/>\n                    En Roumanie, \u00ab\u00a0ambiance inqui\u00e9tante\u00a0\u00bb avant une pr\u00e9sidentielle sous influence        <\/p>\n<p><\/a><\/p>\n<p>    Lire\u00a0plus\u00a0tard  <\/p>\n<p class=\"node__paragraphe antonia-750r text-grey-800 pb-20 pb-md-30\">\n\u00ab\u00a0Il est impossible qu\u2019apr\u00e8s tout ce temps, nous, la g\u00e9n\u00e9ration qui a construit ce pays\u00a0\u00bb apr\u00e8s la chute du communisme en\u00a01989, et \u00ab\u00a0l\u2019a port\u00e9 vers l\u2019Europe, revenions en arri\u00e8re vers la Russie\u00a0\u00bb, t\u00e9moigne pour l\u2019AFP Ioana Nicolaie, \u00e9crivaine de 50\u00a0ans et \u00e9pouse de la c\u00e9l\u00e8bre plume Mircea Cartarescu.<\/p>\n<p class=\"node__paragraphe antonia-750r text-grey-800 pb-20 pb-md-30\">\nLe <a href=\"https:\/\/www.nouvelobs.com\/monde\/20250505.OBS103553\/qui-est-george-simion-arrive-largement-en-tete-du-premier-tour-de-l-election-presidentielle-en-roumanie.html\" target=\"_blank\" rel=\"noopener\">chef du parti nationaliste AUR George Simion<\/a>, favori du scrutin, fustige les \u00ab\u00a0absurdes politiques\u00a0\u00bb de Bruxelles et est oppos\u00e9 \u00e0 l\u2019aide \u00e0 l\u2019Ukraine, r\u00e9clamant \u00ab\u00a0une compensation\u00a0\u00bb financi\u00e8re \u00e0 ce pays pour le soutien apport\u00e9 jusqu\u2019\u00e0 pr\u00e9sent.<\/p>\n<p class=\"node__paragraphe antonia-750r text-grey-800 pb-20 pb-md-30\">\n\u00ab\u00a0Nous ne pouvons en aucun cas voter pour Simion. L\u2019Europe est notre maison\u00a0\u00bb, souffle Ioana Nicolae, appelant \u00e0 \u00ab\u00a0se mobiliser face \u00e0 cette situation dramatique\u00a0\u00bb. \u00ab\u00a0Tu ne votes pas, tu ne comptes pas\u00a0\u00bb, peut-on lire sur des pancartes, au milieu des drapeaux roumains et europ\u00e9ens.<\/p>\n<p>Le candidat centriste compte sur les abstentionnistes<\/p>\n<p class=\"node__paragraphe antonia-750r text-grey-800 pb-20 pb-md-30\">\nParmi les quelque 50\u00a0000 manifestants pr\u00e9sents selon les organisateurs, George Matei, un \u00e9tudiant de 23\u00a0ans, confie sa \u00ab\u00a0peur\u00a0\u00bb. \u00ab\u00a0Je veux rester ici, je n\u2019ai jamais imagin\u00e9 vivre dans un autre pays mais j\u2019ai beaucoup r\u00e9fl\u00e9chi cette semaine\u00a0\u00bb, dit-il. Des rassemblements ont \u00e9galement eu lieu dans d\u2019autres villes de Roumanie.<\/p>\n<p class=\"node__paragraphe antonia-750r text-grey-800 pb-20 pb-md-30\">\nArriv\u00e9 en t\u00eate du premier tour dimanche avec plus de 40\u00a0% des voix, le d\u00e9put\u00e9 d\u2019extr\u00eame droite de 38\u00a0ans, qui se r\u00eave en pr\u00e9sident trumpien, a largement devanc\u00e9 le maire centriste de Bucarest, Nicusor Dan (20,9\u00a0%).<\/p>\n<p class=\"latino-500b text-grey-600 pb-15\">A lire aussi<\/p>\n<p><a href=\"https:\/\/www.nouvelobs.com\/monde\/20250505.OBS103574\/la-roumanie-est-un-pays-avec-de-fortes-inegalites-ou-beaucoup-ont-le-sentiment-d-etre-des-laisses-pour-compte-des-victimes-du-systeme.html\" data-article-key=\"20250505.OBS103574\" class=\"link--box flex-grow-1\" data-piano=\"Page_Article,Lire_aussi,,Lien2,navigation\" target=\"_blank\" rel=\"noopener\"><\/p>\n<p>                <img decoding=\"async\" src=\"data:image\/svg+xml,%3Csvg%20xmlns%3D%27http%3A%2F%2Fwww.w3.org%2F2000%2Fsvg%27%20fill%3D%22%23e4e4e4%22%20viewBox%3D%270%200%20120%2080%27%20width%3D%22120%22%20height%3D%2280%22%3E%3Cpath%20d%3D%27M0%200h120v80H0z%27%2F%3E%3C%2Fsvg%3E\"  width=\"120\" height=\"80\" loading=\"lazy\" alt=\"Affiches de candidats \u00e0 l\u2019\u00e9lection pr\u00e9sidentielle roumaine, \u00e0 Bucarest,  le 9\u00a0avril 2025.\"\/><\/p>\n<p class=\"latino-300r latino-lg-600m text-grey-800\">\n                      <strong class=\"latino-300b latino-lg-600m text-grey-500\">Entretien\u00a0<\/strong><br \/>\n                    \u00ab\u00a0La Roumanie est un pays avec de fortes in\u00e9galit\u00e9s, o\u00f9 beaucoup ont le sentiment d\u2019\u00eatre des laiss\u00e9s-pour-compte, des victimes du \u201csyst\u00e8me\u201d\u00a0\u00bb        <\/p>\n<p><\/a><\/p>\n<p>    Lire\u00a0plus\u00a0tard  <\/p>\n<p class=\"node__paragraphe antonia-750r text-grey-800 pb-20 pb-md-30\">\nL\u2019\u00e9lu de 55\u00a0ans compte cependant sur les abstentionnistes pour rattraper son retard et remporter un duel pour l\u2019avenir europ\u00e9en de cet Etat de 19\u00a0millions d\u2019habitants, devenu un pilier de l\u2019Otan, et \u00ab\u00a0une paix juste\u00a0\u00bb dans l\u2019Ukraine voisine.<\/p>\n<p class=\"node__paragraphe antonia-750r text-grey-800 pb-20 pb-md-30\">\n\u00ab\u00a0Il y a cinq millions d\u2019\u00e9lecteurs isolationnistes pour lesquels j\u2019ai le plus grand respect mais qui ont \u00e9t\u00e9 dup\u00e9s. Et nous devons \u00eatre plus nombreux qu\u2019eux\u00a0\u00bb, a-t-il lanc\u00e9 ce vendredi.<\/p>\n<p class=\"latino-600m text-grey-800\">\n<p>  Par\u00a0<br \/>\nLe Nouvel Obs avec AFP    <\/p>\n","protected":false},"excerpt":{"rendered":"Par\u00a0 Le Nouvel Obs avec AFP Publi\u00e9 le 9 mai 2025 \u00e0 21h57 Des partisans du candidat proeurop\u00e9en&hellip;\n","protected":false},"author":2,"featured_media":88518,"comment_status":"","ping_status":"","sticky":false,"template":"","format":"standard","meta":{"footnotes":""},"categories":[1586],"tags":[17,11,1777,674,1779,5434,1011,27,10239,16755,74,12,3766,25,4868,5572,1778,364],"class_list":{"0":"post-88517","1":"post","2":"type-post","3":"status-publish","4":"format-standard","5":"has-post-thumbnail","7":"category-europe","8":"tag-17","9":"tag-actualites","10":"tag-eu","11":"tag-europe","12":"tag-european-union","13":"tag-extreme","14":"tag-fr","15":"tag-france","16":"tag-manifestants","17":"tag-milliers","18":"tag-monde","19":"tag-news","20":"tag-presidentielle","21":"tag-republique-francaise","22":"tag-roumanie","23":"tag-semaine","24":"tag-ue","25":"tag-union-europeenne"},"share_on_mastodon":{"url":"https:\/\/pubeurope.com\/@fr\/114481732273393695","error":""},"_links":{"self":[{"href":"https:\/\/www.europesays.com\/fr\/wp-json\/wp\/v2\/posts\/88517","targetHints":{"allow":["GET"]}}],"collection":[{"href":"https:\/\/www.europesays.com\/fr\/wp-json\/wp\/v2\/posts"}],"about":[{"href":"https:\/\/www.europesays.com\/fr\/wp-json\/wp\/v2\/types\/post"}],"author":[{"embeddable":true,"href":"https:\/\/www.europesays.com\/fr\/wp-json\/wp\/v2\/users\/2"}],"replies":[{"embeddable":true,"href":"https:\/\/www.europesays.com\/fr\/wp-json\/wp\/v2\/comments?post=88517"}],"version-history":[{"count":0,"href":"https:\/\/www.europesays.com\/fr\/wp-json\/wp\/v2\/posts\/88517\/revisions"}],"wp:featuredmedia":[{"embeddable":true,"href":"https:\/\/www.europesays.com\/fr\/wp-json\/wp\/v2\/media\/88518"}],"wp:attachment":[{"href":"https:\/\/www.europesays.com\/fr\/wp-json\/wp\/v2\/media?parent=88517"}],"wp:term":[{"taxonomy":"category","embeddable":true,"href":"https:\/\/www.europesays.com\/fr\/wp-json\/wp\/v2\/categories?post=88517"},{"taxonomy":"post_tag","embeddable":true,"href":"https:\/\/www.europesays.com\/fr\/wp-json\/wp\/v2\/tags?post=88517"}],"curies":[{"name":"wp","href":"https:\/\/api.w.org\/{rel}","templated":true}]}}