{"id":88523,"date":"2025-05-10T04:51:14","date_gmt":"2025-05-10T04:51:14","guid":{"rendered":"https:\/\/www.europesays.com\/fr\/88523\/"},"modified":"2025-05-10T04:51:14","modified_gmt":"2025-05-10T04:51:14","slug":"une-premiere-en-france-un-groupe-criminel-canadien-soupconne-davoir-importe-3-tonnes-dherbe-de-cannabis","status":"publish","type":"post","link":"https:\/\/www.europesays.com\/fr\/88523\/","title":{"rendered":"\u00ab\u00a0Une premi\u00e8re en France\u00a0\u00bb : un groupe criminel canadien soup\u00e7onn\u00e9 d&rsquo;avoir import\u00e9 3 tonnes d&rsquo;herbe de cannabis"},"content":{"rendered":"<p>Un vaste trafic de cannabis par fret a\u00e9rien, en provenance du Canada, a \u00e9t\u00e9 d\u00e9mantel\u00e9, d\u00e9but mai, par les forces de l&rsquo;ordre.Au total, 3 tonnes de drogue ont \u00e9t\u00e9 import\u00e9es.Au Canada, la culture du cannabis \u00e9tant l\u00e9gale, les trafiquants ont envoy\u00e9 leur cargaison \u00e0 Paris comme n&rsquo;importe quel autre produit.<\/p>\n<p data-module=\"article-paragraph\" class=\"jsx-362436225 Paragraph\">Une vaste op\u00e9ration contre le narcotrafic a eu lieu d\u00e9but mai en r\u00e9gion parisienne et au Qu\u00e9bec contre un groupe d&rsquo;individus canadiens soup\u00e7onn\u00e9s d&rsquo;avoir import\u00e9 en Europe trois tonnes d&rsquo;herbe de cannabis via le fret de l&rsquo;a\u00e9roport Roissy Charles-de-Gaulle, a annonc\u00e9, mercredi 7 mai, la gendarmerie fran\u00e7aise.\u00a0<\/p>\n<p data-module=\"article-paragraph\" class=\"jsx-362436225 Paragraph Paragraph__End\">Depuis janvier, policiers et gendarmes enqu\u00eataient sur un r\u00e9seau organis\u00e9 de trafiquants originaires ni d\u2019Europe, ni du Maghreb mais du Canada : \u00ab\u00a0Le cannabis vient en g\u00e9n\u00e9ral d\u2019Espagne, le cannabis provenant du Canada est une sorte de nouveaut\u00e9. Jamais une enqu\u00eate n\u2019a d\u00e9montr\u00e9 l\u2019existence d\u2019un r\u00e9seau organis\u00e9 au Canada, c\u2019est la premi\u00e8re fois sur le territoire national\u00a0\u00bb, s\u2019\u00e9tonne Dimitri Zoulas, contr\u00f4leur g\u00e9n\u00e9ral de police et chef de l\u2019office anti-stup\u00e9fiants (OFAST).\u00a0<\/p>\n<p>10 individus interpell\u00e9s<\/p>\n<p data-module=\"article-paragraph\" class=\"jsx-362436225 Paragraph\">Pourquoi un tel r\u00e9seau op\u00e8re-t-il depuis le Canada ? La production et la consommation de cannabis est l\u00e9gale depuis sept ans mais l\u2019offre est aujourd\u2019hui sup\u00e9rieure \u00e0 la demande. Les trafiquants cherchent donc de nouveaux d\u00e9bouch\u00e9s. Pour exporter de telles quantit\u00e9s vers la France, leur strat\u00e9gie \u00e9tait bien rod\u00e9e. Ils ont usurp\u00e9 l\u2019identit\u00e9 d\u2019une soci\u00e9t\u00e9 de linge de lit pour charger des avions de fret. Au milieu de cartons de draps et de housses de couette, d\u2019autres sont remplis de cannabis. \u00a0<\/p>\n<p data-module=\"article-paragraph\" class=\"jsx-362436225 Paragraph Paragraph__End\">Depuis octobre dernier, tous les 15 jours, un avion partait de l\u2019a\u00e9roport de Montr\u00e9al et atterrissait \u00e0 Roissy Charles-de-Gaulle. La marchandise \u00e9tait ensuite transport\u00e9e dans un entrep\u00f4t \u00e0 Argenteuil. Les autorit\u00e9s canadiennes et fran\u00e7aises ont interpell\u00e9 dix individus simultan\u00e9ment dont sept en France. \u00a0<\/p>\n<p>\u00ab\u00a0Il y a une forte demande en France\u00a0\u00bb<\/p>\n<p data-module=\"article-paragraph\" class=\"jsx-362436225 Paragraph Paragraph__End\">Pourquoi cibler le territoire fran\u00e7ais ? \u00ab\u00a0Il y a une forte demande en France pour de l\u2019herbe de cannabis qui r\u00e9pond \u00e0 des standards de qualit\u00e9. Le prix du produit est beaucoup plus cher et si le produit est beaucoup plus cher, la marge de l\u2019organisation criminelle, l\u2019aspect lucratif sera bien plus profitable pour une telle organisation\u00a0\u00bb, explique Jacque Croly, chef du p\u00f4le op\u00e9rationnel de l\u2019OFAST.\u00a0<\/p>\n<ul class=\"jsx-3657663356 ReadMoreArticle__List flex flex-column\">\n<li class=\"jsx-3657663356\"><a href=\"https:\/\/www.tf1info.fr\/justice-faits-divers\/video-trafic-de-drogue-fermes-de-cannabis-le-phenomene-qui-prend-de-l-ampleur-en-france-2364783.html\" rel=\"noopener\" class=\"jsx-4233824444 Link flex\" target=\"_blank\"><img decoding=\"async\" src=\"https:\/\/www.europesays.com\/fr\/wp-content\/uploads\/2025\/05\/ferme-cannabis-2-e99043-0@1x.jpeg\" alt=\"Immersion dans une ferme de cannabis. \" loading=\"lazy\" importance=\"low\" fetchpriority=\"low\" class=\"\"\/>\n<p class=\"jsx-3657663356 ReadMoreArticle__Title\">Lire aussi<\/p>\n<p class=\"jsx-3657663356\">Fermes de cannabis : le ph\u00e9nom\u00e8ne qui prend de l&rsquo;ampleur en France<\/p>\n<p><\/a><\/li>\n<\/ul>\n<p data-module=\"article-paragraph\" class=\"jsx-362436225 Paragraph Paragraph__End\">L\u2019ann\u00e9e derni\u00e8re, 101 tonnes de cannabis ont \u00e9t\u00e9 saisies sur le territoire fran\u00e7ais. Elle reste la drogue la plus r\u00e9pandue en France avec plus de 5 millions de consommateurs.<\/p>\n<p>Marianne LEROUX | Reportage TF1 : Amandine CREFF, Maurine BAJAC, Marine DERRE<\/p>\n","protected":false},"excerpt":{"rendered":"Un vaste trafic de cannabis par fret a\u00e9rien, en provenance du Canada, a \u00e9t\u00e9 d\u00e9mantel\u00e9, d\u00e9but mai, par&hellip;\n","protected":false},"author":2,"featured_media":88524,"comment_status":"","ping_status":"","sticky":false,"template":"","format":"standard","meta":{"footnotes":""},"categories":[4],"tags":[1111,11,1921,3675,1011,27,1922,2954,12,1072,25,887,133,2953],"class_list":{"0":"post-88523","1":"post","2":"type-post","3":"status-publish","4":"format-standard","5":"has-post-thumbnail","7":"category-france","8":"tag-actu","9":"tag-actualites","10":"tag-article-video","11":"tag-cannabis","12":"tag-fr","13":"tag-france","14":"tag-info","15":"tag-justice-et-faits-divers","16":"tag-news","17":"tag-police","18":"tag-republique-francaise","19":"tag-trafic-de-drogue","20":"tag-video","21":"tag-video-police"},"share_on_mastodon":{"url":"https:\/\/pubeurope.com\/@fr\/114481744115261314","error":""},"_links":{"self":[{"href":"https:\/\/www.europesays.com\/fr\/wp-json\/wp\/v2\/posts\/88523","targetHints":{"allow":["GET"]}}],"collection":[{"href":"https:\/\/www.europesays.com\/fr\/wp-json\/wp\/v2\/posts"}],"about":[{"href":"https:\/\/www.europesays.com\/fr\/wp-json\/wp\/v2\/types\/post"}],"author":[{"embeddable":true,"href":"https:\/\/www.europesays.com\/fr\/wp-json\/wp\/v2\/users\/2"}],"replies":[{"embeddable":true,"href":"https:\/\/www.europesays.com\/fr\/wp-json\/wp\/v2\/comments?post=88523"}],"version-history":[{"count":0,"href":"https:\/\/www.europesays.com\/fr\/wp-json\/wp\/v2\/posts\/88523\/revisions"}],"wp:featuredmedia":[{"embeddable":true,"href":"https:\/\/www.europesays.com\/fr\/wp-json\/wp\/v2\/media\/88524"}],"wp:attachment":[{"href":"https:\/\/www.europesays.com\/fr\/wp-json\/wp\/v2\/media?parent=88523"}],"wp:term":[{"taxonomy":"category","embeddable":true,"href":"https:\/\/www.europesays.com\/fr\/wp-json\/wp\/v2\/categories?post=88523"},{"taxonomy":"post_tag","embeddable":true,"href":"https:\/\/www.europesays.com\/fr\/wp-json\/wp\/v2\/tags?post=88523"}],"curies":[{"name":"wp","href":"https:\/\/api.w.org\/{rel}","templated":true}]}}