{"id":88531,"date":"2025-05-10T04:57:08","date_gmt":"2025-05-10T04:57:08","guid":{"rendered":"https:\/\/www.europesays.com\/fr\/88531\/"},"modified":"2025-05-10T04:57:08","modified_gmt":"2025-05-10T04:57:08","slug":"alpine-et-pramac-yahama-sublime-livree-anniversaire-sur-le-gp-de-france-motogp","status":"publish","type":"post","link":"https:\/\/www.europesays.com\/fr\/88531\/","title":{"rendered":"Alpine et Pramac Yahama, sublime livr\u00e9e anniversaire sur le GP de France MotoGP !"},"content":{"rendered":"<p>Partenaire principal de l\u2019\u00e9curie Prima Pramac Yamaha en MotoGP, la marque tricolore Alpine f\u00eate son 70\u00e8me anniversaire avec une livr\u00e9e sp\u00e9ciale, mise en avant sur le Grand-Prix de France. En effet, ce week-end au Mans, Miguel Oliveira et Jack Miller \u00e9volueront avec une moto red\u00e9cor\u00e9e sp\u00e9cialement pour l\u2019occasion.<\/p>\n<p>Alpine joue la fibre nationale, au GP de France de MotoGP<\/p>\n<p>Logiquement, le bleu, le blanc et le rouge pr\u00e9domineront sur cette livr\u00e9e anniversaire. Un hommage \u00e9galement r\u00e9percut\u00e9 sur l\u2019Alpine A424 \u00e9voluant dans le championnat du monde d\u2019Endurance (WEC), ce week-end, lors des 6h de Spa Francorchamps. Place aux r\u00e9actions de Paolo Campinoti, patron de l\u2019\u00e9curie de MotoGP mais aussi, d\u2019Antonio Labate, Directeur des ventes et du Marketing pour Alpine.<\/p>\n<blockquote class=\"twitter-tweet\">\n<p dir=\"ltr\" lang=\"en\">To celebrate its 70th anniversary, Alpine has designed a special tricolour livery for the <a href=\"https:\/\/twitter.com\/pramacracing?ref_src=twsrc%5Etfw\" target=\"_blank\" rel=\"noopener\">@pramacracing<\/a> at the French MotoGP!<a href=\"https:\/\/t.co\/JK6pD9wN7b\" target=\"_blank\">https:\/\/t.co\/JK6pD9wN7b<\/a> <a href=\"https:\/\/t.co\/flFDz9TfmJ\" target=\"_blank\">pic.twitter.com\/flFDz9TfmJ<\/a><\/p>\n<p>\u2014 Alpine Cars (@alpinecars) <a href=\"https:\/\/twitter.com\/alpinecars\/status\/1920871150617329948?ref_src=twsrc%5Etfw\" target=\"_blank\" rel=\"noopener\">May 9, 2025<\/a><\/p>\n<\/blockquote>\n<p>\u00ab\u00a0Le Mans repr\u00e9sente la quintessence de la comp\u00e9tition automobile fran\u00e7aise et occupe une place particuli\u00e8re dans l\u2019histoire d\u2019Alpine. \u00c0 l\u2019occasion du Grand Prix de France de MotoGP, nous avons voulu cr\u00e9er une livr\u00e9e unique qui fait le pont entre nos diff\u00e9rents engagements en sport automobile, tout en c\u00e9l\u00e9brant notre h\u00e9ritage, en d\u00e9voilant une livr\u00e9e unique. Pour les 70 ans de la marque, nous avons souhait\u00e9 que cette moto, comme nos voitures de course, exprime notre ADN fait d\u2019\u00e9l\u00e9gance, d\u2019audace et de performance \u00e0 la fran\u00e7aise.\u00a0\u00bb d\u00e9clare\u00a0<strong>Antonino Labate, Directeur des Ventes, du Marketing et de l\u2019Exp\u00e9rience client, Alpine<\/strong>.<\/p>\n<p>\u00ab Avoir l\u2019opportunit\u00e9 de courir au Mans avec la livr\u00e9e sp\u00e9ciale Alpine est un immense honneur pour nous tous chez Prima Pramac Yamaha. C\u2019est un circuit l\u00e9gendaire dans l\u2019histoire du sport automobile \u2013 o\u00f9 que vous alliez, vous pouvez sentir la course automobile soutenue par l\u2019une des foules les plus passionn\u00e9es de tout le championnat. Le simple fait d\u2019\u00eatre sur la grille de d\u00e9part de ce circuit est exceptionnel. Et le fait d\u2019\u00eatre associ\u00e9 \u00e0 une marque comme Alpine \u2013 qui a \u00e9crit des chapitres inoubliables dans l\u2019histoire du sport automobile et qui c\u00e9l\u00e8bre cette ann\u00e9e son 70e anniversaire \u2013 rend notre participation encore plus extraordinaire. \u00bb\u00a0d\u00e9clare\u00a0<strong>Paolo Campinoti, Team Principal, Prima Pramac Yamaha MotoGP<\/strong>.<\/p>\n<p>Article publi\u00e9 le 10\/05\/2025 \u00e0 5h48<\/p>\n<p>                                                            <script async src=\"https:\/\/platform.twitter.com\/widgets.js\" charset=\"utf-8\"><\/script><\/p>\n","protected":false},"excerpt":{"rendered":"Partenaire principal de l\u2019\u00e9curie Prima Pramac Yamaha en MotoGP, la marque tricolore Alpine f\u00eate son 70\u00e8me anniversaire avec&hellip;\n","protected":false},"author":2,"featured_media":88532,"comment_status":"","ping_status":"","sticky":false,"template":"","format":"standard","meta":{"footnotes":""},"categories":[1413],"tags":[2674,1011,27,1457,1456,1458,60],"class_list":{"0":"post-88531","1":"post","2":"type-post","3":"status-publish","4":"format-standard","5":"has-post-thumbnail","7":"category-moto","8":"tag-alpine","9":"tag-fr","10":"tag-france","11":"tag-moto","12":"tag-motocycle","13":"tag-motogp","14":"tag-sports"},"share_on_mastodon":{"url":"https:\/\/pubeurope.com\/@fr\/114481767625336850","error":""},"_links":{"self":[{"href":"https:\/\/www.europesays.com\/fr\/wp-json\/wp\/v2\/posts\/88531","targetHints":{"allow":["GET"]}}],"collection":[{"href":"https:\/\/www.europesays.com\/fr\/wp-json\/wp\/v2\/posts"}],"about":[{"href":"https:\/\/www.europesays.com\/fr\/wp-json\/wp\/v2\/types\/post"}],"author":[{"embeddable":true,"href":"https:\/\/www.europesays.com\/fr\/wp-json\/wp\/v2\/users\/2"}],"replies":[{"embeddable":true,"href":"https:\/\/www.europesays.com\/fr\/wp-json\/wp\/v2\/comments?post=88531"}],"version-history":[{"count":0,"href":"https:\/\/www.europesays.com\/fr\/wp-json\/wp\/v2\/posts\/88531\/revisions"}],"wp:featuredmedia":[{"embeddable":true,"href":"https:\/\/www.europesays.com\/fr\/wp-json\/wp\/v2\/media\/88532"}],"wp:attachment":[{"href":"https:\/\/www.europesays.com\/fr\/wp-json\/wp\/v2\/media?parent=88531"}],"wp:term":[{"taxonomy":"category","embeddable":true,"href":"https:\/\/www.europesays.com\/fr\/wp-json\/wp\/v2\/categories?post=88531"},{"taxonomy":"post_tag","embeddable":true,"href":"https:\/\/www.europesays.com\/fr\/wp-json\/wp\/v2\/tags?post=88531"}],"curies":[{"name":"wp","href":"https:\/\/api.w.org\/{rel}","templated":true}]}}