{"id":88539,"date":"2025-05-10T05:01:09","date_gmt":"2025-05-10T05:01:09","guid":{"rendered":"https:\/\/www.europesays.com\/fr\/88539\/"},"modified":"2025-05-10T05:01:09","modified_gmt":"2025-05-10T05:01:09","slug":"en-couple-avec-un-homme-violent-laurence-boccolini-se-livre-je-nai-pas-mis-les-limites-melty","status":"publish","type":"post","link":"https:\/\/www.europesays.com\/fr\/88539\/","title":{"rendered":"En couple avec un homme violent, Laurence Boccolini se livre : &quot;Je n&#039;ai pas mis les limites&quot; &#8211; Melty"},"content":{"rendered":"<ol>\n<li><a href=\"https:\/\/news.google.com\/rss\/articles\/CBMixgFBVV95cUxPUmxZLXIybjF3RmlaUFZkNExwQWh4T1ozTlE3RjJZOWpiMjg3eEVoUWU3ZXlJaVNWQ2FsYlVJcFB5OGI2T011bHR1TzhsQVp0WThQVEtDa2N6UmlJRXpIRVFkZGxXcHF4dk9sTXJCMXVlSnlxdU5iazBzcHBOcDRncmVhUmdpd3Jwdm1qWjJnX3hROHNtckZHOEVkUWE1ZHc5dklVOGtNcDh2ajg1XzgzcjRKYjF5bm9LbmhiY2E3YWE5U3lleWc?oc=5\" target=\"_blank\" rel=\"noopener\">En couple avec un homme violent, Laurence Boccolini se livre : \u00ab\u00a0Je n&rsquo;ai pas mis les limites\u00a0\u00bb<\/a>&nbsp;&nbsp;Melty<\/li>\n<li><a href=\"https:\/\/news.google.com\/rss\/articles\/CBMigwJBVV95cUxQYjVqclN2blFpTC1ILW0tenVLNVlpblg0WmtQYUtTWWl5TnpuRUtuS1R0YUZVWkVsSkFBX3BOSy1QamV3cnpmcThFc2xyNTViRWFjZy1VLUJiUXA4YXVpdTk5ZGxzYmFKLWpodTAwNnhOdjNIQ011VzhWUEZRTDZLdjJyeFU3bGtIV0VXYzFpdjY3Zmt5azFQMzNVM3NLTEo0NlZIU0VrbTRwNmdJYzVaWjZNX2djOE9Pc2s0ZEcxZTdORnpaYm9QSHladXlSV2tubG1MSFNHem50YVdSQ2pldUNhMzJFS19FWFRaQ0hjRjhPRGdHZjFoUnloc3RxVjVXbnBN?oc=5\" target=\"_blank\" rel=\"noopener\">\u00ab\u00a0Les m\u00e9decins m&rsquo;ont vigoureusement reproch\u00e9 de\u2026\u00a0\u00bb : Laurence Boccolini n&rsquo;a pas suivi les recommandations des professionnels et s&rsquo;explique<\/a>&nbsp;&nbsp;Purepeople<\/li>\n<li><a href=\"https:\/\/news.google.com\/rss\/articles\/CBMicEFVX3lxTFBDN2VHajNFMEFJaVNTOTdYREtkd0hSWTIxa1BqQjFPNC1ZXzV5Y2lnUVpGeFluZ1puQTkxUU92bGNqMGVnQ1VydF9ybDA1cmN3S0pZQlM3MjlNM3pkTUJoWXdoMmlPeHJtOEhiYWRjR1M?oc=5\" target=\"_blank\" rel=\"noopener\">\u00ab\u00a0L&rsquo;autre c*nne\u00a0\u00bb : cette star du PAF insult\u00e9e devant chez elle, elle d\u00e9nonce harc\u00e8lement et sexisme<\/a>&nbsp;&nbsp;Yahoo Life France<\/li>\n<li><a href=\"https:\/\/news.google.com\/rss\/articles\/CBMi5gFBVV95cUxPR1pyd1BQZW5YdnJ1SjlkWjV1dUpwTE9DU2xRSFVCd2E0STJ6QTQtZXoySGFTUVpqelY4TmZnSWJJd2p5LXlEQm94cDE0MTYzMXo2RHJWOEJMbEYwa3J5RVRuQThVRWY1MmJvRUtUVWJZMnRnbmpOWGRuMWJQZE4zNllPNV9BZ2x0bWxYX0ZRcXpOTDhtVWh2ZDl2TERFQ0d6aFhndE84SVRXNmFNRl9qbHZCNEtWdVBoTWlNak1xV1pfdkRfMm5DUEViRlZzek1KTTNINzJPZEpJcWFKYXZmUVFHSmZmZw?oc=5\" target=\"_blank\" rel=\"noopener\">Laurence Boccolini atteinte d\u2019une tumeur inop\u00e9rable, sa vie chamboul\u00e9e : \u201cCela me pose quelques probl\u00e8mes\u2026\u201d<\/a>&nbsp;&nbsp;Gala<\/li>\n<li><a href=\"https:\/\/news.google.com\/rss\/articles\/CBMixwFBVV95cUxNeFdkZERNVW0wMWd3VGVkWVg2YXNCS3M2cFJBWG9TX21aNGtNRUxkWHo4a0FueXA1eGhOS1VyY3l5eDdjMHo1T1BNZnZJTzZveTZjUVpOTThscDJkUXh6TXBLcnhfb3RDMGpuM0xCekJnRTRKNmxXeE43N01mR24yUDY3cWNWZlZEb1dPRTRneXloV0dzLU1BOU44Tl9sSEZqbVFjWFpacXNPZ0dBcmJUaEFiN2RramVnQ0hwZmFzN1ZVd3VMRUln?oc=5\" target=\"_blank\" rel=\"noopener\">Laurence Boccolini, handicap\u00e9e par une tumeur : \u00ab\u00a0cela me pose quelques probl\u00e8mes\u00a0\u00bb<\/a>&nbsp;&nbsp;Journal des Femmes<\/li>\n<\/ol>\n","protected":false},"excerpt":{"rendered":"En couple avec un homme violent, Laurence Boccolini se livre : \u00ab\u00a0Je n&rsquo;ai pas mis les limites\u00a0\u00bb&nbsp;&nbsp;Melty \u00ab\u00a0Les&hellip;\n","protected":false},"author":2,"featured_media":88540,"comment_status":"","ping_status":"","sticky":false,"template":"","format":"standard","meta":{"footnotes":""},"categories":[1359],"tags":[905,58,59,1011,27,973],"class_list":{"0":"post-88539","1":"post","2":"type-post","3":"status-publish","4":"format-standard","5":"has-post-thumbnail","7":"category-people","8":"tag-a-la-une-melty","9":"tag-divertissement","10":"tag-entertainment","11":"tag-fr","12":"tag-france","13":"tag-people"},"share_on_mastodon":{"url":"https:\/\/pubeurope.com\/@fr\/114481783296187370","error":""},"_links":{"self":[{"href":"https:\/\/www.europesays.com\/fr\/wp-json\/wp\/v2\/posts\/88539","targetHints":{"allow":["GET"]}}],"collection":[{"href":"https:\/\/www.europesays.com\/fr\/wp-json\/wp\/v2\/posts"}],"about":[{"href":"https:\/\/www.europesays.com\/fr\/wp-json\/wp\/v2\/types\/post"}],"author":[{"embeddable":true,"href":"https:\/\/www.europesays.com\/fr\/wp-json\/wp\/v2\/users\/2"}],"replies":[{"embeddable":true,"href":"https:\/\/www.europesays.com\/fr\/wp-json\/wp\/v2\/comments?post=88539"}],"version-history":[{"count":0,"href":"https:\/\/www.europesays.com\/fr\/wp-json\/wp\/v2\/posts\/88539\/revisions"}],"wp:featuredmedia":[{"embeddable":true,"href":"https:\/\/www.europesays.com\/fr\/wp-json\/wp\/v2\/media\/88540"}],"wp:attachment":[{"href":"https:\/\/www.europesays.com\/fr\/wp-json\/wp\/v2\/media?parent=88539"}],"wp:term":[{"taxonomy":"category","embeddable":true,"href":"https:\/\/www.europesays.com\/fr\/wp-json\/wp\/v2\/categories?post=88539"},{"taxonomy":"post_tag","embeddable":true,"href":"https:\/\/www.europesays.com\/fr\/wp-json\/wp\/v2\/tags?post=88539"}],"curies":[{"name":"wp","href":"https:\/\/api.w.org\/{rel}","templated":true}]}}