{"id":885460,"date":"2026-04-22T13:28:24","date_gmt":"2026-04-22T13:28:24","guid":{"rendered":"https:\/\/www.europesays.com\/fr\/885460\/"},"modified":"2026-04-22T13:28:24","modified_gmt":"2026-04-22T13:28:24","slug":"strasbourg-nice-a-quelle-heure-et-sur-quelle-chaine-regarder-la-demi-finale-de-coupe-de-france","status":"publish","type":"post","link":"https:\/\/www.europesays.com\/fr\/885460\/","title":{"rendered":"Strasbourg &#8211; Nice\u00a0: \u00e0 quelle heure et sur quelle cha\u00eene regarder la Demi-finale de Coupe de France\u00a0?"},"content":{"rendered":"<p class=\"\"><a href=\"https:\/\/ad.doubleclick.net\/ddm\/trackclk\/N6600.145219.LEPARISIEN.FR\/B32944843.412602257;dc_trk_aid=604786717;dc_trk_cid=228480032;dc_lat=;dc_rdid=;tag_for_child_directed_treatment=;tfua=;gdpr=$%7BGDPR%7D;gdpr_consent=$%7BGDPR_CONSENT_755%7D;ltd=;dc_tdv=1\" target=\"_blank\" rel=\"sponsored nofollow noopener\">Ce mercredi 22 avril \u00e0 21h sur BeIN Sport<\/a>, la Meineau retrouvera les Strasbourgeois face aux Ni\u00e7ois, pour une demi-finale in\u00e9dite. Vingt-cinq ans apr\u00e8s sa derni\u00e8re demi-finale, Strasbourg retrouve le dernier carr\u00e9 d\u2019une Coupe de France qu\u2019on ne pr\u00e9sente plus. Vainqueur \u00e0 trois reprises de la comp\u00e9tition, avec six finales disput\u00e9es dans son histoire, le club alsacien nourrit de grandes ambitions cette saison. Annonc\u00e9s parmi les favoris au c\u00f4t\u00e9 du RC Lens, les Bleus devront faire face \u00e0 Nice, un adversaire de renom, habitu\u00e9 de cette comp\u00e9tition.<\/p>\n<p class=\"\">Les Strasbourgeois ont valid\u00e9 brillamment leur billet en battant Reims 2-1 lors d\u2019un quart de finale qui s\u2019est dessin\u00e9 en fin de rencontre. Ce retour dans le dernier carr\u00e9 de la CDF contraste avec un parcours en championnat plus tumultueux : lors de leur derni\u00e8re sortie en Ligue 1, les hommes de Gary O\u2019Neil se sont inclin\u00e9s \u00e0 domicile 3-0 contre Rennes, un revers qui largue encore plus les Strasbourgeois dans la course \u00e0 l\u2019Europe. Mais les grandes histoires de Coupe se nourrissent souvent de sursauts, et Strasbourg entend bien puiser dans sa jeunesse et dans la magie de son public pour \u00e9crire une nouvelle belle page de son histoire.<\/p>\n<p class=\"\">Pour Nice, la Coupe de France est \u00e9galement une histoire de passion. Les Aiglons, qui n\u2019avaient plus atteint ce stade de la comp\u00e9tition depuis 2022, ann\u00e9es ou ils sont m\u00eame all\u00e9s prendre ce troph\u00e9e dans les mains du tenant du titre Nantais. Les azur\u00e9ens esp\u00e8rent rallier une sixi\u00e8me finale, eux qui ont d\u00e9j\u00e0 soulev\u00e9 le troph\u00e9e par trois fois. En quart de finale, l\u2019OGC Nice est venu \u00e0 bout de Lorient, au terme d\u2019un match nul, sold\u00e9 par une victoire 6-5 aux tirs au but. Les hommes de Claude Puel ont montr\u00e9 qu\u2019ils savaient r\u00e9sister \u00e0 la pression et r\u00e9pondre pr\u00e9sents dans les moments cl\u00e9s. Leur dernier match de Ligue 1 s\u2019est lui aussi termin\u00e9 sur un score neutre, 0 &#8211; 0 face \u00e0 Lille, un manque de force devant.<\/p>\n<p class=\"\">Ce choc Strasbourg &#8211; Nice ne se limite pas \u00e0 une simple confrontation ; il incarne la promesse d\u2019une finale toujours historique au Stade de France, et d\u2019un r\u00eave partag\u00e9 par tous les supporters. Sur la pelouse, ce sont deux clubs historiques qui vont s\u2019affronter, deux \u00e9quipes aux trajectoires diff\u00e9rentes, et au pass\u00e9 fort.<\/p>\n<p class=\"\"><a href=\"https:\/\/ad.doubleclick.net\/ddm\/trackclk\/N6600.145219.LEPARISIEN.FR\/B32944843.412602257;dc_trk_aid=604786717;dc_trk_cid=228480032;dc_lat=;dc_rdid=;tag_for_child_directed_treatment=;tfua=;gdpr=$%7BGDPR%7D;gdpr_consent=$%7BGDPR_CONSENT_755%7D;ltd=;dc_tdv=1\" target=\"_blank\" rel=\"sponsored nofollow noopener\">Strasbourg &#8211; Nice c\u2019est \u00e0 ne pas manquer !<\/a><\/p>\n<p>Comment regarder la demi-finale Strasbourg &#8211; Nice ?<\/p>\n<p class=\"\"><a href=\"https:\/\/ad.doubleclick.net\/ddm\/trackclk\/N6600.145219.LEPARISIEN.FR\/B32944843.412602257;dc_trk_aid=604786717;dc_trk_cid=228480032;dc_lat=;dc_rdid=;tag_for_child_directed_treatment=;tfua=;gdpr=$%7BGDPR%7D;gdpr_consent=$%7BGDPR_CONSENT_755%7D;ltd=;dc_tdv=1\" target=\"_blank\" rel=\"sponsored nofollow noopener\">Le match Strasbourg &#8211; Nice sera diffus\u00e9 mercredi 22 avril \u00e0 21h00, en direct sur BeIN Sport.<\/a> La rencontre est aussi disponible en streaming via la plateforme du diffuseur, sur ordinateur, tablette, console et t\u00e9l\u00e9vision connect\u00e9e.<\/p>\n","protected":false},"excerpt":{"rendered":"Ce mercredi 22 avril \u00e0 21h sur BeIN Sport, la Meineau retrouvera les Strasbourgeois face aux Ni\u00e7ois, pour&hellip;\n","protected":false},"author":2,"featured_media":885461,"comment_status":"","ping_status":"","sticky":false,"template":"","format":"standard","meta":{"footnotes":"","_share_on_mastodon":"0"},"categories":[2820],"tags":[1111,11,1777,674,1011,27,775,749,12,25,640,6718],"class_list":["post-885460","post","type-post","status-publish","format-standard","has-post-thumbnail","category-strasbourg","tag-actu","tag-actualites","tag-eu","tag-europe","tag-fr","tag-france","tag-grand-est","tag-guide-shopping","tag-news","tag-republique-francaise","tag-strasbourg","tag-tv-streaming"],"share_on_mastodon":{"url":"https:\/\/pubeurope.com\/@fr\/116448598875869753","error":""},"_links":{"self":[{"href":"https:\/\/www.europesays.com\/fr\/wp-json\/wp\/v2\/posts\/885460","targetHints":{"allow":["GET"]}}],"collection":[{"href":"https:\/\/www.europesays.com\/fr\/wp-json\/wp\/v2\/posts"}],"about":[{"href":"https:\/\/www.europesays.com\/fr\/wp-json\/wp\/v2\/types\/post"}],"author":[{"embeddable":true,"href":"https:\/\/www.europesays.com\/fr\/wp-json\/wp\/v2\/users\/2"}],"replies":[{"embeddable":true,"href":"https:\/\/www.europesays.com\/fr\/wp-json\/wp\/v2\/comments?post=885460"}],"version-history":[{"count":0,"href":"https:\/\/www.europesays.com\/fr\/wp-json\/wp\/v2\/posts\/885460\/revisions"}],"wp:featuredmedia":[{"embeddable":true,"href":"https:\/\/www.europesays.com\/fr\/wp-json\/wp\/v2\/media\/885461"}],"wp:attachment":[{"href":"https:\/\/www.europesays.com\/fr\/wp-json\/wp\/v2\/media?parent=885460"}],"wp:term":[{"taxonomy":"category","embeddable":true,"href":"https:\/\/www.europesays.com\/fr\/wp-json\/wp\/v2\/categories?post=885460"},{"taxonomy":"post_tag","embeddable":true,"href":"https:\/\/www.europesays.com\/fr\/wp-json\/wp\/v2\/tags?post=885460"}],"curies":[{"name":"wp","href":"https:\/\/api.w.org\/{rel}","templated":true}]}}